{"id":10419,"date":"2019-05-08T16:49:15","date_gmt":"2019-05-08T14:49:15","guid":{"rendered":"https:\/\/szegederarchivum.hu\/?p=10419"},"modified":"2019-05-08T20:08:08","modified_gmt":"2019-05-08T18:08:08","slug":"felvonatoztunk-budapestre-es-hirtelen-1976-lett","status":"publish","type":"post","link":"https:\/\/szegederarchivum.hu\/en\/felvonatoztunk-budapestre-es-hirtelen-1976-lett\/","title":{"rendered":"Felvonatoztunk Budapestre \u00e9s hirtelen 1976 lett"},"content":{"rendered":"<p><!--more--><\/p>\n<p>\u00daj sorozatot ind\u00edtunk a Szegederen <em>Magyarorsz\u00e1g, j\u00f6v\u00fcnk!<\/em> c\u00edmmel, melyen mind t\u00e9rben, mind id\u0151ben utazunk a Fortepan seg\u00edts\u00e9g\u00e9vel. Nem is kell ezt t\u00fal magyar\u00e1zni, a legjobb ha r\u00f6gvest belekezd\u00fcnk. Els\u0151 alkalommal a f\u0151v\u00e1rosba utazunk egy vill\u00e1ml\u00e1togat\u00e1sra, megn\u00e9zz\u00fcnk p\u00e1r l\u00e1tnival\u00f3t majd indulunk is vissza haza, term\u00e9szetesen vonattal. Ami viszont nem megszokott tal\u00e1n, hogy nem csak 190 kilom\u00e9tert fogunk z\u00f6ty\u00f6gni egy vas\u00fati kocsi m\u0171b\u0151r\u00fcl\u00e9ses f\u00fclk\u00e9j\u00e9ben, hanem egyben megtesz\u00fcnk 43 \u00e9vet is visszafel\u00e9.<\/p>\n<p>De milyen is volt Budapest 1976-ban? A helysz\u00ednek ugyanazok, az \u00e9p\u00fcletek mit sem v\u00e1ltoztak, minden m\u00e1s viszont hatalmas \u00e1talakul\u00e1son ment \u00e1t, azaz visszaalakul\u00e1son, ha a m\u00e1b\u00f3l n\u00e9zz\u00fck. El\u0151sz\u00f6r is mindennek fura alakja van mai szemmel, \u00e9s nem csak a kiss\u00e9 elvont hetvenes \u00e9vek miatt, hanem mert m\u00e9g b\u0151ven megtal\u00e1lhat\u00f3k a sz\u00e1zad k\u00f6zep\u00e9r\u0151l, vagy m\u00e9g kor\u00e1bbr\u00f3l visszamaradt relikvi\u00e1k, amik m\u00e1ra m\u00e1r elt\u0171ntek. Ilyen az a n\u00e9h\u00e1ny r\u00e9gebbi aut\u00f3, vagy ak\u00e1rcsak egy-egy koros utcab\u00fator. \u00c9rdemes nyitott szemmel j\u00e1rni.<\/p>\n<p>&nbsp;<\/p>\n<figure style=\"width: 1017px\" class=\"wp-caption aligncenter\"><img decoding=\"async\" loading=\"lazy\" src=\"https:\/\/live.staticflickr.com\/65535\/46970737114_1e8e4a8078_k.jpg\" alt=\"\" width=\"1017\" height=\"849\" \/><figcaption class=\"wp-caption-text\">M\u00e1r a Nyugatiban elkap a nagyv\u00e1rosi forg\u00e1s, f\u0151v\u00e1rosunk tagadhatatlan metropolisz m\u00e1r vagy egy \u00e9vsz\u00e1zada, most sincs ez m\u00e1sk\u00e9pp. Az Utasell\u00e1t\u00f3b\u00f3l szerezhet\u00fcnk szendvicseket, de van Pepsi Cola is. Fot\u00f3: Bauer S\u00e1ndor \/ Fortepan<\/figcaption><\/figure>\n<p>&nbsp;<\/p>\n<figure style=\"width: 2048px\" class=\"wp-caption alignnone\"><img decoding=\"async\" loading=\"lazy\" class=\"\" src=\"https:\/\/live.staticflickr.com\/65535\/40793599653_6f0b859720_k.jpg\" alt=\"\" width=\"2048\" height=\"1260\" \/><figcaption class=\"wp-caption-text\">A pestiek sosem v\u00e1ltoznak, \u00e1tfutkosnak a piroson, csakhogy el\u00e9rj\u00e9k a tuj\u00e1t, csak egy rend\u0151r meg ne l\u00e1ssa! Oda se n\u00e9z\u00fcnk, indulunk is tov\u00e1bb. Fot\u00f3: Magyar Rend\u0151r \/ Fortepan<\/figcaption><\/figure>\n<p>&nbsp;<\/p>\n<figure style=\"width: 955px\" class=\"wp-caption aligncenter\"><img decoding=\"async\" loading=\"lazy\" src=\"https:\/\/live.staticflickr.com\/65535\/40793606273_7d45b37e46_k.jpg\" alt=\"\" width=\"955\" height=\"850\" \/><figcaption class=\"wp-caption-text\">A h\u00edres vas\u00fat\u00e1llom\u00e1s, el\u0151tte forgalmi k\u00e1osz. B\u00e1rcsak lenne itt egy fel\u00fcl- vagy alulj\u00e1r\u00f3! Fot\u00f3: UVATERV \/ Fortepan<\/figcaption><\/figure>\n<p>&nbsp;<\/p>\n<figure style=\"width: 2048px\" class=\"wp-caption alignnone\"><img decoding=\"async\" loading=\"lazy\" src=\"https:\/\/live.staticflickr.com\/65535\/46970737404_94c9a72eab_k.jpg\" alt=\"\" width=\"2048\" height=\"1259\" \/><figcaption class=\"wp-caption-text\">N\u00e9zzenek oda, ilyet se s\u0171r\u0171n l\u00e1tni Szegeden! T\u00f6k\u00e9letesen harmoniz\u00e1l a dobsz\u00f3 a Ter\u00e9z k\u00f6r\u00fat zaj\u00e1val. Fot\u00f3: Urb\u00e1n Tam\u00e1s \/ Fortepan<\/figcaption><\/figure>\n<p>&nbsp;<\/p>\n<figure style=\"width: 2048px\" class=\"wp-caption alignnone\"><img decoding=\"async\" loading=\"lazy\" src=\"https:\/\/live.staticflickr.com\/65535\/40793600333_3de06f39c6_k.jpg\" alt=\"\" width=\"2048\" height=\"1264\" \/><figcaption class=\"wp-caption-text\">A v\u00e1ros polg\u00e1rmestere most az \u00fajpesti sz\u00fclet\u00e9s\u0171 Sz\u00e9pv\u00f6lgyi Zolt\u00e1n, a kisf\u00f6ldalattit nemr\u00e9g hosszabb\u00edtott\u00e1k meg, \u00e9s m\u00e1r az \u00faj, s\u00e1rga csukl\u00f3s metr\u00f3k j\u00e1rnak rajta. Itt \u00e9pp a November 7. t\u00e9ren j\u00e1runk, amit r\u00e9gebben Oktogonnak h\u00edvtak. Fot\u00f3: Magyar Rend\u0151r \/ Fortepan<\/figcaption><\/figure>\n<p>&nbsp;<\/p>\n<figure style=\"width: 2048px\" class=\"wp-caption alignnone\"><img decoding=\"async\" loading=\"lazy\" src=\"https:\/\/live.staticflickr.com\/65535\/46970737924_968699902e_k.jpg\" alt=\"\" width=\"2048\" height=\"1310\" \/><figcaption class=\"wp-caption-text\">Ell\u00e1togattunk term\u00e9szetesen a H\u0151s\u00f6k ter\u00e9re is, ahol \u00e9pp egy iskol\u00e1scsoport f\u00e9nyk\u00e9pezkedett a Sz\u00e9pm\u0171v\u00e9szeti el\u0151tt. Fot\u00f3: Bar\u00e1th Endre \/ Fortepan<\/figcaption><\/figure>\n<p>&nbsp;<\/p>\n<!-- Error, Advert is not available at this time due to schedule\/geolocation restrictions! -->\n<p>&nbsp;<\/p>\n<figure style=\"width: 2048px\" class=\"wp-caption alignnone\"><img decoding=\"async\" loading=\"lazy\" src=\"https:\/\/live.staticflickr.com\/65535\/46970739754_924b2db873_k.jpg\" alt=\"\" width=\"2048\" height=\"1283\" \/><figcaption class=\"wp-caption-text\">H\u0151s\u00f6k tere, szobrok, buszok. Fot\u00f3: Lencse Zolt\u00e1n \/ Fortepan<\/figcaption><\/figure>\n<p>&nbsp;<\/p>\n<figure style=\"width: 2048px\" class=\"wp-caption alignnone\"><img decoding=\"async\" loading=\"lazy\" src=\"https:\/\/live.staticflickr.com\/65535\/46970738874_2a3fb49aae_k.jpg\" alt=\"\" width=\"2048\" height=\"1325\" \/><figcaption class=\"wp-caption-text\">Az 1849-re fel\u00e9p\u00fclt L\u00e1nch\u00edd, melyet a h\u00e1bor\u00faban felrobbantottak, de \u00e1tad\u00e1s\u00e1nak sz\u00e1zadik \u00e9vfordul\u00f3j\u00e1n, huszonh\u00e9t \u00e9ve \u00fajra fel\u00e9p\u00edtettek \u00e9s ism\u00e9t maguk\u00e9nak \u00e9rezhetik a pestiek \u00e9s a budaiak. Fot\u00f3: Gali \/ Fortepan<\/figcaption><\/figure>\n<p>&nbsp;<\/p>\n<figure style=\"width: 2048px\" class=\"wp-caption alignnone\"><img decoding=\"async\" loading=\"lazy\" src=\"https:\/\/live.staticflickr.com\/65535\/40793604583_9b0013333f_k.jpg\" alt=\"\" width=\"2048\" height=\"1331\" \/><figcaption class=\"wp-caption-text\">Mintha fej\u00fck tetej\u00e9re \u00e1ll\u00edtott cs\u00fcng\u0151 gomb\u00e1k lenn\u00e9nek, olyanok a metr\u00f3 l\u00e1mp\u00e1i. P\u00e1r \u00e9ve k\u00e9sz\u00fclt el az els\u0151 igazi metr\u00f3vonal, itt \u00e9pp a De\u00e1k Ferenc t\u00e9ren j\u00e1runk. Azt mondj\u00e1k, p\u00e1r h\u00f3nap \u00e9s elk\u00e9sz\u00fcl a k\u00f6vetkez\u0151. Fot\u00f3: Szepesfalvy G\u00e1bor \/ Fortepan<\/figcaption><\/figure>\n<p>&nbsp;<\/p>\n<figure style=\"width: 2048px\" class=\"wp-caption alignnone\"><img decoding=\"async\" loading=\"lazy\" src=\"https:\/\/live.staticflickr.com\/65535\/32816502317_78c62afa71_k.jpg\" alt=\"\" width=\"2048\" height=\"1413\" \/><figcaption class=\"wp-caption-text\">Eb\u00e9delni a Berlin \u00f6nkiszolg\u00e1l\u00f3 \u00e9tterembe t\u00e9r\u00fcnk be. Fot\u00f3: Bauer S\u00e1ndor \/ Fortepan<\/figcaption><\/figure>\n<p>&nbsp;<\/p>\n<figure style=\"width: 793px\" class=\"wp-caption aligncenter\"><img decoding=\"async\" loading=\"lazy\" class=\"\" src=\"https:\/\/live.staticflickr.com\/65535\/40793602113_d4d536776b_k.jpg\" alt=\"\" width=\"793\" height=\"849\" \/><figcaption class=\"wp-caption-text\">Egy utols\u00f3 s\u00e9ta Pest utc\u00e1in, h\u00e1tt\u00e9rben a Szabads\u00e1g t\u00e9rrel. Fot\u00f3: Magyar Rend\u0151r \/ Fortepan<\/figcaption><\/figure>\n<p>&nbsp;<\/p>\n<figure style=\"width: 1013px\" class=\"wp-caption aligncenter\"><img decoding=\"async\" loading=\"lazy\" class=\"\" src=\"https:\/\/live.staticflickr.com\/65535\/46970740244_2b167462a2_k.jpg\" alt=\"\" width=\"1013\" height=\"850\" \/><figcaption class=\"wp-caption-text\">\u00c9s vissza a Nyugati p\u00e1lyaudvarra. Viszl\u00e1t Budapest! Fot\u00f3: UVATERV \/ Fortepan<\/figcaption><\/figure>\n<p>&nbsp;<\/p>\n<p>Rem\u00e9lj\u00fck tetszett r\u00f6vid kalandoz\u00e1sunk Budapesten. Mondj\u00e1tok meg ti, legk\u00f6zelebb hov\u00e1 \u00e9s hogyan utazzunk el! Aut\u00f3zzunk le (vagyis fel) a Balcsira a 60-as \u00e9vekben, esetleg n\u00e9zz\u00fck meg Kass\u00e1t a m\u00e1sodik vil\u00e1gh\u00e1bor\u00fa el\u0151tt k\u00f6zvetlen? Vagy mit sz\u00f3ltok egy vid\u00e9ki l\u00e1togat\u00e1shoz ak\u00e1r a Zempl\u00e9nbe? \u00cdrj\u00e1tok meg al\u00e1bb!<\/p>\n<p>&nbsp;<\/p>\n\n<div class=\"wpcf7 no-js\" id=\"wpcf7-f11204-o1\" lang=\"en-US\" dir=\"ltr\">\n<div class=\"screen-reader-response\"><p role=\"status\" aria-live=\"polite\" aria-atomic=\"true\"><\/p> <ul><\/ul><\/div>\n<form action=\"\/en\/wp-json\/wp\/v2\/posts\/10419#wpcf7-f11204-o1\" method=\"post\" class=\"wpcf7-form init\" aria-label=\"Contact form\" novalidate=\"novalidate\" data-status=\"init\" data-trp-original-action=\"\/en\/wp-json\/wp\/v2\/posts\/10419#wpcf7-f11204-o1\">\n<div style=\"display: none;\">\n<input type=\"hidden\" name=\"_wpcf7\" value=\"11204\" \/>\n<input type=\"hidden\" name=\"_wpcf7_version\" value=\"5.8.3\" \/>\n<input type=\"hidden\" name=\"_wpcf7_locale\" value=\"en_US\" \/>\n<input type=\"hidden\" name=\"_wpcf7_unit_tag\" value=\"wpcf7-f11204-o1\" \/>\n<input type=\"hidden\" name=\"_wpcf7_container_post\" value=\"0\" \/>\n<input type=\"hidden\" name=\"_wpcf7_posted_data_hash\" value=\"\" \/>\n<\/div>\n<p><label> Hov\u00e1 \u00e9s mely korba utazzunk legk\u00f6zelebb?<br \/>\n<span class=\"wpcf7-form-control-wrap\" data-name=\"your-message\"><textarea cols=\"40\" rows=\"10\" class=\"wpcf7-form-control wpcf7-textarea\" aria-invalid=\"false\" name=\"your-message\"><\/textarea><\/span> <\/label>\n<\/p>\n<p><input class=\"wpcf7-form-control wpcf7-submit has-spinner\" type=\"submit\" value=\"Gyer\u00fcnk!\" \/>\n<\/p><div class=\"wpcf7-response-output\" aria-hidden=\"true\"><\/div>\n<input type=\"hidden\" name=\"trp-form-language\" value=\"en\"\/><\/form>\n<\/div>","protected":false},"excerpt":{"rendered":"","protected":false},"author":1,"featured_media":11147,"comment_status":"closed","ping_status":"closed","sticky":false,"template":"","format":"standard","meta":{"_seopress_robots_primary_cat":"none"},"categories":[981],"tags":[239,90,1154],"acf":[],"amp_enabled":true,"_links":{"self":[{"href":"https:\/\/szegederarchivum.hu\/en\/wp-json\/wp\/v2\/posts\/10419"}],"collection":[{"href":"https:\/\/szegederarchivum.hu\/en\/wp-json\/wp\/v2\/posts"}],"about":[{"href":"https:\/\/szegederarchivum.hu\/en\/wp-json\/wp\/v2\/types\/post"}],"author":[{"embeddable":true,"href":"https:\/\/szegederarchivum.hu\/en\/wp-json\/wp\/v2\/users\/1"}],"replies":[{"embeddable":true,"href":"https:\/\/szegederarchivum.hu\/en\/wp-json\/wp\/v2\/comments?post=10419"}],"version-history":[{"count":26,"href":"https:\/\/szegederarchivum.hu\/en\/wp-json\/wp\/v2\/posts\/10419\/revisions"}],"predecessor-version":[{"id":11206,"href":"https:\/\/szegederarchivum.hu\/en\/wp-json\/wp\/v2\/posts\/10419\/revisions\/11206"}],"wp:featuredmedia":[{"embeddable":true,"href":"https:\/\/szegederarchivum.hu\/en\/wp-json\/wp\/v2\/media\/11147"}],"wp:attachment":[{"href":"https:\/\/szegederarchivum.hu\/en\/wp-json\/wp\/v2\/media?parent=10419"}],"wp:term":[{"taxonomy":"category","embeddable":true,"href":"https:\/\/szegederarchivum.hu\/en\/wp-json\/wp\/v2\/categories?post=10419"},{"taxonomy":"post_tag","embeddable":true,"href":"https:\/\/szegederarchivum.hu\/en\/wp-json\/wp\/v2\/tags?post=10419"}],"curies":[{"name":"wp","href":"https:\/\/api.w.org\/{rel}","templated":true}]}}