{"id":11640,"date":"2019-05-12T11:53:54","date_gmt":"2019-05-12T09:53:54","guid":{"rendered":"https:\/\/szegederarchivum.hu\/?p=11640"},"modified":"2019-05-12T11:53:54","modified_gmt":"2019-05-12T09:53:54","slug":"a-bertalan-hidon-igazabol-az-a-szabalyos-ha-az-uton-biciklizunk","status":"publish","type":"post","link":"https:\/\/szegederarchivum.hu\/en\/a-bertalan-hidon-igazabol-az-a-szabalyos-ha-az-uton-biciklizunk\/","title":{"rendered":"A Bertalan h\u00eddon igaz\u00e1b\u00f3l az a szab\u00e1lyos, ha az \u00faton bicikliz\u00fcnk"},"content":{"rendered":"<p><!--more--><\/p>\n<p><img decoding=\"async\" src=\"https:\/\/live.staticflickr.com\/65535\/47779088802_e6c13d7318_b.jpg\" \/><\/p>\n<p><strong>Sok\u00e9ves rejt\u00e9ly Szegeden, hogy az \u00faj h\u00eddon pontosan hogyan is kell ker\u00e9kp\u00e1rozni, ha szab\u00e1lyos szeretne lenni az ember. De t\u00e9nyleg, hogyan?<\/strong><\/p>\n<p>A k\u00e9rd\u00e9s az\u00e9rt lett \u00fajra el\u0151v\u00e9ve, mert az \u00e1tkel\u0151n most <a href=\"https:\/\/szegederarchivum.hu\/matol-harom-honapon-at-korlatozzak-a-forgalmat-a-bertalan-hidon\/\" target=\"_blank\" rel=\"noopener noreferrer\">kisebb munk\u00e1latok zajlanak<\/a> s\u00e1velz\u00e1r\u00e1ssal, \u00e9s az \u00e9szaki j\u00e1rda teljes lez\u00e1r\u00e1s\u00e1val. Innent\u0151l kezdve az \u00f6sszes gyalogos \u00e9s ker\u00e9kp\u00e1ros a m\u00e1sik j\u00e1rd\u00e1n k\u00e9nytelen \u00f6mlengeni. A <a href=\"https:\/\/www.delmagyar.hu\/szeged_hirek\/se_kerekparut_se_kijelolt_kerekparsav_nem_tudjak_a_bringasok_mi_a_szabaly_a_bertalan_hidon\/2596589\/\" target=\"_blank\" rel=\"noopener noreferrer\">D\u00e9lmagyar<\/a> most a rend\u0151rs\u00e9ghez \u00e9s az utat fenntart\u00f3 Magyar K\u00f6z\u00fathoz fordult, hogy kider\u00edtse, ez szab\u00e1lyos-e, vagy ha nem, akkor hogyan lehet \u00e1tjutni bring\u00e1val.<\/p>\n<blockquote><p>Rend\u0151rs\u00e9g: \u201eA k\u00f6z\u00fati jelz\u0151t\u00e1bla l\u00e1that\u00f3an tiltja, hogy ker\u00e9kp\u00e1rral haszn\u00e1lj\u00e1k az \u00e9rintett j\u00e1rdaszakaszt, mint ahogy a t\u00e1j\u00e9koztat\u00e1s szerint a gyalogosk\u00f6zleked\u00e9st is a m\u00e1sik oldalon lev\u0151 j\u00e1rd\u00e1ra ir\u00e1ny\u00edtja.&#8221;<\/p>\n<p>Magyar K\u00f6z\u00fat: \u201eA h\u00eddon csak gyalogosforgalmi l\u00e9tes\u00edtm\u00e9ny van, sem ker\u00e9kp\u00e1r\u00fat, sem kijel\u00f6lt ker\u00e9kp\u00e1rs\u00e1v nem tal\u00e1lhat\u00f3 rajta. A jelenlegi sz\u00e9less\u00e9g a k\u00f6zvil\u00e1g\u00edt\u00e1si oszlopok \u00e1thelyez\u00e9s\u00e9vel sem teszi lehet\u0151v\u00e9 a j\u00e1rd\u00e1n ker\u00e9kp\u00e1ros \u201el\u00e9tes\u00edtm\u00e9ny&#8221; kialak\u00edt\u00e1s\u00e1t.&#8221;<\/p><\/blockquote>\n<!-- Error, Advert is not available at this time due to schedule\/geolocation restrictions! -->\n<p>&nbsp;<\/p>\n<p>Az igazs\u00e1g az, hogy a h\u00edd egy olyan korb\u00f3l maradt r\u00e1nk, amikor enyh\u00e9n sz\u00f3lva tojtak minden k\u00f6zleked\u00e9si m\u00f3dra, ami nem \u00f6mleszt mag\u00e1b\u00f3l f\u00fcst\u00f6t, \u00edgy ker\u00e9kp\u00e1ros infrastrukt\u00far\u00e1nak nem szor\u00edtottak helyet anno. A v\u00e1laszokb\u00f3l azt lehet kih\u00e1mozni, hogy a h\u00eddon a j\u00e1rd\u00e1n nem szabad ker\u00e9kp\u00e1rozni, az azonban nem der\u00fclt ki, hogy akkor hol. Elm\u00e9letileg az \u00faton szabadna, hiszen olyan f\u0151\u00fatvonalr\u00f3l besz\u00e9l\u00fcnk, mellyel nem fut p\u00e1rhuzamos ker\u00e9kp\u00e1r\u00fat, illetve tiltva sincs a kerekez\u00e9s. Ez teh\u00e1t olyan, mint a k\u00f6r\u00fat n\u00e9h\u00e1ny m\u00e1sik szakasza, ahol k\u00fcl\u00f6n nincs kilt a tilt\u00f3 t\u00e1bla. Csakhogy am\u00edg ott elf\u00e9r egym\u00e1s mellett aut\u00f3s \u00e9s biciklis (sz\u00e9lesebb a s\u00e1v, \u00e9s mellette sem korl\u00e1t van padk\u00e1val, hanem parkol\u00f3s\u00e1v, vagy forgalom el\u0151l elz\u00e1rt, de aszfaltozott ter\u00fcletek), addig itt l\u00e9nyeg\u00e9ben ha a biciklist valaki esetleg leszor\u00edtan\u00e1 ak\u00e1r figyelmetlens\u00e9gb\u0151l, az nem tud hov\u00e1 menek\u00fclni, \u00edgy mindent \u00f6sszegezve pedig kijelenthet\u0151, hogy<\/p>\n<h4 style=\"padding-left: 40px;\">az \u00fattesten egy r\u00e9szleges \u00f6ngyilkoss\u00e1ggal \u00e9r fel, ha valaki biciklizni mer.<\/h4>\n<p>&nbsp;<\/p>\n<h2><strong>Hi\u00e1ba \u00e9letvesz\u00e9lyes, ha szab\u00e1lyos<\/strong><\/h2>\n<p>&nbsp;<\/p>\n<p>Itt azonban nincs v\u00e9ge a dolognak, hiszen a k\u00e9rd\u00e9sben felsz\u00f3lalt a <a href=\"https:\/\/www.facebook.com\/151552218240438\/posts\/2298825133513125\/\" target=\"_blank\" rel=\"noopener noreferrer\">Magyar Ker\u00e9kp\u00e1rosklub szegedi egys\u00e9ge<\/a> is, pontot t\u00e9ve a k\u00e9rd\u00e9sre.<\/p>\n<blockquote><p>\u201ea KRESZ 25. \u00a7 (2) bekezd\u00e9se \u00e9s 54. \u00a7 (1) bekezd\u00e9se teljesen egy\u00e9rtelm\u0171en meghat\u00e1rozza, hogy ker\u00e9kp\u00e1rral hogyan kell k\u00f6zlekedni. Eszerint a Bertalan h\u00eddon az \u00fattesten, annak menetir\u00e1ny szerinti jobb oldal\u00e1n, az \u00fat- \u00e9s forgalmi viszonyok szerint lehets\u00e9ges m\u00e9rt\u00e9kben jobbra tartva kell k\u00f6zlekedni.&#8221;<\/p><\/blockquote>\n<p>Azt persze mindenki l\u00e1tja, hogy ez \u00edgy el\u00e9g vesz\u00e9lyes, hiszen a nagy aut\u00f3forgalom nem k\u00f6nny\u00edti meg az \u00e1tkel\u00e9st, a ker\u00e9kp\u00e1rosklub helyi egys\u00e9g\u00e9nek szavaival \u00e9lve \u201eaz \u00fattesten halad\u00f3 egy\u00e9bk\u00e9nt is jelent\u0151s forgalomban r\u00e9sztvev\u0151 g\u00e9pj\u00e1rm\u0171vezet\u0151k k\u00f6z\u00fcl n\u00e9h\u00e1nyan s\u00e9relmezik a ker\u00e9kp\u00e1roz\u00f3k szab\u00e1lyos jelenl\u00e9t\u00e9t az \u00fattesten, \u00e9s \u00f6nb\u00edr\u00e1skod\u00f3 m\u00f3don dud\u00e1l\u00e1ssal, mutogat\u00e1ssal, illetve vesz\u00e9lyeztet\u0151 man\u0151verekkel igyekeznek megf\u00e9leml\u00edteni a bicikliseket&#8221;.<\/p>\n<p>Ez teh\u00e1t a helyzet, szab\u00e1lyosan az \u00faton kellene tekerni, ott viszont teljes m\u00e9rt\u00e9kben lehetetlen, \u00e9s val\u00f3sz\u00edn\u0171leg az is marad, hiszen egyhamar nem lehet olyan nagy beruh\u00e1z\u00e1sokra sz\u00e1m\u00edtani, amiben ak\u00e1r kisz\u00e9les\u00edten\u00e9k az \u00e1tkel\u0151t, vagy m\u00e1s, kompromisszumos megold\u00e1st sz\u00fclethetne. P\u00e9ld\u00e1nak m\u00e9g t\u00f6k\u00e9letes a budapesti Margit h\u00edd, ahol b\u00e1r van a j\u00e1rd\u00e1n kijel\u00f6lt ker\u00e9kp\u00e1r\u00fat, p\u00e1r \u00e9vvel ezel\u0151tt az \u00fatra is felfestett\u00e9k a biciklis nyomokat, melyb\u0151l egy igen vad h\u00e1bor\u00fa alakult ki a h\u00eddon \u00e1tkel\u0151 aut\u00f3sok \u00e9s biciklisek k\u00f6z\u00f6tt.<\/p>\n<p>&nbsp;<\/p>\n<p><em>Nyit\u00f3k\u00e9p: Karnok Csaba \/ D\u00e9lmagyar<\/em><\/p>","protected":false},"excerpt":{"rendered":"","protected":false},"author":1,"featured_media":11654,"comment_status":"closed","ping_status":"closed","sticky":false,"template":"","format":"standard","meta":{"_seopress_robots_primary_cat":"none"},"categories":[4],"tags":[13,71,17],"acf":[],"amp_enabled":true,"_links":{"self":[{"href":"https:\/\/szegederarchivum.hu\/en\/wp-json\/wp\/v2\/posts\/11640"}],"collection":[{"href":"https:\/\/szegederarchivum.hu\/en\/wp-json\/wp\/v2\/posts"}],"about":[{"href":"https:\/\/szegederarchivum.hu\/en\/wp-json\/wp\/v2\/types\/post"}],"author":[{"embeddable":true,"href":"https:\/\/szegederarchivum.hu\/en\/wp-json\/wp\/v2\/users\/1"}],"replies":[{"embeddable":true,"href":"https:\/\/szegederarchivum.hu\/en\/wp-json\/wp\/v2\/comments?post=11640"}],"version-history":[{"count":8,"href":"https:\/\/szegederarchivum.hu\/en\/wp-json\/wp\/v2\/posts\/11640\/revisions"}],"predecessor-version":[{"id":11656,"href":"https:\/\/szegederarchivum.hu\/en\/wp-json\/wp\/v2\/posts\/11640\/revisions\/11656"}],"wp:featuredmedia":[{"embeddable":true,"href":"https:\/\/szegederarchivum.hu\/en\/wp-json\/wp\/v2\/media\/11654"}],"wp:attachment":[{"href":"https:\/\/szegederarchivum.hu\/en\/wp-json\/wp\/v2\/media?parent=11640"}],"wp:term":[{"taxonomy":"category","embeddable":true,"href":"https:\/\/szegederarchivum.hu\/en\/wp-json\/wp\/v2\/categories?post=11640"},{"taxonomy":"post_tag","embeddable":true,"href":"https:\/\/szegederarchivum.hu\/en\/wp-json\/wp\/v2\/tags?post=11640"}],"curies":[{"name":"wp","href":"https:\/\/api.w.org\/{rel}","templated":true}]}}