{"id":14626,"date":"2019-06-13T09:06:01","date_gmt":"2019-06-13T07:06:01","guid":{"rendered":"https:\/\/szegederarchivum.hu\/?p=14626"},"modified":"2019-06-13T09:06:17","modified_gmt":"2019-06-13T07:06:17","slug":"mar-a-be-nem-kotott-oveket-is-kiszurja-a-veda","status":"publish","type":"post","link":"https:\/\/szegederarchivum.hu\/en\/mar-a-be-nem-kotott-oveket-is-kiszurja-a-veda\/","title":{"rendered":"M\u00e1r a be nem k\u00f6t\u00f6tt \u00f6veket is kisz\u00farja a V\u00e9da"},"content":{"rendered":"<p><img decoding=\"async\" src=\"https:\/\/live.staticflickr.com\/65535\/48053774306_174eb90437_h.jpg\" \/><\/p>\n<p><strong>Imm\u00e1ron t\u00f6bb, mint h\u00e1rom \u00e9ve m\u0171k\u00f6dnek Magyarorsz\u00e1gon a V\u00e9da K\u00f6z\u00fati Intelligens Kamerah\u00e1l\u00f3zat oszlopai, melyekkel els\u0151sorban a gyorshajt\u00f3kat sz\u0171rik ki, de indul\u00e1skor olyan szuper funkci\u00f3kat is beharangoztak hozz\u00e1, mint p\u00e9ld\u00e1ul a biztons\u00e1gi \u00f6v n\u00e9lk\u00fcl vezet\u00e9s felismer\u00e9se. Csakhogy a V\u00e9d\u00e1k a mai napig erre nem voltak k\u00e9pesek.<\/strong><\/p>\n<p>Most <a href=\"https:\/\/jogmagazin.hu\/2019\/06\/12\/veda-rendszer-elesben-mukodik-a-biztonsagi-ov-figyelese\/\" target=\"_blank\" rel=\"noopener noreferrer\">der\u00fclt f\u00e9ny r\u00e1<\/a>, hogy ezent\u00fal m\u00e1r a bek\u00f6t\u00f6tt \u00f6v n\u00e9lk\u00fcl kocsiz\u00f3kat is \u00e9szleli a rendszer, de &#8211; ellenben a gyorshajt\u00e1ssal &#8211; ez esetben csak akkor kapunk b\u00fcntet\u00e9st, ha az illet\u00e9kes rend\u0151rkapit\u00e1nys\u00e1gon lefolyt az elj\u00e1r\u00e1s.<\/p>\n<p>A rend\u0151rs\u00e9g az \u00fcggyel kapcsolatban azt \u00edrta, hogy a biztons\u00e1gi \u00f6v haszn\u00e1lat\u00e1ra vonatkoz\u00f3 szab\u00e1lyok megtart\u00e1s\u00e1nak ellen\u0151rz\u00e9s\u00e9re kifejlesztett funkci\u00f3t jelenleg m\u00e1r \u00e9lesben alkalmazza. Arra ugyanakkor nem tudtak v\u00e1laszt adni, hogy a tesztel\u00e9s alatt milyen sikerrel t\u00f6rt\u00e9nt az esetek felismer\u00e9se a rendszernek.<\/p>\n<p>\u201eA biztons\u00e1gi \u00f6v haszn\u00e1lat\u00e1nak elmulaszt\u00e1s\u00e1r\u00f3l k\u00e9sz\u00fcl\u0151 k\u00e9pi dokument\u00e1ci\u00f3 nemcsak automatiz\u00e1lt m\u00f3don ker\u00fcl ki\u00e9rt\u00e9kel\u00e9sre, hanem minden esetben az elj\u00e1r\u00e1s lefolytat\u00e1s\u00e1ra illet\u00e9kes hat\u00f3s\u00e1g is \u00e9rt\u00e9keli, \u00edgy a lefolytatott elj\u00e1r\u00e1sban a jogs\u00e9rt\u00e9s t\u00e9nye 100%-osan bizony\u00edthat\u00f3\u201d &#8211; hangs\u00falyozta a rend\u0151rs\u00e9g.<\/p>\n<p>Az \u00f6v nem haszn\u00e1lata egy\u00e9bk\u00e9nt szab\u00e1lys\u00e9rt\u00e9snek min\u0151s\u00fcl, melyet 10-20 ezer forint k\u00f6z\u00f6tt \u00e9rt\u00e9kelnek a hat\u00f3s\u00e1gok, f\u00fcgg\u0151en att\u00f3l, hogy lakott ter\u00fcleten k\u00edv\u00fcl, bel\u00fcl vagy \u00e9pp aut\u00f3p\u00e1ly\u00e1n k\u00f6vetj\u00fck el.<\/p>\n<p>\u00c9s b\u00e1r sokan az\u00e9rt nem haszn\u00e1lnak \u00f6vet, mert azt gondolj\u00e1k, hogy ezzel legfeljebb a saj\u00e1t \u00e9let\u00fcket teszik kock\u00e1ra, fontos kihangs\u00falyozni, hogy egy esetleges baleset eset\u00e9n <span class=\"su-highlight\" style=\"background:#000000;color:#ffffff\">&nbsp;ha nem vagyunk bek\u00f6tve, akkor el\u0151fordulhat, hogy olyan s\u00e9r\u00fcl\u00e9seket szenved\u00fcnk, melyek megg\u00e1tolnak abban, hogy seg\u00edteni tudjunk a baleset t\u00f6bbi r\u00e9sztvev\u0151j\u00e9n&nbsp;<\/span>.<\/p>\n<p>&nbsp;<\/p>\n<p><em>Nyit\u00f3k\u00e9p: illusztr\u00e1ci\u00f3. Fot\u00f3: Czegl\u00e9di Zsolt \/ MTI<\/em><\/p>","protected":false},"excerpt":{"rendered":"<p>Imm\u00e1ron t\u00f6bb, mint h\u00e1rom \u00e9ve m\u0171k\u00f6dnek Magyarorsz\u00e1gon a V\u00e9da K\u00f6z\u00fati Intelligens Kamerah\u00e1l\u00f3zat oszlopai, melyekkel els\u0151sorban a gyorshajt\u00f3kat sz\u0171rik ki, de indul\u00e1skor olyan szuper funkci\u00f3kat is beharangoztak hozz\u00e1, mint p\u00e9ld\u00e1ul a biztons\u00e1gi \u00f6v n\u00e9lk\u00fcl vezet\u00e9s felismer\u00e9se. Csakhogy a V\u00e9d\u00e1k a mai napig erre nem voltak k\u00e9pesek. Eddig.<\/p>","protected":false},"author":1,"featured_media":14634,"comment_status":"closed","ping_status":"closed","sticky":false,"template":"","format":"standard","meta":{"_seopress_robots_primary_cat":"none"},"categories":[977],"tags":[1550,17,450,1549],"acf":[],"amp_enabled":true,"_links":{"self":[{"href":"https:\/\/szegederarchivum.hu\/en\/wp-json\/wp\/v2\/posts\/14626"}],"collection":[{"href":"https:\/\/szegederarchivum.hu\/en\/wp-json\/wp\/v2\/posts"}],"about":[{"href":"https:\/\/szegederarchivum.hu\/en\/wp-json\/wp\/v2\/types\/post"}],"author":[{"embeddable":true,"href":"https:\/\/szegederarchivum.hu\/en\/wp-json\/wp\/v2\/users\/1"}],"replies":[{"embeddable":true,"href":"https:\/\/szegederarchivum.hu\/en\/wp-json\/wp\/v2\/comments?post=14626"}],"version-history":[{"count":3,"href":"https:\/\/szegederarchivum.hu\/en\/wp-json\/wp\/v2\/posts\/14626\/revisions"}],"predecessor-version":[{"id":14635,"href":"https:\/\/szegederarchivum.hu\/en\/wp-json\/wp\/v2\/posts\/14626\/revisions\/14635"}],"wp:featuredmedia":[{"embeddable":true,"href":"https:\/\/szegederarchivum.hu\/en\/wp-json\/wp\/v2\/media\/14634"}],"wp:attachment":[{"href":"https:\/\/szegederarchivum.hu\/en\/wp-json\/wp\/v2\/media?parent=14626"}],"wp:term":[{"taxonomy":"category","embeddable":true,"href":"https:\/\/szegederarchivum.hu\/en\/wp-json\/wp\/v2\/categories?post=14626"},{"taxonomy":"post_tag","embeddable":true,"href":"https:\/\/szegederarchivum.hu\/en\/wp-json\/wp\/v2\/tags?post=14626"}],"curies":[{"name":"wp","href":"https:\/\/api.w.org\/{rel}","templated":true}]}}