{"id":1481,"date":"2018-04-08T19:55:48","date_gmt":"2018-04-08T18:55:48","guid":{"rendered":"https:\/\/szegederarchivum.hu\/?p=1481"},"modified":"2019-08-26T10:54:38","modified_gmt":"2019-08-26T08:54:38","slug":"eleg-kiraly-kozpontot-terveztek-az-szkv-nak-1975-ben","status":"publish","type":"post","link":"https:\/\/szegederarchivum.hu\/en\/eleg-kiraly-kozpontot-terveztek-az-szkv-nak-1975-ben\/","title":{"rendered":"El\u00e9g kir\u00e1ly k\u00f6zpontot terveztek az SZKV-nak 1975-ben"},"content":{"rendered":"<p><strong>P\u00e1r napja startolt el a Lechner Tud\u00e1sk\u00f6zpont \u00faj projektje, a <a href=\"http:\/\/fototar.lechnerkozpont.hu\/\" target=\"_blank\" rel=\"noopener noreferrer\">Lechner Fot\u00f3t\u00e1r<\/a>, ahol 1945. ut\u00e1ni meg- \u00e9s meg nem val\u00f3sult \u00e9p\u00edtkez\u00e9sek digitaliz\u00e1lt anyaga tal\u00e1lhat\u00f3 meg.<\/strong><\/p>\n<p>Gy\u0171jtem\u00e9ny\u00fckben \u00f6sszesen 300.000 felv\u00e9tel tal\u00e1lhat\u00f3, ennek m\u00e9g csak egy r\u00e9sz\u00e9t tett\u00e9k fel, de folyamatosan b\u0151v\u00edtenek.<\/p>\n<p>Szegedr\u0151l egyel\u0151re csak k\u00e9t k\u00e9pet tal\u00e1lni, mindkett\u0151 az un.\u00a0\u201eA szegedi K\u00f6zleked\u00e9si V\u00e1llalat Komplex forgalmi telep\u00e9nek makettje\u201d c\u00edmmel. A tervet, vagyis a felv\u00e9teleken l\u00e1that\u00f3 makettet az UVATERV k\u00e9sz\u00edtette, t\u00f6bb minden azonban nem der\u00fclt ki r\u00f3la. A sajt\u00f3ban sincs eml\u00edt\u00e9se, \u00edgy aki tud valamit, ne tartsa mag\u00e1ban! Sajnos m\u00e9g az sem der\u00fclt ki, hogy hov\u00e1 tervezt\u00e9k a 12 emeletes toronnyal sp\u00e9kelt telephelyet, ahol egyszerre vannak trolik \u00e9s villamosok.<\/p>\n<figure id=\"attachment_9991\" aria-describedby=\"caption-attachment-9991\" style=\"width: 3067px\" class=\"wp-caption alignnone\"><a href=\"https:\/\/szegeder.files.wordpress.com\/2018\/04\/94215.jpg\" target=\"_blank\" rel=\"noopener noreferrer\"><img decoding=\"async\" loading=\"lazy\" class=\"alignnone size-full wp-image-9991\" src=\"https:\/\/szegeder.files.wordpress.com\/2018\/04\/94215.jpg\" alt=\"94215\" width=\"3067\" height=\"1310\" \/><\/a><figcaption id=\"caption-attachment-9991\" class=\"wp-caption-text\">Fot\u00f3: UVATERV \/ Lechner Fot\u00f3t\u00e1r<\/figcaption><\/figure>\n<figure id=\"attachment_9992\" aria-describedby=\"caption-attachment-9992\" style=\"width: 3067px\" class=\"wp-caption alignnone\"><a href=\"https:\/\/szegeder.files.wordpress.com\/2018\/04\/94217.jpg\" target=\"_blank\" rel=\"noopener noreferrer\"><img decoding=\"async\" loading=\"lazy\" class=\"alignnone size-full wp-image-9992\" src=\"https:\/\/szegeder.files.wordpress.com\/2018\/04\/94217.jpg\" alt=\"94217\" width=\"3067\" height=\"2044\" \/><\/a><figcaption id=\"caption-attachment-9992\" class=\"wp-caption-text\">Fot\u00f3: UVATERV \/ Lechner Fot\u00f3t\u00e1r<\/figcaption><\/figure>\n<p>&nbsp;<\/p>\n<p><strong>UPDATE:<\/strong> Nagy Mih\u00e1ly kicsit b\u0151v\u00edtette tud\u00e1sunkat a sztorival kapcsolatban, a k\u00f6vetkez\u0151t \u00edrta:<\/p>\n<p>\u201eA komplex telep a mai K\u00f6rt\u00f6lt\u00e9s utcai trolibusz telepre volt tervezve.<br \/>\nAkkori elk\u00e9pzel\u00e9s szerint minden \u00fczemegys\u00e9get egy helyre vontak volna \u00f6ssze.<br \/>\nMind a trolikat \u00e9s a villamosokat \u00e9s az irodist\u00e1kat.<br \/>\nMegsz\u0171nt volna a Pulz utcai villamos kocsisz\u00edn \u00e9s a Zr\u00ednyi utcai sz\u00e9kh\u00e1z is.<br \/>\nEl\u0151nye lett volna, hogy csak egy \u201cf\u0151m\u0171helyet\u201d \u00e9s egy j\u00e1rm\u0171mos\u00f3t kellett volna fenntartani, a szakemberg\u00e1rda egy helyre lett volna koncentr\u00e1lva, \u00e9s rugalmasabban lett volna foglalkoztathat\u00f3.<br \/>\nH\u00e1tr\u00e1nya lett volna, a koncentr\u00e1lts\u00e1g miatti zavar\u00e9rz\u00e9kenys\u00e9g.<br \/>\nA trolitelep k\u00f6zep\u00e9n a ma is megl\u00e9v\u0151 nagy be\u00e9p\u00edtetlen ter\u00fclet lett volna a villamosok otthona.<br \/>\nAz irodah\u00e1z (gondolom) a K\u00f6rt\u00f6lt\u00e9s utcai kij\u00e1rat mell\u00e9 lett volna telep\u00edtve.<br \/>\n\u00d6sszess\u00e9g\u00e9ben k\u00e1r, hogy ez nem val\u00f3sulhatott meg.<br \/>\nA makett sok\u00e1ig a ma is megl\u00e9v\u0151 Zr\u00ednyi utcai sz\u00e9kh\u00e1z l\u00e9pcs\u0151h\u00e1z\u00e1ban volt t\u00e1rolva, azut\u00e1n egyszercsak elt\u0171nt.\u201d<\/p>\n<p>K\u00f6szi a kieg\u00e9sz\u00edt\u00e9st!<\/p>","protected":false},"excerpt":{"rendered":"<p>P\u00e1r napja startolt el a Lechner Tud\u00e1sk\u00f6zpont \u00faj projektje, a Lechner Fot\u00f3t\u00e1r, ahol 1945. ut\u00e1ni meg- \u00e9s meg nem val\u00f3sult \u00e9p\u00edtkez\u00e9sek digitaliz\u00e1lt anyaga tal\u00e1lhat\u00f3 meg. Gy\u0171jtem\u00e9ny\u00fckben \u00f6sszesen 300.000 felv\u00e9tel tal\u00e1lhat\u00f3, ennek m\u00e9g csak egy r\u00e9sz\u00e9t tett\u00e9k fel, de folyamatosan b\u0151v\u00edtenek. Szegedr\u0151l egyel\u0151re csak k\u00e9t k\u00e9pet tal\u00e1lni, mindkett\u0151 az un.\u00a0\u201eA szegedi K\u00f6zleked\u00e9si V\u00e1llalat Komplex forgalmi telep\u00e9nek [&hellip;]<\/p>","protected":false},"author":1,"featured_media":0,"comment_status":"closed","ping_status":"closed","sticky":false,"template":"","format":"standard","meta":{"_seopress_robots_primary_cat":"none"},"categories":[4],"tags":[17,15,101,103,54,50,102,48,16,52],"acf":[],"amp_enabled":true,"_links":{"self":[{"href":"https:\/\/szegederarchivum.hu\/en\/wp-json\/wp\/v2\/posts\/1481"}],"collection":[{"href":"https:\/\/szegederarchivum.hu\/en\/wp-json\/wp\/v2\/posts"}],"about":[{"href":"https:\/\/szegederarchivum.hu\/en\/wp-json\/wp\/v2\/types\/post"}],"author":[{"embeddable":true,"href":"https:\/\/szegederarchivum.hu\/en\/wp-json\/wp\/v2\/users\/1"}],"replies":[{"embeddable":true,"href":"https:\/\/szegederarchivum.hu\/en\/wp-json\/wp\/v2\/comments?post=1481"}],"version-history":[{"count":4,"href":"https:\/\/szegederarchivum.hu\/en\/wp-json\/wp\/v2\/posts\/1481\/revisions"}],"predecessor-version":[{"id":3551,"href":"https:\/\/szegederarchivum.hu\/en\/wp-json\/wp\/v2\/posts\/1481\/revisions\/3551"}],"wp:attachment":[{"href":"https:\/\/szegederarchivum.hu\/en\/wp-json\/wp\/v2\/media?parent=1481"}],"wp:term":[{"taxonomy":"category","embeddable":true,"href":"https:\/\/szegederarchivum.hu\/en\/wp-json\/wp\/v2\/categories?post=1481"},{"taxonomy":"post_tag","embeddable":true,"href":"https:\/\/szegederarchivum.hu\/en\/wp-json\/wp\/v2\/tags?post=1481"}],"curies":[{"name":"wp","href":"https:\/\/api.w.org\/{rel}","templated":true}]}}