{"id":1613,"date":"2017-09-27T19:58:52","date_gmt":"2017-09-27T18:58:52","guid":{"rendered":"https:\/\/szegederarchivum.hu\/?p=1613"},"modified":"2019-02-16T09:26:07","modified_gmt":"2019-02-16T08:26:07","slug":"amikor-a-200-eves-halaszfalu-talalkozik-a-modern-irodahazzal","status":"publish","type":"post","link":"https:\/\/szegederarchivum.hu\/en\/amikor-a-200-eves-halaszfalu-talalkozik-a-modern-irodahazzal\/","title":{"rendered":"Amikor a 200 \u00e9ves hal\u00e1szfalu tal\u00e1lkozik a modern irodah\u00e1zzal"},"content":{"rendered":"<p><img decoding=\"async\" loading=\"lazy\" class=\"alignnone size-full wp-image-8457\" src=\"https:\/\/szegeder.files.wordpress.com\/2017\/09\/18-e1506503489859.jpg\" alt=\"cof\" width=\"1200\" height=\"746\" \/><\/p>\n<p><strong>M\u00e1r majdnem elk\u00e9sz\u00fclt az amerikai EPAM Systems Kft. \u00faj irodah\u00e1za a Fels\u0151 Tisza-parton. Megn\u00e9zt\u00fck, milyen az, amikor a 19. sz\u00e1zad eleji h\u00e1zakkal sorozott Kis-Tisza utca t\u00faloldal\u00e1n felt\u0171nik a h\u00f3feh\u00e9r irodah\u00e1z.<\/strong><\/p>\n<p>A 60-as \u00e9vekben k\u00f6z\u00e9piskol\u00e1nak \u00e9p\u00fclt vasbeton \u00e9p\u00fcletben 2012-ig m\u0171k\u00f6d\u00f6tt a Sz\u00e9chenyi Istv\u00e1n Gimn\u00e1zium, ami 280 di\u00e1kj\u00e1val z\u00e1rt be. Ezt a helyet v\u00e1lasztotta az EPAM, hogy \u00faj irodah\u00e1z\u00e1t megnyissa, ahol f\u0151k\u00e9nt szoftverfejleszt\u0151k dolgoznak majd.<\/p>\n<!-- Error, Advert is not available at this time due to schedule\/geolocation restrictions! -->\n<p>&nbsp;<\/p>\n<p>Al\u00e1bb l\u00e1that\u00f3 egy 2012-es, illetve egy 2014-es utcak\u00e9p az \u00e9p\u00fcletr\u0151l. El\u0151bbin m\u00e9g \u00fczemelt az iskola, \u00e9pp tanul\u00f3k t\u00e1masztj\u00e1k el\u0151tte a korl\u00e1tot.<\/p>\n<p><iframe loading=\"lazy\" style=\"border: 0;\" src=\"https:\/\/www.google.com\/maps\/embed?pb=!4v1542049273188!6m8!1m7!1sPpABA3UIl-XyXQOEtbkpGQ!2m2!1d46.25818221459244!2d20.16566096322549!3f301.37!4f3.030000000000001!5f0.8555887193399807\" width=\"600\" height=\"450\" frameborder=\"0\" allowfullscreen=\"allowfullscreen\"><\/iframe><\/p>\n<p><iframe loading=\"lazy\" style=\"border: 0;\" src=\"https:\/\/www.google.com\/maps\/embed?pb=!4v1542049301871!6m8!1m7!1sojaZpPveOGe7lysRK7oy8g!2m2!1d46.25868363007302!2d20.16529582261058!3f174.83!4f15.010000000000005!5f0.4000000000000002\" width=\"600\" height=\"450\" frameborder=\"0\" allowfullscreen=\"allowfullscreen\"><\/iframe><\/p>\n<p>Az \u00e1talak\u00edt\u00e1s sor\u00e1n emeletr\u00e1\u00e9p\u00edt\u00e9st is kapott \u00e9p\u00fclet el\u00e9g j\u00f3l fest, eur\u00f3pai viszonylatban nem hozott semmi \u00fajat, de Szegeden ritka az ilyen beruh\u00e1z\u00e1s, \u00fagyhogy van minek \u00f6r\u00fclni. Az legal\u00e1bbis biztos, hogy sokkal bar\u00e1ts\u00e1gosabb lett a k\u00f6rny\u00e9k, m\u00e9g a telek ker\u00edt\u00e9s\u00e9t is elbontott\u00e1k a h\u00e1ts\u00f3 oldalon, b\u00e1r az \u00e9rdekes, hogy a t\u00f6bbi szakaszon megmaradt az eredeti, csak \u00fajrafestve. Na, de n\u00e9zz\u00fcnk k\u00f6rbe!<\/p>\n<p>&nbsp;<\/p>\n<figure id=\"attachment_8460\" aria-describedby=\"caption-attachment-8460\" style=\"width: 1200px\" class=\"wp-caption alignnone\"><img decoding=\"async\" loading=\"lazy\" class=\"alignnone size-full wp-image-8460\" src=\"https:\/\/szegeder.files.wordpress.com\/2017\/09\/28.jpg\" alt=\"cof\" width=\"1200\" height=\"900\" \/><figcaption id=\"caption-attachment-8460\" class=\"wp-caption-text\">\u00c1tform\u00e1lt\u00e1k a bej\u00e1ratot: az eddigi \u201ehidas\u201d megold\u00e1s helyett, amikor is a bej\u00e1rat az els\u0151 emeleten volt, ink\u00e1bb egy szinttel lejjebb vezetik be az \u00e9rkez\u0151t. Fot\u00f3: Sz\u0171cs D\u00e1niel \/ Szegeder<\/figcaption><\/figure>\n<p>&nbsp;<\/p>\n<figure id=\"attachment_8461\" aria-describedby=\"caption-attachment-8461\" style=\"width: 1200px\" class=\"wp-caption alignnone\"><img decoding=\"async\" loading=\"lazy\" class=\"alignnone size-full wp-image-8461\" src=\"https:\/\/szegeder.files.wordpress.com\/2017\/09\/37.jpg\" alt=\"oznor\" width=\"1200\" height=\"900\" \/><figcaption id=\"caption-attachment-8461\" class=\"wp-caption-text\">Az eredeti ker\u00edt\u00e9s, csak kipofozva. Fot\u00f3: Sz\u0171cs D\u00e1niel \/ Szegeder<\/figcaption><\/figure>\n<p>&nbsp;<\/p>\n<figure id=\"attachment_8462\" aria-describedby=\"caption-attachment-8462\" style=\"width: 1200px\" class=\"wp-caption alignnone\"><img decoding=\"async\" loading=\"lazy\" class=\"alignnone size-full wp-image-8462\" src=\"https:\/\/szegeder.files.wordpress.com\/2017\/09\/45.jpg\" alt=\"oznor\" width=\"1200\" height=\"900\" \/><figcaption id=\"caption-attachment-8462\" class=\"wp-caption-text\">Fot\u00f3: Sz\u0171cs D\u00e1niel \/ Szegeder<\/figcaption><\/figure>\n<p>&nbsp;<\/p>\n<p><!--more--><\/p>\n<figure id=\"attachment_8463\" aria-describedby=\"caption-attachment-8463\" style=\"width: 1200px\" class=\"wp-caption alignnone\"><img decoding=\"async\" loading=\"lazy\" class=\"alignnone size-full wp-image-8463\" src=\"https:\/\/szegeder.files.wordpress.com\/2017\/09\/62.jpg\" alt=\"cof\" width=\"1200\" height=\"900\" \/><figcaption id=\"caption-attachment-8463\" class=\"wp-caption-text\">Egy szoftverfejleszt\u0151 c\u00e9g nem is lenne \u00f6nmaga, ha nem \u00e1llna a parkol\u00f3j\u00e1ban legal\u00e1bb egy elektromos aut\u00f3 t\u00f6lt\u0151. Piros pont. Fot\u00f3: Sz\u0171cs D\u00e1niel \/ Szegeder<\/figcaption><\/figure>\n<p>&nbsp;<\/p>\n<figure id=\"attachment_8464\" aria-describedby=\"caption-attachment-8464\" style=\"width: 1200px\" class=\"wp-caption alignnone\"><img decoding=\"async\" loading=\"lazy\" class=\"alignnone size-full wp-image-8464\" src=\"https:\/\/szegeder.files.wordpress.com\/2017\/09\/71.jpg\" alt=\"oznor\" width=\"1200\" height=\"900\" \/><figcaption id=\"caption-attachment-8464\" class=\"wp-caption-text\">Fot\u00f3: Sz\u0171cs D\u00e1niel \/ Szegeder<\/figcaption><\/figure>\n<!-- Error, Advert is not available at this time due to schedule\/geolocation restrictions! -->","protected":false},"excerpt":{"rendered":"<p>M\u00e1r majdnem elk\u00e9sz\u00fclt az amerikai EPAM Systems Kft. \u00faj irodah\u00e1za a Fels\u0151 Tisza-parton. Megn\u00e9zt\u00fck, milyen az, amikor a 19. sz\u00e1zad eleji h\u00e1zakkal sorozott Kis-Tisza utca t\u00faloldal\u00e1n felt\u0171nik a h\u00f3feh\u00e9r irodah\u00e1z. A 60-as \u00e9vekben k\u00f6z\u00e9piskol\u00e1nak \u00e9p\u00fclt vasbeton \u00e9p\u00fcletben 2012-ig m\u0171k\u00f6d\u00f6tt a Sz\u00e9chenyi Istv\u00e1n Gimn\u00e1zium, ami 280 di\u00e1kj\u00e1val z\u00e1rt be. Ezt a helyet v\u00e1lasztotta az EPAM, hogy [&hellip;]<\/p>","protected":false},"author":1,"featured_media":0,"comment_status":"closed","ping_status":"closed","sticky":false,"template":"","format":"standard","meta":{"_seopress_robots_primary_cat":"none"},"categories":[4],"tags":[194,30,136,12,10],"acf":[],"amp_enabled":true,"_links":{"self":[{"href":"https:\/\/szegederarchivum.hu\/en\/wp-json\/wp\/v2\/posts\/1613"}],"collection":[{"href":"https:\/\/szegederarchivum.hu\/en\/wp-json\/wp\/v2\/posts"}],"about":[{"href":"https:\/\/szegederarchivum.hu\/en\/wp-json\/wp\/v2\/types\/post"}],"author":[{"embeddable":true,"href":"https:\/\/szegederarchivum.hu\/en\/wp-json\/wp\/v2\/users\/1"}],"replies":[{"embeddable":true,"href":"https:\/\/szegederarchivum.hu\/en\/wp-json\/wp\/v2\/comments?post=1613"}],"version-history":[{"count":4,"href":"https:\/\/szegederarchivum.hu\/en\/wp-json\/wp\/v2\/posts\/1613\/revisions"}],"predecessor-version":[{"id":3512,"href":"https:\/\/szegederarchivum.hu\/en\/wp-json\/wp\/v2\/posts\/1613\/revisions\/3512"}],"wp:attachment":[{"href":"https:\/\/szegederarchivum.hu\/en\/wp-json\/wp\/v2\/media?parent=1613"}],"wp:term":[{"taxonomy":"category","embeddable":true,"href":"https:\/\/szegederarchivum.hu\/en\/wp-json\/wp\/v2\/categories?post=1613"},{"taxonomy":"post_tag","embeddable":true,"href":"https:\/\/szegederarchivum.hu\/en\/wp-json\/wp\/v2\/tags?post=1613"}],"curies":[{"name":"wp","href":"https:\/\/api.w.org\/{rel}","templated":true}]}}