{"id":1713,"date":"2017-07-05T10:59:53","date_gmt":"2017-07-05T09:59:53","guid":{"rendered":"https:\/\/szegederarchivum.hu\/?p=1713"},"modified":"2019-08-18T14:55:29","modified_gmt":"2019-08-18T12:55:29","slug":"a-hajo-amit-szegedrol-neveztek-el-megsincs-semmi-koze-a-varoshoz","status":"publish","type":"post","link":"https:\/\/szegederarchivum.hu\/en\/a-hajo-amit-szegedrol-neveztek-el-megsincs-semmi-koze-a-varoshoz\/","title":{"rendered":"A haj\u00f3, amit Szegedr\u0151l neveztek el, m\u00e9gsincs semmi k\u00f6ze a v\u00e1roshoz"},"content":{"rendered":"<p><strong>A 20. sz\u00e1zad elej\u00e9n k\u00e9t tekint\u00e9lyes haj\u00f3gy\u00e1r l\u00e9tezett Magyarorsz\u00e1gon: az 1829-ben alakult Erste Donau-Damfschiffahrts-Gesellschaft \u00f3budai haj\u00f3gy\u00e1ra, valamint az 1911-ben l\u00e9trej\u00f6tt Ganz \u00e9s Tsa. Villamoss\u00e1gi-, G\u00e9p-, Waggon- \u00e9s Haj\u00f3gy\u00e1r Rt. \u00dajpesten. Ut\u00f3bbi s\u00f3ly\u00e1j\u00e1r\u00f3l ereszkedett a v\u00edzbe 1936. \u00e1prilis 16-\u00e1n a Szegednek elkeresztelt teherhaj\u00f3 is.<\/strong><\/p>\n<p>A 30-as \u00e9vekben sorra k\u00e9sz\u00fcltek a Ganzn\u00e1l a tengerj\u00e1r\u00f3 haj\u00f3k, ilyen volt p\u00e9ld\u00e1ul a <a href=\"http:\/\/www.fortepan.hu\/_photo\/download\/fortepan_123157.jpg\" target=\"_blank\" rel=\"noopener noreferrer\">Danube Shell III. olajsz\u00e1ll\u00edt\u00f3<\/a>, vagy a <a href=\"http:\/\/www.fortepan.hu\/_photo\/download\/fortepan_122673.jpg\" target=\"_blank\" rel=\"noopener noreferrer\">Hunor<\/a>, az\u00a0<a href=\"http:\/\/www.fortepan.hu\/_photo\/download\/fortepan_123121.jpg\" target=\"_blank\" rel=\"noopener noreferrer\">Etele<\/a>, \u00e9s a <a href=\"http:\/\/www.fortepan.hu\/_photo\/download\/fortepan_123139.jpg\" target=\"_blank\" rel=\"noopener noreferrer\">Tisza<\/a> csavaros \u00e1rusz\u00e1ll\u00edt\u00f3k. Ezek k\u00f6z\u00e9 sorolhat\u00f3 a Szeged is, aminek a\u00a0v\u00e1roshoz val\u00f3 k\u00f6t\u0151d\u00e9se mind\u00f6ssze id\u00e1ig tartott, hiszen<\/p>\n<blockquote>\n<h4>a Szeged sosem j\u00e1rt Szegeden,<\/h4>\n<\/blockquote>\n<p>de m\u00e9g a Tisz\u00e1n sem, hiszen tengeri \u00e1rusz\u00e1ll\u00edt\u00f3k\u00e9nt \u00fczemelt.<\/p>\n<p>A Szeged nem \u00e9p\u00fclt kifejezetten nagy haj\u00f3nak, m\u00e9g a k\u00f6zel <a href=\"https:\/\/szegederarchivum.hu\/100-eves-lenne-iden-a-szoke-tisza\/\" target=\"_blank\" rel=\"noopener noreferrer\">k\u00e9t \u00e9vtizeddel id\u0151sebb, lap\u00e1tkerekes Sz\u0151ke Tisza II<\/a> is nagyobb volt n\u00e1la. Teljes hossza 59,13, legnagyobb mer\u00fcl\u00e9se pedig 2,55 m\u00e9ter volt. A haj\u00f3t k\u00e9t, egyenk\u00e9nt 180 l\u00f3er\u0151s Ganz-Jendrassik motor hajtotta, teljes g\u0151zzel pedig sebess\u00e9ge el\u00e9rte 9,2 csom\u00f3t (nagyj\u00e1b\u00f3l 17 km\/h).<\/p>\n<p>Az akkori szok\u00e1snak megfelel\u0151en csak a haj\u00f3 parancsnoka &#8211; F\u00f6ldes K\u00e1roly tenger\u00e9szkapit\u00e1ny &#8211; volt \u00e1lland\u00f3, a leg\u00e9nys\u00e9get minden \u00fatra k\u00fcl\u00f6n szerz\u0151dtett\u00e9k. A legjobb fizet\u00e9st term\u00e9szetesen a parancsnok vitte haza, ut\u00e1na k\u00f6vetkeztek a g\u00e9p\u00e9szek, tisztek, szak\u00e1csok, majd a f\u0171t\u0151k, matr\u00f3zok, haj\u00f3inasok \u00e9s kad\u00e9tok.<\/p>\n<p>Az \u00e9vek sor\u00e1n voltak \u00e9rdekes fordulatok, p\u00e9ld\u00e1ul amikor a Szeged 1941-t\u0151l eg\u00e9szen a m\u00e1sodik vil\u00e1gh\u00e1bor\u00fa v\u00e9g\u00e9ig Isztambulban \u00e1llom\u00e1sozott, ahol val\u00f3sz\u00edn\u0171leg diplom\u00e1ciai tal\u00e1lkoz\u00f3k helysz\u00ednek\u00e9nt szolg\u00e1lt.<br \/>\n1962-t\u0151l rakt\u00e1rhaj\u00f3k\u00e9nt m\u0171k\u00f6d\u00f6tt az Orsz\u00e1gos Gumiipari V\u00e1llalatn\u00e1l a f\u0151v\u00e1rosban, miel\u0151tt 1988-ban sz\u00e9tbontott\u00e1k volna.<\/p>\n<p>&nbsp;<\/p>\n<figure id=\"attachment_6478\" aria-describedby=\"caption-attachment-6478\" style=\"width: 1200px\" class=\"wp-caption alignnone\"><img decoding=\"async\" loading=\"lazy\" class=\"wp-image-6478 size-full\" src=\"https:\/\/szegeder.files.wordpress.com\/2017\/07\/11.jpg\" alt=\"1.jpg\" width=\"1200\" height=\"805\" \/><figcaption id=\"caption-attachment-6478\" class=\"wp-caption-text\">Fot\u00f3: Magyar M\u0171szaki \u00e9s K\u00f6zleked\u00e9si M\u00fazeum\u00a0\/ T\u00f6rt\u00e9neti F\u00e9nyk\u00e9pek Gy\u0171jtem\u00e9nye \/ Ganz Gy\u0171jtem\u00e9ny \/ Fortepan<\/figcaption><\/figure>\n<p>&nbsp;<\/p>\n<figure id=\"attachment_6500\" aria-describedby=\"caption-attachment-6500\" style=\"width: 1200px\" class=\"wp-caption alignnone\"><img decoding=\"async\" loading=\"lazy\" class=\"alignnone size-full wp-image-6500\" src=\"https:\/\/szegeder.files.wordpress.com\/2017\/07\/21.jpg\" alt=\"2\" width=\"1200\" height=\"829\" \/><figcaption id=\"caption-attachment-6500\" class=\"wp-caption-text\">F\u00f6ldbe \u00e1sott fagerend\u00e1kkal tartott\u00e1k egy helyben az \u00e9p\u00fcl\u0151 haj\u00f3t \u00dajpesten. Fot\u00f3: Magyar M\u0171szaki \u00e9s K\u00f6zleked\u00e9si M\u00fazeum\u00a0\/ T\u00f6rt\u00e9neti F\u00e9nyk\u00e9pek Gy\u0171jtem\u00e9nye \/ Ganz Gy\u0171jtem\u00e9ny \/ Fortepan<\/figcaption><\/figure>\n<p>&nbsp;<\/p>\n<figure id=\"attachment_6501\" aria-describedby=\"caption-attachment-6501\" style=\"width: 1200px\" class=\"wp-caption alignnone\"><img decoding=\"async\" loading=\"lazy\" class=\"alignnone size-full wp-image-6501\" src=\"https:\/\/szegeder.files.wordpress.com\/2017\/07\/31.jpg\" alt=\"3\" width=\"1200\" height=\"824\" \/><figcaption id=\"caption-attachment-6501\" class=\"wp-caption-text\">Ugyanaz a jelenet m\u00e1sik szemsz\u00f6gb\u0151l. Fot\u00f3: Magyar M\u0171szaki \u00e9s K\u00f6zleked\u00e9si M\u00fazeum\u00a0\/ T\u00f6rt\u00e9neti F\u00e9nyk\u00e9pek Gy\u0171jtem\u00e9nye \/ Ganz Gy\u0171jtem\u00e9ny \/ Fortepan<\/figcaption><\/figure>\n<p>&nbsp;<\/p>\n<figure id=\"attachment_6502\" aria-describedby=\"caption-attachment-6502\" style=\"width: 1200px\" class=\"wp-caption alignnone\"><img decoding=\"async\" loading=\"lazy\" class=\"alignnone size-full wp-image-6502\" src=\"https:\/\/szegeder.files.wordpress.com\/2017\/07\/41.jpg\" alt=\"4\" width=\"1200\" height=\"829\" \/><figcaption id=\"caption-attachment-6502\" class=\"wp-caption-text\">A vadonat\u00faj, f\u00e9nyes haj\u00f3csavar. Fot\u00f3: Magyar M\u0171szaki \u00e9s K\u00f6zleked\u00e9si M\u00fazeum\u00a0\/ T\u00f6rt\u00e9neti F\u00e9nyk\u00e9pek Gy\u0171jtem\u00e9nye \/ Ganz Gy\u0171jtem\u00e9ny \/ Fortepan<\/figcaption><\/figure>\n<p>&nbsp;<\/p>\n<p><!--more--><\/p>\n<figure id=\"attachment_6519\" aria-describedby=\"caption-attachment-6519\" style=\"width: 1200px\" class=\"wp-caption alignnone\"><img decoding=\"async\" loading=\"lazy\" class=\"alignnone size-full wp-image-6519\" src=\"https:\/\/szegeder.files.wordpress.com\/2017\/07\/51.jpg\" alt=\"5\" width=\"1200\" height=\"812\" \/><figcaption id=\"caption-attachment-6519\" class=\"wp-caption-text\">A g\u00e9ph\u00e1z r\u00e9szlete. A k\u00e9t oldalt fel\u00fcl l\u00e1that\u00f3 k\u00f6r alak\u00fa berendez\u00e9s a lefel\u00e9 \u00e1ll\u00f3 karokkal a g\u00e9pjelz\u0151, amivel a kapit\u00e1ny a h\u00eddr\u00f3l jelzi a g\u00e9ph\u00e1znak, milyen sebess\u00e9ggel haladjanak tov\u00e1bb. Fot\u00f3: Magyar M\u0171szaki \u00e9s K\u00f6zleked\u00e9si M\u00fazeum\u00a0\/ T\u00f6rt\u00e9neti F\u00e9nyk\u00e9pek Gy\u0171jtem\u00e9nye \/ Ganz Gy\u0171jtem\u00e9ny \/ Fortepan<\/figcaption><\/figure>\n<p>&nbsp;<\/p>\n<figure id=\"attachment_6520\" aria-describedby=\"caption-attachment-6520\" style=\"width: 573px\" class=\"wp-caption aligncenter\"><img decoding=\"async\" loading=\"lazy\" class=\"alignnone wp-image-6520\" src=\"https:\/\/szegeder.files.wordpress.com\/2017\/07\/6.jpg\" alt=\"6\" width=\"573\" height=\"851\" \/><figcaption id=\"caption-attachment-6520\" class=\"wp-caption-text\">Cs\u00f6vek, sz\u0171k j\u00e1ratok \u00e9s hull\u00e1mos\u00edtott huzalsz\u00f6vetb\u0151l k\u00e9sz\u00fclt folyos\u00f3.\u00a0Fot\u00f3: Magyar M\u0171szaki \u00e9s K\u00f6zleked\u00e9si M\u00fazeum\u00a0\/ T\u00f6rt\u00e9neti F\u00e9nyk\u00e9pek Gy\u0171jtem\u00e9nye \/ Ganz Gy\u0171jtem\u00e9ny \/ Fortepan<\/figcaption><\/figure>\n<p>&nbsp;<\/p>\n<figure id=\"attachment_6521\" aria-describedby=\"caption-attachment-6521\" style=\"width: 1200px\" class=\"wp-caption alignnone\"><img decoding=\"async\" loading=\"lazy\" class=\"alignnone size-full wp-image-6521\" src=\"https:\/\/szegeder.files.wordpress.com\/2017\/07\/7.jpg\" alt=\"7\" width=\"1200\" height=\"815\" \/><figcaption id=\"caption-attachment-6521\" class=\"wp-caption-text\">A haj\u00f3h\u00edd, jobboldalt b\u0151r fekhely, k\u00f6z\u00e9pen fakorm\u00e1ny, mellette pedig a g\u00e9pjelz\u0151. Fel\u00fcl van m\u00e9g \u00f3ra \u00e9s k\u00fcrt is term\u00e9szetesen.\u00a0Fot\u00f3: Magyar M\u0171szaki \u00e9s K\u00f6zleked\u00e9si M\u00fazeum\u00a0\/ T\u00f6rt\u00e9neti F\u00e9nyk\u00e9pek Gy\u0171jtem\u00e9nye \/ Ganz Gy\u0171jtem\u00e9ny \/ Fortepan<\/figcaption><\/figure>\n<p>&nbsp;<\/p>\n<figure id=\"attachment_6535\" aria-describedby=\"caption-attachment-6535\" style=\"width: 1200px\" class=\"wp-caption alignnone\"><img decoding=\"async\" loading=\"lazy\" class=\"alignnone size-full wp-image-6535\" src=\"https:\/\/szegeder.files.wordpress.com\/2017\/07\/9.jpg\" alt=\"9\" width=\"1200\" height=\"811\" \/><figcaption id=\"caption-attachment-6535\" class=\"wp-caption-text\">Az elk\u00e9sz\u00fclt haj\u00f3 \u00e9s leg\u00e9nys\u00e9ge.\u00a0Fot\u00f3: Magyar M\u0171szaki \u00e9s K\u00f6zleked\u00e9si M\u00fazeum\u00a0\/ T\u00f6rt\u00e9neti F\u00e9nyk\u00e9pek Gy\u0171jtem\u00e9nye \/ Ganz Gy\u0171jtem\u00e9ny \/ Fortepan<\/figcaption><\/figure>\n<!-- Error, Advert is not available at this time due to schedule\/geolocation restrictions! -->\n<p>&nbsp;<\/p>\n<figure id=\"attachment_6536\" aria-describedby=\"caption-attachment-6536\" style=\"width: 1200px\" class=\"wp-caption alignnone\"><img decoding=\"async\" loading=\"lazy\" class=\"alignnone size-full wp-image-6536\" src=\"https:\/\/szegeder.files.wordpress.com\/2017\/07\/10.jpg\" alt=\"10\" width=\"1200\" height=\"800\" \/><figcaption id=\"caption-attachment-6536\" class=\"wp-caption-text\">A Szeged m\u00e9g s\u00f3ly\u00e1n v\u00edzrebocs\u00e1t\u00e1sa el\u0151tt.\u00a0Fot\u00f3: Magyar M\u0171szaki \u00e9s K\u00f6zleked\u00e9si M\u00fazeum\u00a0\/ T\u00f6rt\u00e9neti F\u00e9nyk\u00e9pek Gy\u0171jtem\u00e9nye \/ Ganz Gy\u0171jtem\u00e9ny \/ Fortepan<\/figcaption><\/figure>\n<p>&nbsp;<\/p>\n<figure id=\"attachment_6542\" aria-describedby=\"caption-attachment-6542\" style=\"width: 1200px\" class=\"wp-caption alignnone\"><img decoding=\"async\" loading=\"lazy\" class=\"alignnone size-full wp-image-6542\" src=\"https:\/\/szegeder.files.wordpress.com\/2017\/07\/111.jpg\" alt=\"11\" width=\"1200\" height=\"809\" \/><figcaption id=\"caption-attachment-6542\" class=\"wp-caption-text\">\u00d6nt\u00f6ttvas l\u00e1mpa, \u00e9jjeli szekr\u00e9ny, \u00edr\u00f3asztal \u00e9s ventil\u00e1tor, \u00edgy n\u00e9zett ki a Szeged parancsnoki kabinja. A haj\u00f3n a leg\u00e9nys\u00e9g az orrban, a tisztek \u00e9s a kapit\u00e1ny kabinjai pedig a tatban kaptak helyet. Fot\u00f3: Magyar M\u0171szaki \u00e9s K\u00f6zleked\u00e9si M\u00fazeum\u00a0\/ T\u00f6rt\u00e9neti F\u00e9nyk\u00e9pek Gy\u0171jtem\u00e9nye \/ Ganz Gy\u0171jtem\u00e9ny \/ Fortepan<\/figcaption><\/figure>\n<p>&nbsp;<\/p>\n<figure id=\"attachment_6543\" aria-describedby=\"caption-attachment-6543\" style=\"width: 1200px\" class=\"wp-caption alignnone\"><img decoding=\"async\" loading=\"lazy\" class=\"alignnone size-full wp-image-6543\" src=\"https:\/\/szegeder.files.wordpress.com\/2017\/07\/12.jpg\" alt=\"12\" width=\"1200\" height=\"805\" \/><figcaption id=\"caption-attachment-6543\" class=\"wp-caption-text\">A f\u00fcgg\u00f6ny\u00f6n \u00e9s a szappantart\u00f3n k\u00edv\u00fcl tal\u00e1n csak a bojler a meglep\u0151bb egy teherhaj\u00f3 f\u00fcrd\u0151szob\u00e1j\u00e1ban. Egy tiszt f\u00fcrd\u0151szob\u00e1ja. Fot\u00f3: Magyar M\u0171szaki \u00e9s K\u00f6zleked\u00e9si M\u00fazeum\u00a0\/ T\u00f6rt\u00e9neti F\u00e9nyk\u00e9pek Gy\u0171jtem\u00e9nye \/ Ganz Gy\u0171jtem\u00e9ny \/ Fortepan<\/figcaption><\/figure>\n<p>&nbsp;<\/p>\n<figure id=\"attachment_6548\" aria-describedby=\"caption-attachment-6548\" style=\"width: 1200px\" class=\"wp-caption alignnone\"><img decoding=\"async\" loading=\"lazy\" class=\"alignnone size-full wp-image-6548\" src=\"https:\/\/szegeder.files.wordpress.com\/2017\/07\/13.jpg\" alt=\"13.jpg\" width=\"1200\" height=\"807\" \/><figcaption id=\"caption-attachment-6548\" class=\"wp-caption-text\">A v\u00edzrebocs\u00e1t\u00e1s el\u0151tti utols\u00f3 pillanatok. A haj\u00f3 oldal\u00e1n l\u00e9v\u0151 Szeged feliratot magyar z\u00e1szl\u00f3 fedi, katon\u00e1k \u00e1llnak sorfalat, \u00e9s m\u00e9g a m\u00e9dia is jelen van: a t\u00e1volban egy automobil \u00e1ll Magyar Film Iroda felirattal a csomagtart\u00f3j\u00e1n, <a href=\"http:\/\/filmhiradokonline.hu\/watch.php?id=1844#\" target=\"_blank\" rel=\"noopener noreferrer\">mellette pedig emelv\u00e9nyr\u0151l filmezik az esem\u00e9nyt, melyet k\u00e9s\u0151bb a filmh\u00edrad\u00f3ban n\u00e9zhettek meg orsz\u00e1gszerte a magyarok<\/a>. Fot\u00f3: Magyar M\u0171szaki \u00e9s K\u00f6zleked\u00e9si M\u00fazeum\u00a0\/ T\u00f6rt\u00e9neti F\u00e9nyk\u00e9pek Gy\u0171jtem\u00e9nye \/ Ganz Gy\u0171jtem\u00e9ny \/ Fortepan<\/figcaption><\/figure>\n<p>&nbsp;<\/p>\n<figure id=\"attachment_6553\" aria-describedby=\"caption-attachment-6553\" style=\"width: 1200px\" class=\"wp-caption alignnone\"><img decoding=\"async\" loading=\"lazy\" class=\"alignnone size-full wp-image-6553\" src=\"https:\/\/szegeder.files.wordpress.com\/2017\/07\/14.jpg\" alt=\"14.jpg\" width=\"1200\" height=\"810\" \/><figcaption id=\"caption-attachment-6553\" class=\"wp-caption-text\">Megt\u00f6rt\u00e9nt a haj\u00f3 felavat\u00e1sa. A gy\u00e1r f\u00e9nyk\u00e9p\u00e9sze t\u00f6k\u00e9letesen elkapta a pillanatot, amikor a haj\u00f3 belecsobban a Duna viz\u00e9be. Ez a 30-as \u00e9vekben m\u00e9g a main\u00e1l j\u00f3val komolyabb feladat volt.\u00a0Fot\u00f3: Magyar M\u0171szaki \u00e9s K\u00f6zleked\u00e9si M\u00fazeum\u00a0\/ T\u00f6rt\u00e9neti F\u00e9nyk\u00e9pek Gy\u0171jtem\u00e9nye \/ Ganz Gy\u0171jtem\u00e9ny \/ Fortepan<\/figcaption><\/figure>\n<!-- Error, Advert is not available at this time due to schedule\/geolocation restrictions! -->","protected":false},"excerpt":{"rendered":"<p>A 20. sz\u00e1zad elej\u00e9n k\u00e9t tekint\u00e9lyes haj\u00f3gy\u00e1r l\u00e9tezett Magyarorsz\u00e1gon: az 1829-ben alakult Erste Donau-Damfschiffahrts-Gesellschaft \u00f3budai haj\u00f3gy\u00e1ra, valamint az 1911-ben l\u00e9trej\u00f6tt Ganz \u00e9s Tsa. Villamoss\u00e1gi-, G\u00e9p-, Waggon- \u00e9s Haj\u00f3gy\u00e1r Rt. \u00dajpesten. Ut\u00f3bbi s\u00f3ly\u00e1j\u00e1r\u00f3l ereszkedett a v\u00edzbe 1936. \u00e1prilis 16-\u00e1n a Szegednek elkeresztelt teherhaj\u00f3 is.<\/p>","protected":false},"author":1,"featured_media":0,"comment_status":"closed","ping_status":"closed","sticky":false,"template":"","format":"standard","meta":{"_seopress_robots_primary_cat":"none"},"categories":[981],"tags":[239,90,240,91],"acf":[],"amp_enabled":true,"_links":{"self":[{"href":"https:\/\/szegederarchivum.hu\/en\/wp-json\/wp\/v2\/posts\/1713"}],"collection":[{"href":"https:\/\/szegederarchivum.hu\/en\/wp-json\/wp\/v2\/posts"}],"about":[{"href":"https:\/\/szegederarchivum.hu\/en\/wp-json\/wp\/v2\/types\/post"}],"author":[{"embeddable":true,"href":"https:\/\/szegederarchivum.hu\/en\/wp-json\/wp\/v2\/users\/1"}],"replies":[{"embeddable":true,"href":"https:\/\/szegederarchivum.hu\/en\/wp-json\/wp\/v2\/comments?post=1713"}],"version-history":[{"count":7,"href":"https:\/\/szegederarchivum.hu\/en\/wp-json\/wp\/v2\/posts\/1713\/revisions"}],"predecessor-version":[{"id":19198,"href":"https:\/\/szegederarchivum.hu\/en\/wp-json\/wp\/v2\/posts\/1713\/revisions\/19198"}],"wp:attachment":[{"href":"https:\/\/szegederarchivum.hu\/en\/wp-json\/wp\/v2\/media?parent=1713"}],"wp:term":[{"taxonomy":"category","embeddable":true,"href":"https:\/\/szegederarchivum.hu\/en\/wp-json\/wp\/v2\/categories?post=1713"},{"taxonomy":"post_tag","embeddable":true,"href":"https:\/\/szegederarchivum.hu\/en\/wp-json\/wp\/v2\/tags?post=1713"}],"curies":[{"name":"wp","href":"https:\/\/api.w.org\/{rel}","templated":true}]}}