{"id":17332,"date":"2019-07-21T17:19:44","date_gmt":"2019-07-21T15:19:44","guid":{"rendered":"https:\/\/szegederarchivum.hu\/?p=17332"},"modified":"2019-11-22T16:44:41","modified_gmt":"2019-11-22T15:44:41","slug":"vagasteri-hulladek-eg-beketelepen","status":"publish","type":"post","link":"https:\/\/szegederarchivum.hu\/en\/vagasteri-hulladek-eg-beketelepen\/","title":{"rendered":"V\u00e1g\u00e1st\u00e9ri hullad\u00e9k \u00e9g B\u00e9ketelepen"},"content":{"rendered":"<p><strong>A l\u00e1ngok a Pint\u00e9r J\u00f3zsef utca k\u00f6zel\u00e9ben csaptak fel.<\/strong><\/p>\n<p>Olvas\u00f3ink is jelezt\u00e9k fel\u00e9nk, hogy a d\u00e9lut\u00e1ni \u00f3r\u00e1kban j\u00f3l l\u00e1that\u00f3an, nagy l\u00e1ngok csaptak fel B\u00e9ketelepen. A Csongr\u00e1d Megyei Katasztr\u00f3fav\u00e9delmi Igazgat\u00f3s\u00e1g honlapj\u00e1n k\u00f6zz\u00e9tett <a href=\"http:\/\/csongrad.katasztrofavedelem.hu\/attekinto-terkep\/esemeny-reszletei\/20026\" target=\"_blank\" rel=\"noopener noreferrer\">k\u00f6zlem\u00e9nye<\/a> szerint, mintegy k\u00e9thekt\u00e1rnyi ter\u00fcleten \u00e9g jelenleg a hullad\u00e9k az \u00e9rintett helysz\u00ednen.<\/p>\n<p>A <a href=\"https:\/\/szeged.hu\/hirek\/29751\/eg-az-erdo-a-lezeres-kutatokozpont-mellett?fbclid=IwAR2UFh4dF1JLjk_z0bMesQJUW2VIYg6e2QSGIgytOJPHzwtlHCo5zjvfHhw\" target=\"_blank\" rel=\"noopener noreferrer\">szeged.hu<\/a> \u00e9rtes\u00fcl\u00e9sei szerint egy megkezdett fakitermel\u00e9sen keletkezett a t\u0171z, mely 400 m\u00e9terre tal\u00e1lhat\u00f3 a szegedi l\u00e9zeres kutat\u00f3k\u00f6zpontt\u00f3l.<\/p>\n<p>Az olt\u00e1sban a szegedi hivat\u00e1sos, valamint a s\u00e1ndorfalvi \u00e9s bal\u00e1styai \u00f6nk\u00e9ntes egys\u00e9gek seg\u00e9dkeznek.<\/p>\n<p>A t\u0171z ok\u00e1r\u00f3l, illetve k\u00e1r becs\u00fclt m\u00e9rt\u00e9k\u00e9r\u0151l jelenleg nincs pontos inform\u00e1ci\u00f3nk.<\/p>\n<p><em>Nyit\u00f3k\u00e9p: szeged.hu<\/em><\/p>","protected":false},"excerpt":{"rendered":"<p>A l\u00e1ngok a Pint\u00e9r J\u00f3zsef utca k\u00f6zel\u00e9ben csaptak fel .<\/p>","protected":false},"author":8,"featured_media":17338,"comment_status":"closed","ping_status":"closed","sticky":false,"template":"","format":"standard","meta":{"_seopress_robots_primary_cat":"none"},"categories":[4],"tags":[1883,1144,598],"acf":[],"amp_enabled":true,"_links":{"self":[{"href":"https:\/\/szegederarchivum.hu\/en\/wp-json\/wp\/v2\/posts\/17332"}],"collection":[{"href":"https:\/\/szegederarchivum.hu\/en\/wp-json\/wp\/v2\/posts"}],"about":[{"href":"https:\/\/szegederarchivum.hu\/en\/wp-json\/wp\/v2\/types\/post"}],"author":[{"embeddable":true,"href":"https:\/\/szegederarchivum.hu\/en\/wp-json\/wp\/v2\/users\/8"}],"replies":[{"embeddable":true,"href":"https:\/\/szegederarchivum.hu\/en\/wp-json\/wp\/v2\/comments?post=17332"}],"version-history":[{"count":6,"href":"https:\/\/szegederarchivum.hu\/en\/wp-json\/wp\/v2\/posts\/17332\/revisions"}],"predecessor-version":[{"id":28597,"href":"https:\/\/szegederarchivum.hu\/en\/wp-json\/wp\/v2\/posts\/17332\/revisions\/28597"}],"wp:featuredmedia":[{"embeddable":true,"href":"https:\/\/szegederarchivum.hu\/en\/wp-json\/wp\/v2\/media\/17338"}],"wp:attachment":[{"href":"https:\/\/szegederarchivum.hu\/en\/wp-json\/wp\/v2\/media?parent=17332"}],"wp:term":[{"taxonomy":"category","embeddable":true,"href":"https:\/\/szegederarchivum.hu\/en\/wp-json\/wp\/v2\/categories?post=17332"},{"taxonomy":"post_tag","embeddable":true,"href":"https:\/\/szegederarchivum.hu\/en\/wp-json\/wp\/v2\/tags?post=17332"}],"curies":[{"name":"wp","href":"https:\/\/api.w.org\/{rel}","templated":true}]}}