{"id":17564,"date":"2019-07-25T16:15:09","date_gmt":"2019-07-25T14:15:09","guid":{"rendered":"https:\/\/szegederarchivum.hu\/?p=17564"},"modified":"2019-07-25T16:15:09","modified_gmt":"2019-07-25T14:15:09","slug":"utlezaras-es-forgalomeltereles-lesz-szombaton-a-tisza-lajos-koruton","status":"publish","type":"post","link":"https:\/\/szegederarchivum.hu\/en\/utlezaras-es-forgalomeltereles-lesz-szombaton-a-tisza-lajos-koruton\/","title":{"rendered":"\u00datlez\u00e1r\u00e1s \u00e9s forgalomelterel\u00e9s lesz szombaton a Tisza Lajos k\u00f6r\u00faton"},"content":{"rendered":"<p><img decoding=\"async\" src=\"https:\/\/live.staticflickr.com\/65535\/46825685775_6dde144c17_b.jpg\" \/><\/p>\n<p><strong>A Tisza Lajos k\u00f6r\u00fat Boldogasszony sgt. \u00e9s Kor\u00e1nyi fasor k\u00f6z\u00f6tti szakasz\u00e1n zajl\u00f3 v\u00edzvezet\u00e9k rekonstrukci\u00f3s munk\u00e1latok sor\u00e1n \u00fatlez\u00e1r\u00e1sra \u00e9s forgalomelterel\u00e9sre kell sz\u00e1m\u00edtani j\u00falius 27-\u00e9n, szombaton 7:00-t\u00f3l 19:00-ig &#8211; \u00edrja k\u00f6zlem\u00e9ny\u00e9ben a Szegedi V\u00edzm\u0171 Zrt.<\/strong><\/p>\n<p><span style=\"font-weight: 400;\">A Sz\u0151kefalvi-Nagy B\u00e9la utc\u00e1n\u00e1l \u00e9s az \u00c1rv\u00edzi eml\u00e9km\u0171n\u00e9l ker\u00fcl sor \u00fatfelbont\u00e1sra, az \u00fat teljes sz\u00e9less\u00e9g\u00e9ben \u00e1tv\u00e1g\u00e1sra ker\u00fcl, ez\u00e9rt a Rakpart a Fels\u0151 Tisza-part fel\u0151l az \u00c1rv\u00edzi eml\u00e9km\u0171ig j\u00e1rhat\u00f3, de onnan tov\u00e1bb haladni nem lehet (zs\u00e1kutca), illetve a Boldogasszony sug\u00e1r\u00fat fel\u0151li ir\u00e1nyb\u00f3l a Semmelweis utca \u00e9s Sz\u0151kefalvi-Nagy B\u00e9la utca k\u00f6z\u00f6tti szakasz is \u00e1tmenetileg zs\u00e1kutca lesz.<\/span><\/p>\n<p><span style=\"font-weight: 400;\">A munka az iv\u00f3v\u00edz szolg\u00e1ltat\u00e1sban nem okoz fennakad\u00e1st a k\u00f6rzetben.<\/span><\/p>\n<p><span style=\"font-weight: 400;\">A tervek szerint \u2013 ideiglenes helyre\u00e1ll\u00edt\u00e1s mellett \u2013 szombat (j\u00falius 27.) est\u00e9re vissza\u00e1llhat a k\u00f6zleked\u00e9sben a megszokott rend.<\/span><\/p>\n<p><em><span style=\"font-weight: 400;\">Illusztr\u00e1ci\u00f3: Tisza Lajos k\u00f6r\u00fat, Kisk\u00f6r\u00fat. Fot\u00f3: Sz\u0171cs D\u00e1niel \/ Szegeder<\/span><\/em><\/p>","protected":false},"excerpt":{"rendered":"<p>A Tisza Lajos k\u00f6r\u00fat Boldogasszony sgt. \u00e9s Kor\u00e1nyi fasor k\u00f6z\u00f6tti szakasz\u00e1n zajl\u00f3 v\u00edzvezet\u00e9k rekonstrukci\u00f3s munk\u00e1latok sor\u00e1n \u00fatlez\u00e1r\u00e1sra \u00e9s forgalomelterel\u00e9sre kell sz\u00e1m\u00edtani j\u00falius 27-\u00e9n, szombaton 7:00-t\u00f3l 19:00-ig &#8211; \u00edrja k\u00f6zlem\u00e9ny\u00e9ben a Szegedi V\u00edzm\u0171 Zrt.<\/p>","protected":false},"author":7,"featured_media":17571,"comment_status":"closed","ping_status":"closed","sticky":false,"template":"","format":"standard","meta":{"_seopress_robots_primary_cat":"none"},"categories":[985],"tags":[1942,1944,196,1941,1943],"acf":[],"amp_enabled":true,"_links":{"self":[{"href":"https:\/\/szegederarchivum.hu\/en\/wp-json\/wp\/v2\/posts\/17564"}],"collection":[{"href":"https:\/\/szegederarchivum.hu\/en\/wp-json\/wp\/v2\/posts"}],"about":[{"href":"https:\/\/szegederarchivum.hu\/en\/wp-json\/wp\/v2\/types\/post"}],"author":[{"embeddable":true,"href":"https:\/\/szegederarchivum.hu\/en\/wp-json\/wp\/v2\/users\/7"}],"replies":[{"embeddable":true,"href":"https:\/\/szegederarchivum.hu\/en\/wp-json\/wp\/v2\/comments?post=17564"}],"version-history":[{"count":1,"href":"https:\/\/szegederarchivum.hu\/en\/wp-json\/wp\/v2\/posts\/17564\/revisions"}],"predecessor-version":[{"id":17570,"href":"https:\/\/szegederarchivum.hu\/en\/wp-json\/wp\/v2\/posts\/17564\/revisions\/17570"}],"wp:featuredmedia":[{"embeddable":true,"href":"https:\/\/szegederarchivum.hu\/en\/wp-json\/wp\/v2\/media\/17571"}],"wp:attachment":[{"href":"https:\/\/szegederarchivum.hu\/en\/wp-json\/wp\/v2\/media?parent=17564"}],"wp:term":[{"taxonomy":"category","embeddable":true,"href":"https:\/\/szegederarchivum.hu\/en\/wp-json\/wp\/v2\/categories?post=17564"},{"taxonomy":"post_tag","embeddable":true,"href":"https:\/\/szegederarchivum.hu\/en\/wp-json\/wp\/v2\/tags?post=17564"}],"curies":[{"name":"wp","href":"https:\/\/api.w.org\/{rel}","templated":true}]}}