{"id":19113,"date":"2019-08-16T22:16:02","date_gmt":"2019-08-16T20:16:02","guid":{"rendered":"https:\/\/szegederarchivum.hu\/?p=19113"},"modified":"2019-11-19T16:39:08","modified_gmt":"2019-11-19T15:39:08","slug":"kozos-busz-kerekparsav-lett-a-vege-a-szentharomsag-utca-felujitasanak","status":"publish","type":"post","link":"https:\/\/szegederarchivum.hu\/en\/kozos-busz-kerekparsav-lett-a-vege-a-szentharomsag-utca-felujitasanak\/","title":{"rendered":"K\u00f6z\u00f6s busz-ker\u00e9kp\u00e1rs\u00e1v lett a v\u00e9ge a Szenth\u00e1roms\u00e1g utca fel\u00faj\u00edt\u00e1s\u00e1nak"},"content":{"rendered":"<p><strong>Elk\u00e9sz\u00fclt Szeged harmadik k\u00f6z\u00f6s s\u00e1vja, melyben egyszerre k\u00f6zlekedhetnek aut\u00f3buszok \u00e9s ker\u00e9kp\u00e1rosok. Az \u00faj\u00edt\u00e1s a Szenth\u00e1roms\u00e1g utca Sziv\u00e1rv\u00e1ny utca \u00e9s Nagyk\u00f6r\u00fat k\u00f6z\u00f6tti <a href=\"https:\/\/www.google.com\/maps\/@46.2435977,20.1398745,3a,90y,61.77h,88.01t\/data=!3m6!1e1!3m4!1sXKbZ8SGuPxGa9hczsGN-2g!2e0!7i13312!8i6656\" target=\"_blank\" rel=\"noopener noreferrer\">szakasz\u00e1n<\/a> tal\u00e1lhat\u00f3, ut\u00f3bbi ir\u00e1ny\u00e1ba.<\/strong><\/p>\n<p>A Szenth\u00e1roms\u00e1g utca fel\u00faj\u00edt\u00e1s\u00e1t m\u00e9g h\u00f3napokkal kor\u00e1bban kezdt\u00e9k meg, el\u0151sz\u00f6r, m\u00e9g tavasszal bejelentett\u00e9k, hogy <a href=\"https:\/\/szegederarchivum.hu\/helyreallitjak-a-szentharomsag-utca-vadgesztenyesorat\/\" target=\"_blank\" rel=\"noopener noreferrer\">t\u00f6bb, mint egy tucat vadgesztenyef\u00e1t \u00fcltetnek vissza az utc\u00e1ban<\/a>, illetve l\u00e9nyeg\u00e9ben v\u00e9gig rendbe teszik a z\u00f6ldter\u00fcletet. Ezt\u00e1n felmart\u00e1k az eg\u00e9sz utc\u00e1t, melyet s\u00falyos kritik\u00e1kkal illetett a helyi korm\u00e1nysajt\u00f3. Ekkor azonban m\u00e1s is t\u00f6rt\u00e9nt, hiszen az esetr\u0151l most besz\u00e1mol\u00f3 Magyar Ker\u00e9kp\u00e1rosklub szegedi alegys\u00e9ge megkereste anno a v\u00e1rost, hogy ha lehetne, kicsit szabj\u00e1k \u00e1t a forgalmi rendet a k\u00f6r\u00fat el\u0151tt.<\/p>\n<p>\u201eAmikor elkezdt\u00e9k f\u00f6l\u00faj\u00edtani a Szenth\u00e1roms\u00e1g utc\u00e1t, mint Ker\u00e9kp\u00e1rosklub megkerest\u00fck az \u00f6nkorm\u00e1nyzatot, hogy az \u00fajrafest\u00e9skor kicsit korrig\u00e1lj\u00e1k a forgalmi rendet, hogy bring\u00e1val ne a bels\u0151 s\u00e1vban kelljen biciklizni a B\u00e9csi k\u00f6r\u00fatn\u00e1l l\u00e9v\u0151 buszs\u00e1vn\u00e1l. Az \u00f6nkorm\u00e1nyzatn\u00e1l nagyon rendesek voltak, azt mondt\u00e1k, hogy a szakembereik megvizsg\u00e1lj\u00e1k a helysz\u00ednt, majd visszajeleztek, hogy ok\u00e9, \u00e9s \u00e1talak\u00edtott\u00e1k a terveket. \u00cdgy m\u00e1t\u00f3l m\u00e1r egy sz\u00e9p, \u00faj, biztons\u00e1gosabb \u00e9s vonz\u00f3bb busz-ker\u00e9kp\u00e1rs\u00e1v v\u00e1rja a k\u00f6zleked\u0151ket. A t\u00f6megk\u00f6zleked\u0151k \u00e9s a ker\u00e9kp\u00e1roz\u00f3k az aut\u00f3t haszn\u00e1l\u00f3k el\u0151tt \u00e9rkezhetnek a k\u00f6rforgalomhoz, vagyis egy minim\u00e1lis, gyakorlatilag 0 Ft-os beavatkoz\u00e1ssal siker\u00fclt a fenntarthat\u00f3 k\u00f6zleked\u00e9st fejleszteni! K\u00f6sz\u00f6nj\u00fck!\u201d<\/p>\n<p>\u00cdgy teh\u00e1t elk\u00e9sz\u00fclt a v\u00e1rosban a harmadik k\u00f6z\u00f6s \u00fatszakasz is. Ez az\u00e9rt is j\u00f3, mert \u00edgy an\u00e9lk\u00fcl lehet fejleszteni a biciklis infrastrukt\u00far\u00e1t, hogy l\u00e9nyeg\u00e9ben b\u00e1rmit tenni kellene. A Szenth\u00e1roms\u00e1g utc\u00e1ban nyilv\u00e1n nem f\u00e9rne el bicikli\u00fat, ez\u00e9rt is \u00fcdv\u00f6zlend\u0151ek az ehhez hasonl\u00f3 beruh\u00e1z\u00e1sok. A k\u00f6z\u00f6s bicikli-buszs\u00e1vok egy\u00e9bk\u00e9nt csak most kezdenek el terjedni a v\u00e1rosban. El\u0151sz\u00f6r a Fels\u0151 Tisza-part \u00e9s a Kisk\u00f6r\u00fat keresztez\u0151d\u00e9s\u00e9ben, <a href=\"https:\/\/szegederarchivum.hu\/kesz-a-varos-elso-bicikliut-buszsav-komboja\/\" target=\"_blank\" rel=\"noopener noreferrer\">a Novotel el\u0151tt k\u00e9sz\u00fclt ilyen<\/a>, majd nemsokkal k\u00e9s\u0151bb a k\u00f6r\u00fat m\u00e1sik fel\u00e9n, <a href=\"https:\/\/szegederarchivum.hu\/miert-sokkal-jobb-a-kiskorut-mint-volt\" target=\"_blank\" rel=\"noopener noreferrer\">a Dugonics t\u00e9r \u00e9s az Aradi v\u00e9rtan\u00fak tere k\u00f6z\u00f6tt<\/a>.<\/p>\n<p><a class=\"embedly-card\" href=\"https:\/\/www.facebook.com\/mkszeged\/posts\/2473131156082521?__xts__%5B0%5D=68.ARC0CiYCoLmr3tG9ZpMZIdC9ndt-lNRXcOo1nUBPbd_vY9Rxr4XnWhpydkSrKQDG4rYYKd3FIDC4ndKLrLKYtCOzLNYs5_2Hre0demDw5ZHyUsFh5aFdYe_EKKawVij1kI99TpooMuWR4Nk3GFRAWxZEH2EStlSexMkLgtf9qP3yxpR0B5Cyh1_TbfwaofRcIm030q6ToGYubDkZi7HS1gzYN9noR5fZ3G9nzCMAhQm7kLUQK-aoXvEC_oNJmf-gIL8mcwZx0jUdk_lT_y-SXLVdYloC8ge0jJbAJVNT4f_VUE-hP1_huLN73NK_rWWNbJatOlhAXdzqBvbYGH1gn_Q4Dg&amp;__tn__=-R\" data-card-controls=\"0\">CM365 &#8211; Magyar Ker\u00e9kp\u00e1rosklub Szeged<\/a><br \/>\n<script async src=\"\/\/cdn.embedly.com\/widgets\/platform.js\" charset=\"UTF-8\"><\/script><\/p>\n<p>&nbsp;<\/p>\n<figure style=\"width: 960px\" class=\"wp-caption aligncenter\"><img decoding=\"async\" loading=\"lazy\" src=\"https:\/\/live.staticflickr.com\/65535\/48553638701_25a16628bb_b.jpg\" alt=\"\" width=\"960\" height=\"720\" \/><figcaption class=\"wp-caption-text\">Instrukci\u00f3 a fest\u00e9shez. Fot\u00f3k: Magyar Ker\u00e9kp\u00e1rosklub Szeged<\/figcaption><\/figure>","protected":false},"excerpt":{"rendered":"<p>Elk\u00e9sz\u00fclt Szeged harmadik k\u00f6z\u00f6s s\u00e1vja, melyben egyszerre k\u00f6zlekedhetnek aut\u00f3buszok \u00e9s ker\u00e9kp\u00e1rosok. Az \u00faj\u00edt\u00e1s a Szenth\u00e1roms\u00e1g utca Sziv\u00e1rv\u00e1ny utca \u00e9s Nagyk\u00f6r\u00fat k\u00f6z\u00f6tti szakasz\u00e1n tal\u00e1lhat\u00f3, ut\u00f3bbi ir\u00e1ny\u00e1ba.<\/p>","protected":false},"author":1,"featured_media":19124,"comment_status":"closed","ping_status":"closed","sticky":false,"template":"","format":"standard","meta":{"_seopress_robots_primary_cat":"none"},"categories":[4],"tags":[72,2216,73,17,1317],"acf":[],"amp_enabled":true,"_links":{"self":[{"href":"https:\/\/szegederarchivum.hu\/en\/wp-json\/wp\/v2\/posts\/19113"}],"collection":[{"href":"https:\/\/szegederarchivum.hu\/en\/wp-json\/wp\/v2\/posts"}],"about":[{"href":"https:\/\/szegederarchivum.hu\/en\/wp-json\/wp\/v2\/types\/post"}],"author":[{"embeddable":true,"href":"https:\/\/szegederarchivum.hu\/en\/wp-json\/wp\/v2\/users\/1"}],"replies":[{"embeddable":true,"href":"https:\/\/szegederarchivum.hu\/en\/wp-json\/wp\/v2\/comments?post=19113"}],"version-history":[{"count":6,"href":"https:\/\/szegederarchivum.hu\/en\/wp-json\/wp\/v2\/posts\/19113\/revisions"}],"predecessor-version":[{"id":28216,"href":"https:\/\/szegederarchivum.hu\/en\/wp-json\/wp\/v2\/posts\/19113\/revisions\/28216"}],"wp:featuredmedia":[{"embeddable":true,"href":"https:\/\/szegederarchivum.hu\/en\/wp-json\/wp\/v2\/media\/19124"}],"wp:attachment":[{"href":"https:\/\/szegederarchivum.hu\/en\/wp-json\/wp\/v2\/media?parent=19113"}],"wp:term":[{"taxonomy":"category","embeddable":true,"href":"https:\/\/szegederarchivum.hu\/en\/wp-json\/wp\/v2\/categories?post=19113"},{"taxonomy":"post_tag","embeddable":true,"href":"https:\/\/szegederarchivum.hu\/en\/wp-json\/wp\/v2\/tags?post=19113"}],"curies":[{"name":"wp","href":"https:\/\/api.w.org\/{rel}","templated":true}]}}