{"id":19625,"date":"2019-10-04T21:35:17","date_gmt":"2019-10-04T19:35:17","guid":{"rendered":"https:\/\/szegederarchivum.hu\/?p=19625"},"modified":"2019-10-06T13:17:52","modified_gmt":"2019-10-06T11:17:52","slug":"elkepeszto-mennyire-gyonyoru-hid-allt-egykor-szeged-kozepen","status":"publish","type":"post","link":"https:\/\/szegederarchivum.hu\/en\/elkepeszto-mennyire-gyonyoru-hid-allt-egykor-szeged-kozepen\/","title":{"rendered":"Elk\u00e9peszt\u0151 mennyire gy\u00f6ny\u00f6r\u0171 h\u00edd \u00e1llt egykor Szeged k\u00f6zep\u00e9n"},"content":{"rendered":"<p>N\u00e9ha szembej\u00f6n egy-egy r\u00e9gi k\u00e9p mindenkivel a k\u00f6z\u00f6ss\u00e9gi m\u00e9di\u00e1ban a v\u00e1ros els\u0151 igazi h\u00eddj\u00e1r\u00f3l, ami a mai Belv\u00e1rosi hely\u00e9n \u00e1llt anno. Ilyenkor l\u00e1thatja az ember igaz\u00e1n, hogy mennyire j\u00f3l is n\u00e9zett ki ez a csupa ac\u00e9lb\u00f3l \u00e9p\u00fclt szerkezet, melyet nemsokkal a <a href=\"https:\/\/szegederarchivum.hu\/ez-a-varos-mar-eluszott\/\" target=\"_blank\" rel=\"noopener noreferrer\">Nagy\u00e1rv\u00edz<\/a> ut\u00e1n \u00e9p\u00edtettek fel.<\/p>\n<p>A h\u00edd t\u00f6rt\u00e9net\u00e9r\u0151l r\u00f6viden annyit \u00e9rdemes tudni, hogy arra p\u00e1ly\u00e1zatot 1880-ban \u00edrtak ki, \u00e9s azt egy Feketeh\u00e1zy J\u00e1nos nev\u0171, a mai Szlov\u00e1kia ter\u00fclet\u00e9n sz\u00fcletett h\u00edd\u00e9p\u00edt\u0151 mester nyerte. Sok\u00e1ig terjengett, s\u0151t, ma is ismert az a legenda, mely szerint maga Eiffel tervezte a szegedi hidat, de ez nem \u00edgy van, hiszen Eiffelnek val\u00f3ban volt k\u00f6ze hozz\u00e1, nem is kev\u00e9s (az \u0151 c\u00e9ge \u00e9p\u00edtette fel), a tervez\u00e9st azonban Feketeh\u00e1zy v\u00e9gezte.<\/p>\n<p>Ezt a legend\u00e1riumot 1933-ban \u00edgy komment\u00e1lta M\u00f3ra Ferenc: \u201eEz az \u00e1ll\u00edt\u00e1s, noha \u00e9n m\u00e1r nem el\u0151sz\u00f6r \u00e1ll\u00edtom, tal\u00e1n m\u00e9g a r\u00e9gi szegedieket is meglepi, az\u00e9rt sz\u00fcks\u00e9gesnek l\u00e1tom hiteles bizonys\u00e1gra hivatkozni. A kult\u00farpalot\u00e1ban \u0151rizz\u00fck azt a kiadv\u00e1nyt, amelyben benne vannak mindazok a tervek, amelyek a szegedi h\u00eddp\u00e1ly\u00e1zatra be\u00e9rkeztek. Van k\u00f6zt\u00fck n\u00e9met, osztr\u00e1k, holland tervezet. Valamennyinek a f\u00f6l\u00edr\u00e1sa, magyar\u00e1z\u00f3 sz\u00f6vege idegen nyelv\u0171, a tervet k\u00e9sz\u00edt\u0151 m\u00e9rn\u00f6k nyelve. Csak az Eiffel-c\u00e9g terveinek a sz\u00f6vege magyar. Azokat aligha \u00edrta az az A. G. Eiffel, aki a terveket szign\u00e1lta. Mert azt nem lehet letagadni, hogy a tervek alatt val\u00f3ban a francia \u00e9p\u00edt\u00e9sz neve van. Aminthogy a p\u00e1rizsi \u00e9p\u00edt\u0151irod\u00e1b\u00f3l kiker\u00fclt terveket nem is szign\u00e1lhatta m\u00e1s, mint a c\u00e9gf\u0151n\u00f6k.\u201d<\/p>\n<p>A hidat azt\u00e1n fel\u00e9p\u00edtett\u00e9k, 1883. szeptember 16-\u00e1n \u00e1tadt\u00e1k, \u00e9s eg\u00e9szen addig \u00e1llt a foly\u00f3 felett, am\u00edg 1944-ben az a Tisz\u00e1ba nem roskadt, miut\u00e1n a h\u00e1bor\u00faban<a href=\"https:\/\/szegederarchivum.hu\/sokkal-durvabb-volt-szeged-bombazasa-mint-azt-gondolnank\/\" target=\"_blank\" rel=\"noopener noreferrer\"> Szeged bomb\u00e1z\u00e1sakor<\/a> felrobbantott\u00e1k.<\/p>\n<p>&nbsp;<\/p>\n<figure style=\"width: 1599px\" class=\"wp-caption alignnone\"><img decoding=\"async\" loading=\"lazy\" src=\"https:\/\/live.staticflickr.com\/65535\/48623287018_be345f1248_h.jpg\" alt=\"\" width=\"1599\" height=\"1368\" \/><figcaption class=\"wp-caption-text\">Ezen az 1904-es felv\u00e9telen nem csak a h\u00edd k\u00fclseje lehet meglep\u0151, de a h\u00e1tt\u00e9rben \u00e1ll, mind\u00f6ssze 8 \u00e9ves Kult\u00farpalota is m\u00e1shogy n\u00e9z ma ki, ugyanis j\u00f3val sz\u00e9lesebb egy 50-es \u00e9vekbeli b\u0151v\u00edt\u00e9s k\u00f6vetkezt\u00e9ben. Fot\u00f3: Magyar F\u00f6ldrajzi M\u00fazeum \/ Erd\u00e9lyi M\u00f3r c\u00e9ge \/ Fortepan<\/figcaption><\/figure>\n<p>&nbsp;<\/p>\n<figure style=\"width: 1234px\" class=\"wp-caption alignnone\"><img decoding=\"async\" loading=\"lazy\" src=\"https:\/\/live.staticflickr.com\/65535\/48623790487_f9171f210f_o.jpg\" alt=\"\" width=\"1234\" height=\"693\" \/><figcaption class=\"wp-caption-text\">1928-ban ezt a l\u00e9legzetel\u00e1ll\u00edt\u00f3 k\u00e9pet l\u00e1tta, aki kitekintett a m\u00e9g \u00e9p\u00fcl\u0151 fogadalmi templomb\u00f3l. Fot\u00f3: Weinstock Ern\u0151 \/ Zempl\u00e9ni M\u00fazeum \/ Hungaricana<\/figcaption><\/figure>\n<p>&nbsp;<\/p>\n<figure style=\"width: 889px\" class=\"wp-caption aligncenter\"><img decoding=\"async\" loading=\"lazy\" src=\"https:\/\/live.staticflickr.com\/65535\/48629006977_ec88f534ea_b.jpg\" alt=\"\" width=\"889\" height=\"533\" \/><figcaption class=\"wp-caption-text\">1932-ben is volt nagyobb \u00e1rv\u00edz, \u00e1prilis 15-\u00e9n 923 centim\u00e9terrel tet\u0151z\u00f6tt a Tisza. Fot\u00f3: Kozma J\u00e1nos \/ Fortepan<\/figcaption><\/figure>\n<p>&nbsp;<\/p>\n<figure style=\"width: 1599px\" class=\"wp-caption alignnone\"><img decoding=\"async\" loading=\"lazy\" src=\"https:\/\/live.staticflickr.com\/65535\/48623790107_75e79e219a_h.jpg\" alt=\"\" width=\"1599\" height=\"1050\" \/><figcaption class=\"wp-caption-text\">Az 1891-ben \u00e9p\u00fclt <a href=\"https:\/\/www.youtube.com\/watch?v=eZgZM5oxUB8\" target=\"_blank\" rel=\"noopener noreferrer\">Luk\u00e1cs B\u00e9la g\u0151z\u00f6s<\/a> siklik \u00e1t a Tisz\u00e1n a h\u00edd alatt 1935-ben. Fot\u00f3: Plesovszki \u00c1kos \/ Fortepan<\/figcaption><\/figure>\n<p>&nbsp;<\/p>\n<figure style=\"width: 1600px\" class=\"wp-caption alignnone\"><img decoding=\"async\" loading=\"lazy\" src=\"https:\/\/live.staticflickr.com\/65535\/48623791392_4ea2e1de62_h.jpg\" alt=\"\" width=\"1600\" height=\"952\" \/><figcaption class=\"wp-caption-text\">A rakparton eg\u00e9szen az 1970-es \u00e9vekig nem volt komolyabb aut\u00f3forgalom, eleinte &#8211; nev\u00e9hez h\u0171en &#8211; rakod\u00e1si ter\u00fclet volt f\u0151k\u00e9nt. A k\u00e9p 1936-ban k\u00e9sz\u00fclt. Fot\u00f3: Fortepan<\/figcaption><\/figure>\n<p>&nbsp;<\/p>\n<figure style=\"width: 1599px\" class=\"wp-caption alignnone\"><img decoding=\"async\" loading=\"lazy\" src=\"https:\/\/live.staticflickr.com\/65535\/48623288413_cfcfd68f7d_h.jpg\" alt=\"\" width=\"1599\" height=\"1080\" \/><figcaption class=\"wp-caption-text\">De persze nem csak ez v\u00e1ltozott, haj\u00f3b\u00f3l is alig l\u00e1tni mostan\u00e1ban, ezen az 1938-as f\u00e9nyk\u00e9pen azonban m\u00e9g b\u0151ven volt forgalom. Az el\u0151t\u00e9rben hal\u00e1szb\u00e1rk\u00e1k vannak kik\u00f6tve. Fot\u00f3: N\u00e9gyesi P\u00e1l \/ Fortepan<\/figcaption><\/figure>\n<p>&nbsp;<\/p>\n<figure style=\"width: 1600px\" class=\"wp-caption alignnone\"><img decoding=\"async\" loading=\"lazy\" src=\"https:\/\/live.staticflickr.com\/65535\/48623287628_fb4311eba2_h.jpg\" alt=\"\" width=\"1600\" height=\"1012\" \/><figcaption class=\"wp-caption-text\">Sehol a partf\u00fcrd\u0151, sehol a Laposon napoz\u00f3k, de a villamos m\u00e9g j\u00e1r. Fot\u00f3: Weinstock Ern\u0151<\/figcaption><\/figure>\n<p>&nbsp;<\/p>\n<figure style=\"width: 1220px\" class=\"wp-caption alignnone\"><img decoding=\"async\" loading=\"lazy\" src=\"https:\/\/live.staticflickr.com\/65535\/48623790582_2e81a71d5f_o.jpg\" alt=\"\" width=\"1220\" height=\"703\" \/><figcaption class=\"wp-caption-text\">1931, a h\u00edd ekkor m\u00e1r csak tizenh\u00e1rom \u00e9vig \u00e1ll. Ezt k\u00f6vet\u0151en m\u00e9g hossz\u00fa h\u00f3napokig roskadoztak a foly\u00f3ban az ac\u00e9lelemek. Az \u00e9pen maradt \u00edveket <a href=\"https:\/\/szegederarchivum.hu\/ahol-ujjaszuletett-szeged-felrobbantott-hidja\/\" target=\"_blank\" rel=\"noopener noreferrer\">k\u00e9s\u0151bb t\u00f6bb magyarorsz\u00e1gi h\u00edd \u00e9p\u00edt\u00e9s\u00e9hez haszn\u00e1lt\u00e1k fel<\/a>. Fot\u00f3: Weinstock Ern\u0151 \/ Zempl\u00e9ni M\u00fazeum<\/figcaption><\/figure>\n<p>&nbsp;<\/p>","protected":false},"excerpt":{"rendered":"<p>A hidat fel\u00e9p\u00edtett\u00e9k, 1883. szeptember 16-\u00e1n \u00e1tadt\u00e1k, \u00e9s eg\u00e9szen addig \u00e1llt a foly\u00f3 felett, m\u00edg 1944-ben a Tisz\u00e1ba nem roskadt, miut\u00e1n a h\u00e1bor\u00faban felrobbantott\u00e1k.<\/p>","protected":false},"author":1,"featured_media":22773,"comment_status":"closed","ping_status":"closed","sticky":false,"template":"","format":"standard","meta":{"_seopress_robots_primary_cat":"none"},"categories":[981],"tags":[2279,1345],"acf":[],"amp_enabled":true,"_links":{"self":[{"href":"https:\/\/szegederarchivum.hu\/en\/wp-json\/wp\/v2\/posts\/19625"}],"collection":[{"href":"https:\/\/szegederarchivum.hu\/en\/wp-json\/wp\/v2\/posts"}],"about":[{"href":"https:\/\/szegederarchivum.hu\/en\/wp-json\/wp\/v2\/types\/post"}],"author":[{"embeddable":true,"href":"https:\/\/szegederarchivum.hu\/en\/wp-json\/wp\/v2\/users\/1"}],"replies":[{"embeddable":true,"href":"https:\/\/szegederarchivum.hu\/en\/wp-json\/wp\/v2\/comments?post=19625"}],"version-history":[{"count":13,"href":"https:\/\/szegederarchivum.hu\/en\/wp-json\/wp\/v2\/posts\/19625\/revisions"}],"predecessor-version":[{"id":23335,"href":"https:\/\/szegederarchivum.hu\/en\/wp-json\/wp\/v2\/posts\/19625\/revisions\/23335"}],"wp:featuredmedia":[{"embeddable":true,"href":"https:\/\/szegederarchivum.hu\/en\/wp-json\/wp\/v2\/media\/22773"}],"wp:attachment":[{"href":"https:\/\/szegederarchivum.hu\/en\/wp-json\/wp\/v2\/media?parent=19625"}],"wp:term":[{"taxonomy":"category","embeddable":true,"href":"https:\/\/szegederarchivum.hu\/en\/wp-json\/wp\/v2\/categories?post=19625"},{"taxonomy":"post_tag","embeddable":true,"href":"https:\/\/szegederarchivum.hu\/en\/wp-json\/wp\/v2\/tags?post=19625"}],"curies":[{"name":"wp","href":"https:\/\/api.w.org\/{rel}","templated":true}]}}