{"id":19844,"date":"2019-08-29T02:05:04","date_gmt":"2019-08-29T00:05:04","guid":{"rendered":"https:\/\/szegederarchivum.hu\/?p=19844"},"modified":"2019-08-29T02:05:49","modified_gmt":"2019-08-29T00:05:49","slug":"ezek-az-emberek-szetadtak-a-szin-elso-napjat","status":"publish","type":"post","link":"https:\/\/szegederarchivum.hu\/en\/ezek-az-emberek-szetadtak-a-szin-elso-napjat\/","title":{"rendered":"Ezek az emberek sz\u00e9tadt\u00e1k a SZIN els\u0151 napj\u00e1t"},"content":{"rendered":"<p>Szerdai k\u00e9peink a fesztiv\u00e1lr\u00f3l, kora est\u00e9t\u0151l \u00e9jszak\u00e1ig.<\/p>\n<p>&nbsp;<\/p>\n<figure style=\"width: 1600px\" class=\"wp-caption alignnone\"><img decoding=\"async\" loading=\"lazy\" src=\"https:\/\/live.staticflickr.com\/65535\/48639245047_664a8f42c4_h.jpg\" alt=\"\" width=\"1600\" height=\"1067\" \/><figcaption class=\"wp-caption-text\">Fot\u00f3: Sz\u0171cs D\u00e1niel \/ Szegeder<\/figcaption><\/figure>\n<p>&nbsp;<\/p>\n<figure style=\"width: 1600px\" class=\"wp-caption alignnone\"><img decoding=\"async\" loading=\"lazy\" src=\"https:\/\/live.staticflickr.com\/65535\/48639104501_556c0cd26d_h.jpg\" alt=\"\" width=\"1600\" height=\"1067\" \/><figcaption class=\"wp-caption-text\">Fot\u00f3: Sz\u0171cs D\u00e1niel \/ Szegeder<\/figcaption><\/figure>\n<p>&nbsp;<\/p>\n<figure style=\"width: 1600px\" class=\"wp-caption alignnone\"><img decoding=\"async\" loading=\"lazy\" src=\"https:\/\/live.staticflickr.com\/65535\/48639244102_ad28d23aad_h.jpg\" alt=\"\" width=\"1600\" height=\"1067\" \/><figcaption class=\"wp-caption-text\">Fot\u00f3: Sz\u0171cs D\u00e1niel \/ Szegeder<\/figcaption><\/figure>\n<p>&nbsp;<\/p>\n<figure style=\"width: 1600px\" class=\"wp-caption alignnone\"><img decoding=\"async\" loading=\"lazy\" src=\"https:\/\/live.staticflickr.com\/65535\/48639243592_610c6ae811_h.jpg\" alt=\"\" width=\"1600\" height=\"1067\" \/><figcaption class=\"wp-caption-text\">Fot\u00f3: Sz\u0171cs D\u00e1niel \/ Szegeder<\/figcaption><\/figure>\n<p>&nbsp;<\/p>\n<figure style=\"width: 1600px\" class=\"wp-caption alignnone\"><img decoding=\"async\" loading=\"lazy\" src=\"https:\/\/live.staticflickr.com\/65535\/48639242887_c4e0e0d184_h.jpg\" alt=\"\" width=\"1600\" height=\"1067\" \/><figcaption class=\"wp-caption-text\">Fot\u00f3: Sz\u0171cs D\u00e1niel \/ Szegeder<\/figcaption><\/figure>\n<p>&nbsp;<\/p>\n<figure style=\"width: 1600px\" class=\"wp-caption alignnone\"><img decoding=\"async\" loading=\"lazy\" src=\"https:\/\/live.staticflickr.com\/65535\/48639242412_ab99f87330_h.jpg\" alt=\"\" width=\"1600\" height=\"1067\" \/><figcaption class=\"wp-caption-text\">Fot\u00f3: Sz\u0171cs D\u00e1niel \/ Szegeder<\/figcaption><\/figure>\n<p>&nbsp;<\/p>\n<figure style=\"width: 1600px\" class=\"wp-caption alignnone\"><img decoding=\"async\" loading=\"lazy\" src=\"https:\/\/live.staticflickr.com\/65535\/48638745863_42d45d2ec3_h.jpg\" alt=\"\" width=\"1600\" height=\"1067\" \/><figcaption class=\"wp-caption-text\">Fot\u00f3: Sz\u0171cs D\u00e1niel \/ Szegeder<\/figcaption><\/figure>\n<p>&nbsp;<\/p>\n<figure style=\"width: 1600px\" class=\"wp-caption alignnone\"><img decoding=\"async\" loading=\"lazy\" src=\"https:\/\/live.staticflickr.com\/65535\/48639096986_09eb9cc157_h.jpg\" alt=\"\" width=\"1600\" height=\"1067\" \/><figcaption class=\"wp-caption-text\">Fot\u00f3: Sz\u0171cs D\u00e1niel \/ Szegeder<\/figcaption><\/figure>\n<p>&nbsp;<\/p>\n<figure style=\"width: 1600px\" class=\"wp-caption alignnone\"><img decoding=\"async\" loading=\"lazy\" src=\"https:\/\/live.staticflickr.com\/65535\/48639236922_c68aac80b2_h.jpg\" alt=\"\" width=\"1600\" height=\"1067\" \/><figcaption class=\"wp-caption-text\">Fot\u00f3: Sz\u0171cs D\u00e1niel \/ Szegeder<\/figcaption><\/figure>\n<p>&nbsp;<\/p>\n<figure style=\"width: 1600px\" class=\"wp-caption alignnone\"><img decoding=\"async\" loading=\"lazy\" src=\"https:\/\/live.staticflickr.com\/65535\/48639096031_2a122309ed_h.jpg\" alt=\"\" width=\"1600\" height=\"1067\" \/><figcaption class=\"wp-caption-text\">Fot\u00f3: Sz\u0171cs D\u00e1niel \/ Szegeder<\/figcaption><\/figure>\n<p>&nbsp;<\/p>\n<figure style=\"width: 1600px\" class=\"wp-caption alignnone\"><img decoding=\"async\" loading=\"lazy\" src=\"https:\/\/live.staticflickr.com\/65535\/48639235787_dbdb9a4bf1_h.jpg\" alt=\"\" width=\"1600\" height=\"1067\" \/><figcaption class=\"wp-caption-text\">Fot\u00f3: Sz\u0171cs D\u00e1niel \/ Szegeder<\/figcaption><\/figure>\n<p>&nbsp;<\/p>\n<figure style=\"width: 1600px\" class=\"wp-caption alignnone\"><img decoding=\"async\" loading=\"lazy\" src=\"https:\/\/live.staticflickr.com\/65535\/48638742798_4251d82ab3_h.jpg\" alt=\"\" width=\"1600\" height=\"1067\" \/><figcaption class=\"wp-caption-text\">Fot\u00f3: Sz\u0171cs D\u00e1niel \/ Szegeder<\/figcaption><\/figure>\n<p>&nbsp;<\/p>\n<figure style=\"width: 1600px\" class=\"wp-caption alignnone\"><img decoding=\"async\" loading=\"lazy\" src=\"https:\/\/live.staticflickr.com\/65535\/48639093901_540dffa1a4_h.jpg\" alt=\"\" width=\"1600\" height=\"1067\" \/><figcaption class=\"wp-caption-text\">Fot\u00f3: Sz\u0171cs D\u00e1niel \/ Szegeder<\/figcaption><\/figure>\n<p>&nbsp;<\/p>\n<figure style=\"width: 1600px\" class=\"wp-caption alignnone\"><img decoding=\"async\" loading=\"lazy\" src=\"https:\/\/live.staticflickr.com\/65535\/48638741288_6e4e92b181_h.jpg\" alt=\"\" width=\"1600\" height=\"1067\" \/><figcaption class=\"wp-caption-text\">Fot\u00f3: Sz\u0171cs D\u00e1niel \/ Szegeder<\/figcaption><\/figure>","protected":false},"excerpt":{"rendered":"<p>Szerdai k\u00e9peink a fesztiv\u00e1lr\u00f3l, kora est\u00e9t\u0151l \u00e9jszak\u00e1ig.<\/p>","protected":false},"author":1,"featured_media":19853,"comment_status":"closed","ping_status":"closed","sticky":false,"template":"","format":"standard","meta":{"_seopress_robots_primary_cat":"none"},"categories":[981],"tags":[218,217,1081],"acf":[],"amp_enabled":true,"_links":{"self":[{"href":"https:\/\/szegederarchivum.hu\/en\/wp-json\/wp\/v2\/posts\/19844"}],"collection":[{"href":"https:\/\/szegederarchivum.hu\/en\/wp-json\/wp\/v2\/posts"}],"about":[{"href":"https:\/\/szegederarchivum.hu\/en\/wp-json\/wp\/v2\/types\/post"}],"author":[{"embeddable":true,"href":"https:\/\/szegederarchivum.hu\/en\/wp-json\/wp\/v2\/users\/1"}],"replies":[{"embeddable":true,"href":"https:\/\/szegederarchivum.hu\/en\/wp-json\/wp\/v2\/comments?post=19844"}],"version-history":[{"count":5,"href":"https:\/\/szegederarchivum.hu\/en\/wp-json\/wp\/v2\/posts\/19844\/revisions"}],"predecessor-version":[{"id":28202,"href":"https:\/\/szegederarchivum.hu\/en\/wp-json\/wp\/v2\/posts\/19844\/revisions\/28202"}],"wp:featuredmedia":[{"embeddable":true,"href":"https:\/\/szegederarchivum.hu\/en\/wp-json\/wp\/v2\/media\/19853"}],"wp:attachment":[{"href":"https:\/\/szegederarchivum.hu\/en\/wp-json\/wp\/v2\/media?parent=19844"}],"wp:term":[{"taxonomy":"category","embeddable":true,"href":"https:\/\/szegederarchivum.hu\/en\/wp-json\/wp\/v2\/categories?post=19844"},{"taxonomy":"post_tag","embeddable":true,"href":"https:\/\/szegederarchivum.hu\/en\/wp-json\/wp\/v2\/tags?post=19844"}],"curies":[{"name":"wp","href":"https:\/\/api.w.org\/{rel}","templated":true}]}}