{"id":20182,"date":"2019-09-02T11:40:24","date_gmt":"2019-09-02T09:40:24","guid":{"rendered":"https:\/\/szegederarchivum.hu\/?p=20182"},"modified":"2019-09-02T11:40:34","modified_gmt":"2019-09-02T09:40:34","slug":"kedves-uzenettel-kezdte-a-fidesz-az-uj-tanevet","status":"publish","type":"post","link":"https:\/\/szegederarchivum.hu\/en\/kedves-uzenettel-kezdte-a-fidesz-az-uj-tanevet\/","title":{"rendered":"Kedves \u00fczenettel kezdte a Fidesz az \u00faj tan\u00e9vet"},"content":{"rendered":"<p><a href=\"https:\/\/szegederarchivum.hu\/kedves-uzenettel-kezdte-a-fidesz-az-uj-tanevet\/\"><img decoding=\"async\" src=\"https:\/\/live.staticflickr.com\/65535\/48664335027_fe6f6f77f3_h.jpg\" \/><\/a><\/p>\n<p><!--more--><\/p>\n<p>Ezzel a kamp\u00e1ny\u00fczenettel v\u00e1rta a szegedieket a Fidelitas az Aradi v\u00e9rtan\u00fak ter\u00e9re kitett t\u00e1bl\u00e1n. Els\u0151re teljesen \u00fagy t\u0171nik, mintha mindenf\u00e9le al\u00e1\u00edr\u00e1s\/tulajdonos n\u00e9lk\u00fcl tett\u00e9k volna ki, de ha az ember kisz\u00e1ll a kocsib\u00f3l, odas\u00e9t\u00e1l \u00e9s el\u00e9g k\u00f6zelr\u0151l n\u00e9zi, akkor l\u00e1that\u00f3 az apr\u00f3 bet\u0171s sor az alj\u00e1n: Felel\u0151s kiad\u00f3: Fidelitas Szegedi Szervezete 6720 Szeged, Victor Hugo u.5. (ami egy\u00e9bk\u00e9nt a Fidesz sz\u00e9kh\u00e1z c\u00edme is).<\/p>","protected":false},"excerpt":{"rendered":"","protected":false},"author":1,"featured_media":0,"comment_status":"closed","ping_status":"closed","sticky":false,"template":"","format":"standard","meta":{"_seopress_robots_primary_cat":"none"},"categories":[987],"tags":[189,1203,819,2312],"acf":[],"amp_enabled":true,"_links":{"self":[{"href":"https:\/\/szegederarchivum.hu\/en\/wp-json\/wp\/v2\/posts\/20182"}],"collection":[{"href":"https:\/\/szegederarchivum.hu\/en\/wp-json\/wp\/v2\/posts"}],"about":[{"href":"https:\/\/szegederarchivum.hu\/en\/wp-json\/wp\/v2\/types\/post"}],"author":[{"embeddable":true,"href":"https:\/\/szegederarchivum.hu\/en\/wp-json\/wp\/v2\/users\/1"}],"replies":[{"embeddable":true,"href":"https:\/\/szegederarchivum.hu\/en\/wp-json\/wp\/v2\/comments?post=20182"}],"version-history":[{"count":2,"href":"https:\/\/szegederarchivum.hu\/en\/wp-json\/wp\/v2\/posts\/20182\/revisions"}],"predecessor-version":[{"id":20189,"href":"https:\/\/szegederarchivum.hu\/en\/wp-json\/wp\/v2\/posts\/20182\/revisions\/20189"}],"wp:attachment":[{"href":"https:\/\/szegederarchivum.hu\/en\/wp-json\/wp\/v2\/media?parent=20182"}],"wp:term":[{"taxonomy":"category","embeddable":true,"href":"https:\/\/szegederarchivum.hu\/en\/wp-json\/wp\/v2\/categories?post=20182"},{"taxonomy":"post_tag","embeddable":true,"href":"https:\/\/szegederarchivum.hu\/en\/wp-json\/wp\/v2\/tags?post=20182"}],"curies":[{"name":"wp","href":"https:\/\/api.w.org\/{rel}","templated":true}]}}