{"id":21484,"date":"2019-09-16T17:09:43","date_gmt":"2019-09-16T15:09:43","guid":{"rendered":"https:\/\/szegederarchivum.hu\/?p=21484"},"modified":"2019-09-16T17:49:12","modified_gmt":"2019-09-16T15:49:12","slug":"eltunt-a-cimlap-amivel-ebredt-az-egesz-megye","status":"publish","type":"post","link":"https:\/\/szegederarchivum.hu\/en\/eltunt-a-cimlap-amivel-ebredt-az-egesz-megye\/","title":{"rendered":"Elt\u0171nt a c\u00edmlap, amivel \u00e9bredt az eg\u00e9sz megye"},"content":{"rendered":"<p>Szeptember 13-\u00e1n arra \u00e9bredt fel Csongr\u00e1d megye, hogy <a href=\"https:\/\/szegederarchivum.hu\/valamire-nagyon-emlekeztet-a-delmagyar-uj-kinezete\/\" target=\"_blank\" rel=\"noopener noreferrer\">\u00faj k\u00fcls\u0151vel jelent meg a a D\u00e9lmagyarorsz\u00e1g online kiad\u00e1sa, a delmagyar.hu<\/a>. Ezzel egy \u00fajabb l\u00e9p\u00e9ssel ker\u00fclt k\u00f6zelebb a lap ahhoz, hogy teljesen semleges legyen, majd el\u0151bb-ut\u00f3bb v\u00e9gleg kikopjon a k\u00f6ztudatb\u00f3l. B\u00e1r ez m\u00e9g v\u00e1rhat\u00f3an t\u00e1volabb van, az kijelenthet\u0151, hogy p\u00e9nteken Szeged \u00e9s a megye legolvasottabb online h\u00edrforr\u00e1sa v\u00e9gleg elvesztette identit\u00e1s\u00e1t.<\/p>\n<p>Elgondolkodhat azonban az ember azon, milyen is volt kor\u00e1bban ez a lap. \u00c9s most tiszt\u00e1n csak a k\u00fcls\u0151re gondolunk, nem a tartalm\u00e1ra, sem a hovatartoz\u00e1s\u00e1ra. Ez\u00e9rt \u00fagy d\u00f6nt\u00f6tt\u00fcnk, hogy fel\u00fctj\u00fck a mai technol\u00f3gia adta <a href=\"https:\/\/web.archive.org\" target=\"_blank\" rel=\"noopener noreferrer\">csod\u00e1s lehet\u0151s\u00e9geket<\/a>, \u00e9s bemutatjuk, hogyan n\u00e9zett ki a D\u00e9lmagyarorsz\u00e1g \u00e9s a 2000-es \u00e9vek elej\u00e9t\u0151l megjelen\u0151 online kiad\u00e1s c\u00edmlapja az elm\u00falt sz\u00e1zkilenc esztend\u0151ben. Az \u00fajs\u00e1g el\u0151sz\u00f6r 1910. m\u00e1jus 22-\u00e9n jelent meg, de reflekt\u00e1lva a most t\u00f6rt\u00e9ntekre, mi a szeptember 13-i p\u00e9ld\u00e1nyokat mutatjuk, azokb\u00f3l is csak egyet \u00e9vtizedenk\u00e9nt.<\/p>\n<p>&nbsp;<\/p>\n<figure style=\"width: 552px\" class=\"wp-caption aligncenter\"><a href=\"https:\/\/library.hungaricana.hu\/hu\/view\/Delmagyarorszag_1910_09\/?pg=156&amp;layout=s\" target=\"_blank\" rel=\"noopener noreferrer\"><img decoding=\"async\" loading=\"lazy\" src=\"https:\/\/jubilee-live.flickr.com\/65535\/48725599853_6be679e743_o.jpg\" alt=\"\" width=\"552\" height=\"850\" \/><\/a><figcaption class=\"wp-caption-text\">A k\u00e9pekre kattintva megny\u00edlik az adott napi \u00fajs\u00e1g, teljes m\u00e9retben. 1910. szeptember 13-\u00e1n jelent meg a D\u00e9lmagyarorsz\u00e1g 94. sz\u00e1ma, ekkor m\u00e9g igaz\u00e1n fiatalnak volt tekinthet\u0151 az \u00fajs\u00e1g. Ebben \u00edrnak arr\u00f3l, hogy hamarosan \u00e1llamos\u00edtj\u00e1k a szegedi utakat, de sz\u00f3 esik arr\u00f3l is, hogy hamarosan fel\u00fctheti a fej\u00e9t a kolera, amely a Dun\u00e1n kereszt\u00fcl jutott be az ekkor m\u00e9g t\u00f6rt\u00e9nelmi m\u00e9reteiben pomp\u00e1z\u00f3 Magyarorsz\u00e1gra. Fot\u00f3: Szegedi Tudom\u00e1nyegyetem Klebelsberg K\u00f6nyvt\u00e1r \/ Hungaricana<\/figcaption><\/figure>\n<p>&nbsp;<\/p>\n<figure style=\"width: 583px\" class=\"wp-caption aligncenter\"><a href=\"https:\/\/library.hungaricana.hu\/hu\/view\/Delmagyarorszag_1920_09\/?pg=46&amp;layout=s\" target=\"_blank\" rel=\"noopener noreferrer\"><img decoding=\"async\" loading=\"lazy\" src=\"https:\/\/jubilee-live.flickr.com\/65535\/48726102577_d96530a18a_o.jpg\" alt=\"\" width=\"583\" height=\"850\" \/><\/a><figcaption class=\"wp-caption-text\">1920. szeptember 13-\u00e1n h\u00e9tf\u0151 volt, \u00edgy nem jelent meg a lap. A keddi sz\u00e1mban m\u00e1r a m\u00e1sodik lapon arr\u00f3l \u00edrnak, hogy a francia Eclair \u00fajs\u00e1g <em>Holnapi Eur\u00f3pa<\/em> c\u00edmmel \u00edrt cikket, melyben Magyarorsz\u00e1g hamarosan bek\u00f6vetkezend\u0151 gazdas\u00e1gi \u00fajj\u00e1sz\u00fclet\u00e9s\u00e9r\u0151l van sz\u00f3. Fot\u00f3: Szegedi Tudom\u00e1nyegyetem Klebelsberg K\u00f6nyvt\u00e1r \/ Hungaricana<\/figcaption><\/figure>\n<p>&nbsp;<\/p>\n<figure style=\"width: 591px\" class=\"wp-caption aligncenter\"><a href=\"https:\/\/library.hungaricana.hu\/hu\/view\/Delmagyarorszag_1930_09\/?pg=94&amp;layout=s\" target=\"_blank\" rel=\"noopener noreferrer\"><img decoding=\"async\" loading=\"lazy\" src=\"https:\/\/jubilee-live.flickr.com\/65535\/48725928296_746f7a16fe_o.jpg\" alt=\"\" width=\"591\" height=\"851\" \/><\/a><figcaption class=\"wp-caption-text\">Persze a kor rekl\u00e1mjai is meg\u00e9rnek n\u00e9mi eml\u00edt\u00e9st: 1930-ban angol \u201eSeltona\u201d \u00f6nsz\u00ednez\u0151 f\u00e9nyk\u00e9ppap\u00edrt, Styria \u00e9s Triumph ker\u00e9kp\u00e1rokat \u00e9s Dr. Gr\u00e9f-f\u00e9le boraxos k\u00f6lnivizet is hirdettek a lapban, de azt is innen tudt\u00e1k meg a szegediek, hogy a Szent Imre \u00fcnneps\u00e9gr\u0151l k\u00e9sz\u00fclt felv\u00e9teleket aznap este a Korz\u00f3 Moziban vet\u00edtik. Fot\u00f3: Szegedi Tudom\u00e1nyegyetem Klebelsberg K\u00f6nyvt\u00e1r \/ Hungaricana<\/figcaption><\/figure>\n<p>&nbsp;<\/p>\n<figure style=\"width: 596px\" class=\"wp-caption aligncenter\"><a href=\"https:\/\/library.hungaricana.hu\/hu\/view\/Delmagyarorszag_1940_09\/?pg=88&amp;layout=s\" target=\"_blank\" rel=\"noopener noreferrer\"><img decoding=\"async\" loading=\"lazy\" src=\"https:\/\/jubilee-live.flickr.com\/65535\/48726102362_c1254a36dc_o.jpg\" alt=\"\" width=\"596\" height=\"851\" \/><\/a><figcaption class=\"wp-caption-text\">\u201eHonv\u00e9deink ma befejezik Erd\u00e9ly felszabadult r\u00e9sz\u00e9nek megsz\u00e1ll\u00e1st\u201d &#8211; \u00edrta a D\u00e9lmagyarorsz\u00e1g 1940. szeptember 13-\u00e1n. A lap c\u00edme alatt ekkor a \u201eKereszt\u00e9ny politikai napilap\u201d felirat szerepelt. Fot\u00f3: Szegedi Tudom\u00e1nyegyetem Klebelsberg K\u00f6nyvt\u00e1r \/ Hungaricana<\/figcaption><\/figure>\n<p>&nbsp;<\/p>\n<figure style=\"width: 552px\" class=\"wp-caption aligncenter\"><a href=\"https:\/\/library.hungaricana.hu\/hu\/view\/Delmagyarorszag_1950_09\/?pg=68&amp;layout=s\" target=\"_blank\" rel=\"noopener noreferrer\"><img decoding=\"async\" loading=\"lazy\" class=\"\" src=\"https:\/\/live.staticflickr.com\/65535\/48743640536_f7d47f5e31_o.png\" alt=\"\" width=\"552\" height=\"850\" \/><\/a><figcaption class=\"wp-caption-text\">1950-re azt\u00e1n v\u00e9gk\u00e9pp a politik\u00e1\u00e9 lett a lap, a szeptember 13-i sz\u00e1mban, \u00edgy ker\u00fclhetett a k\u00f6vetkez\u0151 sz\u00f6veg is a fejl\u00e9cbe: \u201eR\u00e1kosi elvt\u00e1rs kiszabad\u00edt\u00e1s\u00e1nak \u00e9vfordul\u00f3j\u00e1ra versenyt ind\u00edtottak a Textilkombin\u00e1t dolgoz\u00f3i\u201d. A 32 ezer fon\u00f3ors\u00f3s \u00fczemet egy\u00e9bk\u00e9nt az \u00e9v janu\u00e1rj\u00e1ban adt\u00e1k \u00e1t, \u00e9p\u00fclet\u00e9ben ma a Hans\u00e1gi szakk\u00f6z\u00e9piskola \u00e9s t\u00f6bb kisebb-nagyobb c\u00e9g m\u0171k\u00f6dik. Fot\u00f3: Szegedi Tudom\u00e1nyegyetem Klebelsberg K\u00f6nyvt\u00e1r \/ Hungaricana<\/figcaption><\/figure>\n<p>&nbsp;<\/p>\n<figure style=\"width: 547px\" class=\"wp-caption aligncenter\"><a href=\"https:\/\/library.hungaricana.hu\/hu\/view\/Delmagyarorszag_1960_09\/?pg=68&amp;layout=s\" target=\"_blank\" rel=\"noopener noreferrer\"><img decoding=\"async\" loading=\"lazy\" src=\"https:\/\/jubilee-live.flickr.com\/65535\/48725927911_4164a1d3a4_o.jpg\" alt=\"\" width=\"547\" height=\"851\" \/><\/a><figcaption class=\"wp-caption-text\">\u201eVil\u00e1g prolet\u00e1rjai egyes\u00fcljetek!\u201d A D\u00e9lmagyarorsz\u00e1g, ami ekkoriban a magyar szocialista munk\u00e1sp\u00e1rt lapjak\u00e9nt titul\u00e1lta mag\u00e1t, azaz titul\u00e1ltatt\u00e1k fentr\u0151l, 1960. m\u00e1jus 22-t\u0151l egy apr\u00f3cska k\u00fcl\u00f6nbs\u00e9ggel jelent meg: k\u00f6t\u0151jellel \u00edrt\u00e1k a nev\u00e9t. Erre <a href=\"https:\/\/library.hungaricana.hu\/hu\/view\/Delmagyarorszag_1960_05\/?pg=134&amp;layout=s\" target=\"_blank\" rel=\"noopener noreferrer\">magyar\u00e1zatot<\/a> is kapnak az olvas\u00f3k, m\u00e9ghozz\u00e1 azt, hogy a Magyar Tudom\u00e1nyos Akad\u00e9mia helyes\u00edr\u00e1si szab\u00e1lyzat\u00e1hoz k\u00edv\u00e1nnak igazodni, mely \u201e<span class=\"selected\" data-canvas-width=\"45.9314064\">k\u00f6telez\u0151<\/span> <span class=\"selected\" data-canvas-width=\"16.0684128\">\u00e9r<\/span><span class=\"selected\" data-canvas-width=\"33.680275200000004\">v\u00e9ny\u0171<\/span> <span class=\"selected\" data-canvas-width=\"48.288398400000005\">minden<\/span> <span class=\"selected\" data-canvas-width=\"64.3287744\">\u00edr\u00e1sm\u0171n\u00e9l<\/span>\u201d. Itt arr\u00f3l is megnyugtatj\u00e1k az olvas\u00f3kat, hogy mivel eredetileg is \u00edgy kellett volna elnevezni a lapot m\u00e9g 1910-ben, nincs ok att\u00f3l f\u00e9lni, hogy \u00fajb\u00f3l megv\u00e1ltozik a n\u00e9v, ez m\u00e1r v\u00e9gleges. Nos, a v\u00e9glegess\u00e9g 1969-ig tartott, az\u00f3ta, pontosabban janu\u00e1r 31-t\u0151l, \u00fajb\u00f3l egybe \u00edrj\u00e1k. 1960-ban egy\u00e9bk\u00e9nt nem kis \u00e9rdekl\u0151d\u00e9s \u00f6vezte Paul Robenson amerikai \u00e9nekes D\u00f3m t\u00e9ri fell\u00e9p\u00e9s\u00e9t, melyr\u0151l a c\u00edmlapon k\u00e9peket is k\u00f6z\u00f6ltek, ami ritkas\u00e1g volt m\u00e9g ekkoriban. Fot\u00f3: Szegedi Tudom\u00e1nyegyetem Klebelsberg K\u00f6nyvt\u00e1r \/ Hungaricana<\/figcaption><\/figure>\n<p>&nbsp;<\/p>\n<figure style=\"width: 532px\" class=\"wp-caption aligncenter\"><a href=\"https:\/\/library.hungaricana.hu\/hu\/view\/Delmagyarorszag_1970_09\/?pg=94&amp;layout=s\" target=\"_blank\" rel=\"noopener noreferrer\"><img decoding=\"async\" loading=\"lazy\" src=\"https:\/\/jubilee-live.flickr.com\/65535\/48725599058_1a4478a43f_o.jpg\" alt=\"\" width=\"532\" height=\"851\" \/><\/a><figcaption class=\"wp-caption-text\">De nem csak ez v\u00e1ltozott meg ekkoriban, ugyanis bet\u0171t\u00edpust is v\u00e1ltottak: elhagyt\u00e1k a talpas bet\u0171ket, \u00e9s modernebbre cser\u00e9lt\u00e9k azokat. 1970-ben 30 milli\u00e1rd forintot ford\u00edtottak vas\u00fatfejleszt\u00e9sre, de sz\u00f3 esik az \u00e1rv\u00edz okozta k\u00e1rokr\u00f3l is. 1970-ben volt ugyanis az egyik legs\u00falyosabb \u00e1rv\u00edz valaha, ekkor magasabban tet\u0151z\u00f6tt a Tisza, mint 1879-ben. Ennek hat\u00e1s\u00e1ra kezdt\u00e9k meg v\u00e9g\u00fcl a <a href=\"https:\/\/szegederarchivum.hu\/a-kodarab-a-tisza-parton-es-a-130-ev-amit-vegignezett\/\" target=\"_blank\" rel=\"noopener noreferrer\">rakpart<\/a> fejleszt\u00e9s\u00e9t is. Fot\u00f3: Szegedi Tudom\u00e1nyegyetem Klebelsberg K\u00f6nyvt\u00e1r \/ Hungaricana<\/figcaption><\/figure>\n<p>&nbsp;<\/p>\n<figure style=\"width: 543px\" class=\"wp-caption aligncenter\"><a href=\"https:\/\/library.hungaricana.hu\/hu\/view\/Delmagyarorszag_1980_09\/?pg=84&amp;layout=s\" target=\"_blank\" rel=\"noopener noreferrer\"><img decoding=\"async\" loading=\"lazy\" src=\"https:\/\/jubilee-live.flickr.com\/65535\/48725598918_19a6079f23_o.jpg\" alt=\"\" width=\"543\" height=\"850\" \/><\/a><figcaption class=\"wp-caption-text\">\u201eFELH\u00cdV\u00c1S az 1964. szeptember 1. \u00e9s 1968. augusztus 31. k\u00f6z\u00f6tt sz\u00fcletett, 8 \u00e1ltal\u00e1nos iskol\u00e1t v\u00e9gzett, de tov\u00e1bb nem tanul\u00f3 fiatalokhoz, hogy szeptember 20-tg a tov\u00e1bbk\u00e9pz\u0151 iskol\u00e1ba (Szeged, Br\u00fcsszeli krt. 37.) iratkozzanak be. A beiratkoz\u00e1s k\u00f6telez\u0151. Elmulaszt\u00e1sa b\u00fcntet\u00e9st von maga ut\u00e1n. IGAZGAT\u00d3S\u00c1G\u201d &#8211; sz\u00f3l a keretes hirdetm\u00e9ny 1980. szeptember\u00e9b\u0151l. Fot\u00f3: Szegedi Tudom\u00e1nyegyetem Klebelsberg K\u00f6nyvt\u00e1r \/ Hungaricana<\/figcaption><\/figure>\n<p>&nbsp;<\/p>\n<figure style=\"width: 529px\" class=\"wp-caption aligncenter\"><a href=\"https:\/\/library.hungaricana.hu\/hu\/view\/Delmagyarorszag_1990_09\/?pg=124&amp;layout=s\" target=\"_blank\" rel=\"noopener noreferrer\"><img decoding=\"async\" loading=\"lazy\" src=\"https:\/\/jubilee-live.flickr.com\/65535\/48726101637_96abbf8618_o.jpg\" alt=\"\" width=\"529\" height=\"849\" \/><\/a><figcaption class=\"wp-caption-text\">T\u00edz \u00e9v eltelt\u00e9vel \u00fajb\u00f3l m\u00e1s arccal jelentkezett a lap. J\u00f3val nagyobb sz\u00e1mban jelentek meg benne f\u00e9nyk\u00e9pek, \u00e9s megsz\u0171nt az \u00e1llam propagandalapj\u00e1nak lenni. Fot\u00f3: Szegedi Tudom\u00e1nyegyetem Klebelsberg K\u00f6nyvt\u00e1r \/ Hungaricana<\/figcaption><\/figure>\n<p>&nbsp;<\/p>\n<figure style=\"width: 563px\" class=\"wp-caption aligncenter\"><a href=\"https:\/\/library.hungaricana.hu\/hu\/view\/Delmagyarorszag_2000_09\/?pg=152&amp;layout=s\" target=\"_blank\" rel=\"noopener noreferrer\"><img decoding=\"async\" loading=\"lazy\" src=\"https:\/\/jubilee-live.flickr.com\/65535\/48725927446_ebeb093f11_o.jpg\" alt=\"\" width=\"563\" height=\"851\" \/><\/a><figcaption class=\"wp-caption-text\">Azt neh\u00e9z bel\u0151ni, hogy pontosan mikor jelent meg az els\u0151 sz\u00ednes D\u00e9lmagyarorsz\u00e1g. Az els\u0151, melyben sz\u00ednes fot\u00f3k illusztr\u00e1lt\u00e1k a h\u00edreket, 1999. szeptember 13-\u00e1n lepte el a v\u00e1rost, de a hirdet\u00e9sek m\u00e1r el\u0151tte sem voltak mind fekete-feh\u00e9rek. Fot\u00f3: Szegedi Tudom\u00e1nyegyetem Klebelsberg K\u00f6nyvt\u00e1r \/ Hungaricana<\/figcaption><\/figure>\n<p>&nbsp;<\/p>\n<figure style=\"width: 756px\" class=\"wp-caption aligncenter\"><a href=\"https:\/\/web.archive.org\/web\/20020803031925\/http:\/\/www.delmagyar.hu\/\" target=\"_blank\" rel=\"noopener noreferrer\"><img decoding=\"async\" loading=\"lazy\" src=\"https:\/\/jubilee-live.flickr.com\/65535\/48725598363_19bf72ed5a_b.jpg\" alt=\"\" width=\"756\" height=\"849\" \/><\/a><figcaption class=\"wp-caption-text\">A lap azt\u00e1n, haladva a korral 2001. okt\u00f3ber 1-\u00e9vel felker\u00fclt az internetre is, eleinte a maihoz szinte semmiben sem hasonl\u00edt\u00f3 k\u00fcls\u0151vel. Fot\u00f3: web.archive.org<\/figcaption><\/figure>\n<p>&nbsp;<\/p>\n<figure style=\"width: 990px\" class=\"wp-caption aligncenter\"><a href=\"https:\/\/web.archive.org\/web\/20110614203404\/http:\/\/www.delmagyar.hu\/\" target=\"_blank\" rel=\"noopener noreferrer\"><img decoding=\"async\" loading=\"lazy\" src=\"https:\/\/jubilee-live.flickr.com\/65535\/48725598333_1f2f8f6456_o.png\" alt=\"\" width=\"990\" height=\"842\" \/><\/a><figcaption class=\"wp-caption-text\">A napokban elt\u0171nt online c\u00edmlap viszonylag r\u00e9gen, m\u00e9g 2007-ben deb\u00fct\u00e1lt, ezt \u00e1llamos\u00edtott\u00e1k most. Fot\u00f3: web.archive.org<\/figcaption><\/figure>","protected":false},"excerpt":{"rendered":"<p>Szeptember 13-\u00e1n arra \u00e9bredt fel Csongr\u00e1d megye, hogy \u00faj k\u00fcls\u0151vel jelent meg a a D\u00e9lmagyarorsz\u00e1g online kiad\u00e1sa, a delmagyar.hu. Ezzel egy \u00fajabb l\u00e9p\u00e9ssel ker\u00fclt k\u00f6zelebb a lap ahhoz, hogy teljesen semleges legyen, majd el\u0151bb-ut\u00f3bb v\u00e9gleg kikopjon a k\u00f6ztudatb\u00f3l. B\u00e1r ez m\u00e9g v\u00e1rhat\u00f3an t\u00e1volabb van, az kijelenthet\u0151, hogy p\u00e9nteken Szeged \u00e9s a megye legolvasottabb online h\u00edrforr\u00e1sa v\u00e9gleg elvesztette identit\u00e1s\u00e1t.<\/p>","protected":false},"author":1,"featured_media":21635,"comment_status":"closed","ping_status":"closed","sticky":false,"template":"","format":"standard","meta":{"_seopress_robots_primary_cat":"none"},"categories":[981],"tags":[2425,1038,921,2421],"acf":[],"amp_enabled":true,"_links":{"self":[{"href":"https:\/\/szegederarchivum.hu\/en\/wp-json\/wp\/v2\/posts\/21484"}],"collection":[{"href":"https:\/\/szegederarchivum.hu\/en\/wp-json\/wp\/v2\/posts"}],"about":[{"href":"https:\/\/szegederarchivum.hu\/en\/wp-json\/wp\/v2\/types\/post"}],"author":[{"embeddable":true,"href":"https:\/\/szegederarchivum.hu\/en\/wp-json\/wp\/v2\/users\/1"}],"replies":[{"embeddable":true,"href":"https:\/\/szegederarchivum.hu\/en\/wp-json\/wp\/v2\/comments?post=21484"}],"version-history":[{"count":21,"href":"https:\/\/szegederarchivum.hu\/en\/wp-json\/wp\/v2\/posts\/21484\/revisions"}],"predecessor-version":[{"id":21784,"href":"https:\/\/szegederarchivum.hu\/en\/wp-json\/wp\/v2\/posts\/21484\/revisions\/21784"}],"wp:featuredmedia":[{"embeddable":true,"href":"https:\/\/szegederarchivum.hu\/en\/wp-json\/wp\/v2\/media\/21635"}],"wp:attachment":[{"href":"https:\/\/szegederarchivum.hu\/en\/wp-json\/wp\/v2\/media?parent=21484"}],"wp:term":[{"taxonomy":"category","embeddable":true,"href":"https:\/\/szegederarchivum.hu\/en\/wp-json\/wp\/v2\/categories?post=21484"},{"taxonomy":"post_tag","embeddable":true,"href":"https:\/\/szegederarchivum.hu\/en\/wp-json\/wp\/v2\/tags?post=21484"}],"curies":[{"name":"wp","href":"https:\/\/api.w.org\/{rel}","templated":true}]}}