{"id":21995,"date":"2019-09-18T17:35:55","date_gmt":"2019-09-18T15:35:55","guid":{"rendered":"https:\/\/szegederarchivum.hu\/?p=21995"},"modified":"2019-09-18T17:36:37","modified_gmt":"2019-09-18T15:36:37","slug":"nemzetkozive-valas-elott","status":"publish","type":"post","link":"https:\/\/szegederarchivum.hu\/en\/nemzetkozive-valas-elott\/","title":{"rendered":"Nemzetk\u00f6ziv\u00e9 v\u00e1l\u00e1s el\u0151tt"},"content":{"rendered":"<p>&nbsp;<\/p>\n<figure style=\"width: 1600px\" class=\"wp-caption alignnone\"><img decoding=\"async\" loading=\"lazy\" src=\"https:\/\/live.staticflickr.com\/65535\/48754412798_9bf7bad05e_h.jpg\" alt=\"\" width=\"1600\" height=\"1067\" \/><figcaption class=\"wp-caption-text\">Fot\u00f3: Szegedi Rep\u00fcl\u0151napok &amp; L\u00e9gipar\u00e1d\u00e9<\/figcaption><\/figure>\n<p>&nbsp;<\/p>\n<figure style=\"width: 1599px\" class=\"wp-caption alignnone\"><img decoding=\"async\" loading=\"lazy\" src=\"https:\/\/live.staticflickr.com\/65535\/48754414148_78faac2fb4_h.jpg\" alt=\"\" width=\"1599\" height=\"1066\" \/><figcaption class=\"wp-caption-text\">Fot\u00f3: Szegedi Rep\u00fcl\u0151napok &amp; L\u00e9gipar\u00e1d\u00e9<\/figcaption><\/figure>\n<p>&nbsp;<\/p>\n<figure style=\"width: 1599px\" class=\"wp-caption alignnone\"><img decoding=\"async\" loading=\"lazy\" src=\"https:\/\/live.staticflickr.com\/65535\/48754414038_d98424cbe4_h.jpg\" alt=\"\" width=\"1599\" height=\"1066\" \/><figcaption class=\"wp-caption-text\">Fot\u00f3: Szegedi Rep\u00fcl\u0151napok &amp; L\u00e9gipar\u00e1d\u00e9<\/figcaption><\/figure>\n<p>&nbsp;<\/p>\n<figure style=\"width: 1596px\" class=\"wp-caption alignnone\"><img decoding=\"async\" loading=\"lazy\" src=\"https:\/\/live.staticflickr.com\/65535\/48754734686_abbcf7bc72_o.jpg\" alt=\"\" width=\"1596\" height=\"1064\" \/><figcaption class=\"wp-caption-text\">Fot\u00f3: Szegedi Rep\u00fcl\u0151napok &amp; L\u00e9gipar\u00e1d\u00e9<\/figcaption><\/figure>\n<p>&nbsp;<\/p>\n<figure style=\"width: 1600px\" class=\"wp-caption alignnone\"><img decoding=\"async\" loading=\"lazy\" src=\"https:\/\/live.staticflickr.com\/65535\/48754930252_37adaf1053_h.jpg\" alt=\"\" width=\"1600\" height=\"1067\" \/><figcaption class=\"wp-caption-text\">Fot\u00f3: Szegedi Rep\u00fcl\u0151napok &amp; L\u00e9gipar\u00e1d\u00e9<\/figcaption><\/figure>\n<p>&nbsp;<\/p>\n<figure style=\"width: 1600px\" class=\"wp-caption alignnone\"><img decoding=\"async\" loading=\"lazy\" src=\"https:\/\/live.staticflickr.com\/65535\/48754929297_69e61e089c_h.jpg\" alt=\"\" width=\"1600\" height=\"1067\" \/><figcaption class=\"wp-caption-text\">Fot\u00f3: Szegedi Rep\u00fcl\u0151napok &amp; L\u00e9gipar\u00e1d\u00e9<\/figcaption><\/figure>\n<p>&nbsp;<\/p>\n<figure style=\"width: 1600px\" class=\"wp-caption alignnone\"><img decoding=\"async\" loading=\"lazy\" src=\"https:\/\/live.staticflickr.com\/65535\/48754413753_a4ff3467f6_h.jpg\" alt=\"\" width=\"1600\" height=\"1067\" \/><figcaption class=\"wp-caption-text\">Fot\u00f3: Szegedi Rep\u00fcl\u0151napok &amp; L\u00e9gipar\u00e1d\u00e9<\/figcaption><\/figure>\n<p>&nbsp;<\/p>\n<figure style=\"width: 1600px\" class=\"wp-caption alignnone\"><img decoding=\"async\" loading=\"lazy\" src=\"https:\/\/live.staticflickr.com\/65535\/48754930647_ba836e1ca0_h.jpg\" alt=\"\" width=\"1600\" height=\"1067\" \/><figcaption class=\"wp-caption-text\">Fot\u00f3: Szegedi Rep\u00fcl\u0151napok &amp; L\u00e9gipar\u00e1d\u00e9<\/figcaption><\/figure>\n<p>&nbsp;<\/p>\n<figure style=\"width: 1600px\" class=\"wp-caption alignnone\"><img decoding=\"async\" loading=\"lazy\" src=\"https:\/\/live.staticflickr.com\/65535\/48754733546_902e25eb6a_h.jpg\" alt=\"\" width=\"1600\" height=\"1067\" \/><figcaption class=\"wp-caption-text\">Fot\u00f3: Szegedi Rep\u00fcl\u0151napok &amp; L\u00e9gipar\u00e1d\u00e9<\/figcaption><\/figure>\n<p>&nbsp;<\/p>\n<figure style=\"width: 1600px\" class=\"wp-caption alignnone\"><img decoding=\"async\" loading=\"lazy\" src=\"https:\/\/live.staticflickr.com\/65535\/48754929637_0effcbd08e_h.jpg\" alt=\"\" width=\"1600\" height=\"1067\" \/><figcaption class=\"wp-caption-text\">Fot\u00f3: Szegedi Rep\u00fcl\u0151napok &amp; L\u00e9gipar\u00e1d\u00e9<\/figcaption><\/figure>\n<p>&nbsp;<\/p>\n<figure style=\"width: 1599px\" class=\"wp-caption alignnone\"><img decoding=\"async\" loading=\"lazy\" src=\"https:\/\/live.staticflickr.com\/65535\/48754413068_459a5fd31b_h.jpg\" alt=\"\" width=\"1599\" height=\"1066\" \/><figcaption class=\"wp-caption-text\">Fot\u00f3: Szegedi Rep\u00fcl\u0151napok &amp; L\u00e9gipar\u00e1d\u00e9<\/figcaption><\/figure>\n<p>&nbsp;<\/p>\n<figure style=\"width: 1600px\" class=\"wp-caption alignnone\"><img decoding=\"async\" loading=\"lazy\" src=\"https:\/\/live.staticflickr.com\/65535\/48754412933_1712ba1586_h.jpg\" alt=\"\" width=\"1600\" height=\"1067\" \/><figcaption class=\"wp-caption-text\">Fot\u00f3: Szegedi Rep\u00fcl\u0151napok &amp; L\u00e9gipar\u00e1d\u00e9<\/figcaption><\/figure>\n<p>&nbsp;<\/p>\n<figure style=\"width: 1599px\" class=\"wp-caption alignnone\"><img decoding=\"async\" loading=\"lazy\" src=\"https:\/\/live.staticflickr.com\/65535\/48754413613_5023927fdb_h.jpg\" alt=\"\" width=\"1599\" height=\"1066\" \/><figcaption class=\"wp-caption-text\">Fot\u00f3: Szegedi Rep\u00fcl\u0151napok &amp; L\u00e9gipar\u00e1d\u00e9<\/figcaption><\/figure>\n<p>&nbsp;<\/p>\n<figure style=\"width: 1600px\" class=\"wp-caption alignnone\"><img decoding=\"async\" loading=\"lazy\" src=\"https:\/\/live.staticflickr.com\/65535\/48754929817_b21dd225fa_h.jpg\" alt=\"\" width=\"1600\" height=\"1067\" \/><figcaption class=\"wp-caption-text\">Fot\u00f3: Szegedi Rep\u00fcl\u0151napok &amp; L\u00e9gipar\u00e1d\u00e9<\/figcaption><\/figure>\n<p>&nbsp;<\/p>\n<figure style=\"width: 1600px\" class=\"wp-caption alignnone\"><img decoding=\"async\" loading=\"lazy\" src=\"https:\/\/live.staticflickr.com\/65535\/48754734201_1f546916da_h.jpg\" alt=\"\" width=\"1600\" height=\"1067\" \/><figcaption class=\"wp-caption-text\">Fot\u00f3: Szegedi Rep\u00fcl\u0151napok &amp; L\u00e9gipar\u00e1d\u00e9<\/figcaption><\/figure>\n<p>&nbsp;<\/p>\n<figure style=\"width: 1599px\" class=\"wp-caption alignnone\"><img decoding=\"async\" loading=\"lazy\" src=\"https:\/\/live.staticflickr.com\/65535\/48754734381_86466c8bd4_h.jpg\" alt=\"\" width=\"1599\" height=\"1066\" \/><figcaption class=\"wp-caption-text\">Fot\u00f3: Szegedi Rep\u00fcl\u0151napok &amp; L\u00e9gipar\u00e1d\u00e9<\/figcaption><\/figure>\n<p>&nbsp;<\/p>\n<figure style=\"width: 1599px\" class=\"wp-caption alignnone\"><img decoding=\"async\" loading=\"lazy\" src=\"https:\/\/live.staticflickr.com\/65535\/48754929592_c69859bac0_h.jpg\" alt=\"\" width=\"1599\" height=\"1066\" \/><figcaption class=\"wp-caption-text\">Fot\u00f3: Szegedi Rep\u00fcl\u0151napok &amp; L\u00e9gipar\u00e1d\u00e9<\/figcaption><\/figure>\n<p>&nbsp;<\/p>","protected":false},"excerpt":{"rendered":"<p>2016 \u00f3ta rendezik meg a Szegedi Rep\u00fcl\u0151napok &#038; L\u00e9gipar\u00e1d\u00e9t a rep\u00fcl\u0151t\u00e9ren. A rendezv\u00e9ny sz\u00e9pen fokozatosan \u00e9p\u00edtette ki mag\u00e1t, 2017-ben \u00e9s 2018-ban 20-20 ezren l\u00e1togatt\u00e1k, id\u00e9n pedig m\u00e1r 25 ezren. 2020-t\u00f3l azonban val\u00f3ra v\u00e1lik a szervez\u0151k \u00e9s sok rep\u00fcl\u0151fan \u00e1lma, ugyanis Szeged International Airshow n\u00e9vre v\u00e1ltanak. Ennek pedig k\u00e9t hozama van: azon t\u00fal, hogy r\u00f6vid\u00edt\u00e9s\u00fck a legaranyosabb lesz, SZIA, nemzetk\u00f6zileg is nagyobb figyelmet kapnak majd, kezdve azzal, hogy beker\u00fclnek a legn\u00edv\u00f3sabb rep\u00fcl\u0151napokat sz\u00e1mon tart\u00f3 napt\u00e1rakba.<\/p>","protected":false},"author":1,"featured_media":22005,"comment_status":"closed","ping_status":"closed","sticky":false,"template":"","format":"standard","meta":{"_seopress_robots_primary_cat":"none"},"categories":[981],"tags":[2483,518,427,2376],"acf":[],"amp_enabled":true,"_links":{"self":[{"href":"https:\/\/szegederarchivum.hu\/en\/wp-json\/wp\/v2\/posts\/21995"}],"collection":[{"href":"https:\/\/szegederarchivum.hu\/en\/wp-json\/wp\/v2\/posts"}],"about":[{"href":"https:\/\/szegederarchivum.hu\/en\/wp-json\/wp\/v2\/types\/post"}],"author":[{"embeddable":true,"href":"https:\/\/szegederarchivum.hu\/en\/wp-json\/wp\/v2\/users\/1"}],"replies":[{"embeddable":true,"href":"https:\/\/szegederarchivum.hu\/en\/wp-json\/wp\/v2\/comments?post=21995"}],"version-history":[{"count":4,"href":"https:\/\/szegederarchivum.hu\/en\/wp-json\/wp\/v2\/posts\/21995\/revisions"}],"predecessor-version":[{"id":22006,"href":"https:\/\/szegederarchivum.hu\/en\/wp-json\/wp\/v2\/posts\/21995\/revisions\/22006"}],"wp:featuredmedia":[{"embeddable":true,"href":"https:\/\/szegederarchivum.hu\/en\/wp-json\/wp\/v2\/media\/22005"}],"wp:attachment":[{"href":"https:\/\/szegederarchivum.hu\/en\/wp-json\/wp\/v2\/media?parent=21995"}],"wp:term":[{"taxonomy":"category","embeddable":true,"href":"https:\/\/szegederarchivum.hu\/en\/wp-json\/wp\/v2\/categories?post=21995"},{"taxonomy":"post_tag","embeddable":true,"href":"https:\/\/szegederarchivum.hu\/en\/wp-json\/wp\/v2\/tags?post=21995"}],"curies":[{"name":"wp","href":"https:\/\/api.w.org\/{rel}","templated":true}]}}