{"id":2220,"date":"2018-11-23T16:53:28","date_gmt":"2018-11-23T15:53:28","guid":{"rendered":"https:\/\/szegederarchivum.hu\/?p=2220"},"modified":"2019-01-03T17:30:58","modified_gmt":"2019-01-03T16:30:58","slug":"megvan-a-karacsonyi-vasar-elso-csodaja-a-korhazi-lepedore-pakolt-aru","status":"publish","type":"post","link":"https:\/\/szegederarchivum.hu\/en\/megvan-a-karacsonyi-vasar-elso-csodaja-a-korhazi-lepedore-pakolt-aru\/","title":{"rendered":"Megvan a kar\u00e1csonyi v\u00e1s\u00e1r els\u0151 csod\u00e1ja: a k\u00f3rh\u00e1zi leped\u0151re pakolt \u00e1ru"},"content":{"rendered":"<p><img decoding=\"async\" loading=\"lazy\" class=\"alignnone size-full wp-image-2223\" src=\"https:\/\/szegederarchivum.hu\/wp-content\/uploads\/2018\/11\/46526014_1226867604122553_7346368356661854208_o.jpg\" alt=\"\" width=\"1614\" height=\"1400\" srcset=\"https:\/\/szegederarchivum.hu\/wp-content\/uploads\/2018\/11\/46526014_1226867604122553_7346368356661854208_o.jpg 1614w, https:\/\/szegederarchivum.hu\/wp-content\/uploads\/2018\/11\/46526014_1226867604122553_7346368356661854208_o-632x548.jpg 632w, https:\/\/szegederarchivum.hu\/wp-content\/uploads\/2018\/11\/46526014_1226867604122553_7346368356661854208_o-768x666.jpg 768w, https:\/\/szegederarchivum.hu\/wp-content\/uploads\/2018\/11\/46526014_1226867604122553_7346368356661854208_o-1020x885.jpg 1020w\" sizes=\"(max-width: 1614px) 100vw, 1614px\" \/><\/p>\n<p><!--more--><\/p>\n<p style=\"text-align: center;\">Fot\u00f3: Kerekes Kriszti \/ Facebook<\/p>\n<p>A Sz\u00e9chenyi t\u00e9ri kar\u00e1csonyi v\u00e1s\u00e1r sosem volt h\u00edres magas sz\u00ednvonal\u00e1r\u00f3l, id\u00e9n azonban m\u00e1r r\u00f6gt\u00f6n az els\u0151 nap fel\u00fct\u00f6tte fej\u00e9t a teljes ig\u00e9nytelens\u00e9g. Az egyik \u00e1rus konkr\u00e9tan egy SZTE-s klinikai leped\u0151re pakolta ki port\u00e9k\u00e1it.<\/p>\n<p>F\u00e9lre\u00e9rt\u00e9s ne ess\u00e9k: szerintem kifejezetten fontos a dolgok \u00fajrahasznos\u00edt\u00e1sa, \u00e9s konkr\u00e9tan nekem is a napokban jutott eszembe, vajon mit lehet kezdeni egy k\u00f3rh\u00e1zi leped\u0151vel, miut\u00e1n le\u00e9lte \u00e9let\u00e9t (nem viccelek, t\u00e9nyleg ezen agyaltam t\u00e1n tegnapel\u0151tt), de az\u00e9rt ez vad.<\/p>\n<p>&nbsp;<\/p>\n<p>\u00c9rdekel mi t\u00f6rt\u00e9nik Szegeden, mik \u00e9p\u00fclnek, vagy \u00e9pp milyen kincsek t\u0171nnek el az utc\u00e1kr\u00f3l? K\u00f6vesd a Szegedert <a href=\"http:\/\/facebook.com\/szegeder\" target=\"_blank\" rel=\"noopener\">Facebookon<\/a> \u00e9s <a href=\"http:\/\/instagram.com\/szegeder.hu\" target=\"_blank\" rel=\"noopener\">Instagramon<\/a>.<br \/>\n<div id=\"fb-root\"><\/div>\n\t\t\t\t\t<script>(function(d, s, id) {\n\t\t\t\t\t  var js, fjs = d.getElementsByTagName(s)[0];\n\t\t\t\t\t  if (d.getElementById(id)) return;\n\t\t\t\t\t  js = d.createElement(s); js.id = id;\n\t\t\t\t\t  js.async=true; \n\t\t\t\t\t  js.src = \"\/\/connect.facebook.net\/hu_HU\/all.js#xfbml=1&appId=OPTIONAL_SEE_FAQ\";\n\t\t\t\t\t  fjs.parentNode.insertBefore(js, fjs);\n\t\t\t\t\t}(document, 'script', 'facebook-jssdk'));<\/script> <div class=\"efbl-like-box 1\">\n\t\t\t\t\t\t\t<div class=\"fb-page\" data-animclass=\"fadeIn\" data-href=\"https:\/\/www.facebook.com\/szegeder\" data-hide-cover=\"false\" data-width=\"800\"   data-height=\"\" data-show-facepile=\"true\"  data-show-posts=\"false\" data-adapt-container-width=\"true\" data-hide-cta=\"false\" data-small-header=\"false\">\n\t\t\t\t\t\t\t<\/div> \n\t\t\t\t\t\t\t\n\t\t\t\t\t\t<\/div>\n\t\t\t\t\t\n<p>&nbsp;<\/p>","protected":false},"excerpt":{"rendered":"","protected":false},"author":1,"featured_media":0,"comment_status":"closed","ping_status":"closed","sticky":false,"template":"","format":"standard","meta":{"_seopress_robots_primary_cat":""},"categories":[4],"tags":[171,122,124,304],"acf":[],"amp_enabled":true,"_links":{"self":[{"href":"https:\/\/szegederarchivum.hu\/en\/wp-json\/wp\/v2\/posts\/2220"}],"collection":[{"href":"https:\/\/szegederarchivum.hu\/en\/wp-json\/wp\/v2\/posts"}],"about":[{"href":"https:\/\/szegederarchivum.hu\/en\/wp-json\/wp\/v2\/types\/post"}],"author":[{"embeddable":true,"href":"https:\/\/szegederarchivum.hu\/en\/wp-json\/wp\/v2\/users\/1"}],"replies":[{"embeddable":true,"href":"https:\/\/szegederarchivum.hu\/en\/wp-json\/wp\/v2\/comments?post=2220"}],"version-history":[{"count":4,"href":"https:\/\/szegederarchivum.hu\/en\/wp-json\/wp\/v2\/posts\/2220\/revisions"}],"predecessor-version":[{"id":2228,"href":"https:\/\/szegederarchivum.hu\/en\/wp-json\/wp\/v2\/posts\/2220\/revisions\/2228"}],"wp:attachment":[{"href":"https:\/\/szegederarchivum.hu\/en\/wp-json\/wp\/v2\/media?parent=2220"}],"wp:term":[{"taxonomy":"category","embeddable":true,"href":"https:\/\/szegederarchivum.hu\/en\/wp-json\/wp\/v2\/categories?post=2220"},{"taxonomy":"post_tag","embeddable":true,"href":"https:\/\/szegederarchivum.hu\/en\/wp-json\/wp\/v2\/tags?post=2220"}],"curies":[{"name":"wp","href":"https:\/\/api.w.org\/{rel}","templated":true}]}}