{"id":22993,"date":"2019-10-01T16:37:51","date_gmt":"2019-10-01T14:37:51","guid":{"rendered":"https:\/\/szegederarchivum.hu\/?p=22993"},"modified":"2019-10-01T16:38:32","modified_gmt":"2019-10-01T14:38:32","slug":"folyamatosan-no-az-ujonnan-eladott-autok-szama-az-orszagban","status":"publish","type":"post","link":"https:\/\/szegederarchivum.hu\/en\/folyamatosan-no-az-ujonnan-eladott-autok-szama-az-orszagban\/","title":{"rendered":"Folyamatosan n\u0151 az \u00fajonnan eladott aut\u00f3k sz\u00e1ma az orsz\u00e1gban"},"content":{"rendered":"<p><strong>Szeptemberben az \u00faj szem\u00e9lyaut\u00f3k elad\u00e1sa 8,6 sz\u00e1zal\u00e9kkal n\u0151tt az el\u0151z\u0151 \u00e9v azonos id\u0151szak\u00e1hoz k\u00e9pest Magyarorsz\u00e1gon, a forgalomba helyezett \u00faj szem\u00e9lyg\u00e9pj\u00e1rm\u0171vek sz\u00e1ma 9655-re emelkedett &#8211; k\u00f6z\u00f6lte a Carinfo.hu kedden az MTI-vel.<\/strong><\/p>\n<p>A janu\u00e1r-szeptemberi id\u0151szakban <span class=\"su-highlight\" style=\"background:#000000;color:#ffffff\">&nbsp;115 106 \u00faj szem\u00e9lyg\u00e9pkocsit&nbsp;<\/span>, a b\u00e1zis id\u0151szakhoz k\u00e9pest 10 sz\u00e1zal\u00e9kkal t\u00f6bbet helyeztek forgalomba. A szem\u00e9lyg\u00e9pkocsi m\u00e1rk\u00e1k k\u00f6z\u00fcl a legt\u00f6bbet, 20 391 darabot a Suzukib\u00f3l adt\u00e1k el a janu\u00e1r-szeptemberi id\u0151szakban, a m\u00e1rka piaci r\u00e9szesed\u00e9se 17,72 sz\u00e1zal\u00e9k volt. Fordb\u00f3l 10 342, Opelb\u0151l 9446, Skod\u00e1b\u00f3l 9133, Toyot\u00e1b\u00f3l pedig 7947 darab kelt el. Az el\u0151z\u0151 \u00e9v azonos id\u0151szak\u00e1ban szint\u00e9n a Suzuki \u00e1llt az \u00e9len 14,25 sz\u00e1zal\u00e9kos piaci ar\u00e1nnyal. A m\u00e1sodik helyen a Ford, a harmadik helyen a Skoda, a negyedik helyen pedig az Opel \u00e1llt.<\/p>\n<p>A Carinfo adatai szerint a janu\u00e1r-szeptemberi id\u0151szakban 19 106 darab \u00faj kishaszong\u00e9pj\u00e1rm\u0171vet adtak el, ami 19,28 sz\u00e1zal\u00e9kos n\u00f6veked\u00e9s az el\u0151z\u0151 \u00e9v azonos id\u0151szak\u00e1hoz k\u00e9pest. A kishaszong\u00e9pj\u00e1rm\u0171 m\u00e1rk\u00e1k k\u00f6z\u00fcl a legt\u00f6bbet Fordb\u00f3l adt\u00e1k el a magyar piacon, \u00f6sszesen 5807 darabot, a m\u00e1rka piaci r\u00e9szesed\u00e9se 30,39 sz\u00e1zal\u00e9k volt.<\/p>\n<p>A Magyar G\u00e9pj\u00e1rm\u0171import\u0151r\u00f6k Egyes\u00fclete (MGE) azzal sz\u00e1mol, hogy az id\u00e9n a magyar piacon 160 000 \u00faj szem\u00e9lyg\u00e9pkocsit \u00e9s 30 000 kishaszonj\u00e1rm\u0171vet \u00e9rt\u00e9kes\u00edtenek. Az els\u0151 h\u00e1rom negyed\u00e9vi szem\u00e9lyaut\u00f3 \u00e9rt\u00e9kes\u00edt\u00e9s k\u00f6zel van az id\u0151ar\u00e1nyos n\u00f6veked\u00e9si v\u00e1rakoz\u00e1sukhoz, \u00edgy az \u00e9v v\u00e9g\u00e9re jelzett \u00e9rt\u00e9kes\u00edt\u00e9si volument re\u00e1lisnak, ink\u00e1bb t\u00falteljes\u00edthet\u0151nek l\u00e1tja az MGE.<\/p>\n<p>Az egyes\u00fclet k\u00f6zlem\u00e9ny\u00e9ben arra h\u00edvja fel a figyelmet, hogy tov\u00e1bbra is kiemelten kell foglalkozni a Magyarorsz\u00e1gra be\u00e1raml\u00f3 haszn\u00e1lt aut\u00f3k kor\u00f6sszet\u00e9tel\u00e9vel, a Nyugat-Eur\u00f3p\u00e1ban szubvenci\u00f3val lecser\u00e9lt korszer\u0171tlen d\u00edzel \u00e9s benzines aut\u00f3k ne \u00e1rassz\u00e1k el a magyar piacot.<\/p>","protected":false},"excerpt":{"rendered":"<p>Id\u00e9n a magyar piacon 160 000 \u00faj szem\u00e9lyg\u00e9pkocsit \u00e9s 30 000 kishaszonj\u00e1rm\u0171vet \u00e9rt\u00e9kes\u00edthetnek becsl\u00e9sek szerint.<\/p>","protected":false},"author":1,"featured_media":0,"comment_status":"closed","ping_status":"closed","sticky":false,"template":"","format":"standard","meta":{"_seopress_robots_primary_cat":"none"},"categories":[982],"tags":[269,2588,17,2587],"acf":[],"amp_enabled":true,"_links":{"self":[{"href":"https:\/\/szegederarchivum.hu\/en\/wp-json\/wp\/v2\/posts\/22993"}],"collection":[{"href":"https:\/\/szegederarchivum.hu\/en\/wp-json\/wp\/v2\/posts"}],"about":[{"href":"https:\/\/szegederarchivum.hu\/en\/wp-json\/wp\/v2\/types\/post"}],"author":[{"embeddable":true,"href":"https:\/\/szegederarchivum.hu\/en\/wp-json\/wp\/v2\/users\/1"}],"replies":[{"embeddable":true,"href":"https:\/\/szegederarchivum.hu\/en\/wp-json\/wp\/v2\/comments?post=22993"}],"version-history":[{"count":2,"href":"https:\/\/szegederarchivum.hu\/en\/wp-json\/wp\/v2\/posts\/22993\/revisions"}],"predecessor-version":[{"id":23000,"href":"https:\/\/szegederarchivum.hu\/en\/wp-json\/wp\/v2\/posts\/22993\/revisions\/23000"}],"wp:attachment":[{"href":"https:\/\/szegederarchivum.hu\/en\/wp-json\/wp\/v2\/media?parent=22993"}],"wp:term":[{"taxonomy":"category","embeddable":true,"href":"https:\/\/szegederarchivum.hu\/en\/wp-json\/wp\/v2\/categories?post=22993"},{"taxonomy":"post_tag","embeddable":true,"href":"https:\/\/szegederarchivum.hu\/en\/wp-json\/wp\/v2\/tags?post=22993"}],"curies":[{"name":"wp","href":"https:\/\/api.w.org\/{rel}","templated":true}]}}