{"id":25227,"date":"2019-10-22T18:26:39","date_gmt":"2019-10-22T16:26:39","guid":{"rendered":"https:\/\/szegederarchivum.hu\/?p=25227"},"modified":"2019-10-22T18:27:08","modified_gmt":"2019-10-22T16:27:08","slug":"mar-felhuztak-szeged-masodik-kfc-jet","status":"publish","type":"post","link":"https:\/\/szegederarchivum.hu\/en\/mar-felhuztak-szeged-masodik-kfc-jet\/","title":{"rendered":"M\u00e1r felh\u00fazt\u00e1k Szeged m\u00e1sodik KFC-j\u00e9t"},"content":{"rendered":"<p><a href=\"https:\/\/szegederarchivum.hu\/mar-felhuztak-szeged-masodik-kfc-jet\/\"><img decoding=\"async\" src=\"https:\/\/live.staticflickr.com\/65535\/48941994126_24f84fc08c_h.jpg\" \/><\/a><\/p>\n<p><!--more--><\/p>\n<p><img decoding=\"async\" src=\"https:\/\/live.staticflickr.com\/65535\/48941991586_90d2be5502_h.jpg\" \/><\/p>\n<p><img decoding=\"async\" src=\"https:\/\/live.staticflickr.com\/65535\/48941990701_20dd0eb806_h.jpg\" \/><\/p>\n<p><img decoding=\"async\" src=\"https:\/\/live.staticflickr.com\/65535\/48941989856_eeea925a26_h.jpg\" \/><\/p>\n<p><img decoding=\"async\" src=\"https:\/\/live.staticflickr.com\/65535\/48942182697_6261df98c9_h.jpg\" \/><\/p>\n<figure style=\"width: 1600px\" class=\"wp-caption alignnone\"><img decoding=\"async\" loading=\"lazy\" src=\"https:\/\/live.staticflickr.com\/65535\/48941443513_38a1400cda_h.jpg\" alt=\"\" width=\"1600\" height=\"1067\" \/><figcaption class=\"wp-caption-text\">Fot\u00f3k: Sz\u0171cs D\u00e1niel \/ Szegeder<\/figcaption><\/figure>\n<p>M\u00e9g augusztus derek\u00e1n <a href=\"https:\/\/szegederarchivum.hu\/kfc-epul-a-moravarosi-bevasarlokozpontnal\/\" target=\"_blank\" rel=\"noopener noreferrer\">\u00edrtuk<\/a>, hogy KFC \u00e9p\u00fcl a m\u00f3rav\u00e1rosi bev\u00e1s\u00e1rl\u00f3k\u00f6zpont parkol\u00f3j\u00e1ban, k\u00f6zvetlen\u00fcl a k\u00f6rforgalom mellett. Ma arrafel\u00e9 j\u00e1rtunk, hogy megn\u00e9zz\u00fck, hol tart az \u00e9p\u00edtkez\u00e9s.<\/p>","protected":false},"excerpt":{"rendered":"","protected":false},"author":1,"featured_media":0,"comment_status":"closed","ping_status":"closed","sticky":false,"template":"","format":"standard","meta":{"_seopress_robots_primary_cat":"none"},"categories":[987],"tags":[2195,1649,2196],"acf":[],"amp_enabled":true,"_links":{"self":[{"href":"https:\/\/szegederarchivum.hu\/en\/wp-json\/wp\/v2\/posts\/25227"}],"collection":[{"href":"https:\/\/szegederarchivum.hu\/en\/wp-json\/wp\/v2\/posts"}],"about":[{"href":"https:\/\/szegederarchivum.hu\/en\/wp-json\/wp\/v2\/types\/post"}],"author":[{"embeddable":true,"href":"https:\/\/szegederarchivum.hu\/en\/wp-json\/wp\/v2\/users\/1"}],"replies":[{"embeddable":true,"href":"https:\/\/szegederarchivum.hu\/en\/wp-json\/wp\/v2\/comments?post=25227"}],"version-history":[{"count":5,"href":"https:\/\/szegederarchivum.hu\/en\/wp-json\/wp\/v2\/posts\/25227\/revisions"}],"predecessor-version":[{"id":25319,"href":"https:\/\/szegederarchivum.hu\/en\/wp-json\/wp\/v2\/posts\/25227\/revisions\/25319"}],"wp:attachment":[{"href":"https:\/\/szegederarchivum.hu\/en\/wp-json\/wp\/v2\/media?parent=25227"}],"wp:term":[{"taxonomy":"category","embeddable":true,"href":"https:\/\/szegederarchivum.hu\/en\/wp-json\/wp\/v2\/categories?post=25227"},{"taxonomy":"post_tag","embeddable":true,"href":"https:\/\/szegederarchivum.hu\/en\/wp-json\/wp\/v2\/tags?post=25227"}],"curies":[{"name":"wp","href":"https:\/\/api.w.org\/{rel}","templated":true}]}}