{"id":25322,"date":"2019-10-22T18:57:14","date_gmt":"2019-10-22T16:57:14","guid":{"rendered":"https:\/\/szegederarchivum.hu\/?p=25322"},"modified":"2019-12-20T13:27:15","modified_gmt":"2019-12-20T12:27:15","slug":"teherautokkal-robognak-az-emlekezok-budapesten","status":"publish","type":"post","link":"https:\/\/szegederarchivum.hu\/en\/teherautokkal-robognak-az-emlekezok-budapesten\/","title":{"rendered":"Teheraut\u00f3kkal robognak az eml\u00e9kez\u0151k Budapesten"},"content":{"rendered":"<p>&nbsp;<\/p>\n<figure style=\"width: 1600px\" class=\"wp-caption alignnone\"><img decoding=\"async\" loading=\"lazy\" src=\"https:\/\/live.staticflickr.com\/65535\/48942667261_ad15a69f27_h.jpg\" alt=\"\" width=\"1600\" height=\"1067\" \/><figcaption class=\"wp-caption-text\">Fot\u00f3: Kosztics\u00e1k Szil\u00e1rd \/ MTI<\/figcaption><\/figure>\n<p>&nbsp;<\/p>\n<figure style=\"width: 1600px\" class=\"wp-caption alignnone\"><img decoding=\"async\" loading=\"lazy\" src=\"https:\/\/live.staticflickr.com\/65535\/48942667446_7d300eb5f0_h.jpg\" alt=\"\" width=\"1600\" height=\"1067\" \/><figcaption class=\"wp-caption-text\">Fot\u00f3: Kosztics\u00e1k Szil\u00e1rd \/ MTI<\/figcaption><\/figure>\n<p>&nbsp;<\/p>\n<figure style=\"width: 1600px\" class=\"wp-caption alignnone\"><img decoding=\"async\" loading=\"lazy\" src=\"https:\/\/live.staticflickr.com\/65535\/48942858062_f80cfbd399_h.jpg\" alt=\"\" width=\"1600\" height=\"1067\" \/><figcaption class=\"wp-caption-text\">Fot\u00f3: Kosztics\u00e1k Szil\u00e1rd \/ MTI<\/figcaption><\/figure>\n<p>&nbsp;<\/p>\n<figure style=\"width: 1600px\" class=\"wp-caption alignnone\"><img decoding=\"async\" loading=\"lazy\" src=\"https:\/\/live.staticflickr.com\/65535\/48942858362_14b1f379f8_h.jpg\" alt=\"\" width=\"1600\" height=\"1067\" \/><figcaption class=\"wp-caption-text\">Fot\u00f3: Kosztics\u00e1k Szil\u00e1rd \/ MTI<\/figcaption><\/figure>\n<p>&nbsp;<\/p>\n<figure style=\"width: 1600px\" class=\"wp-caption alignnone\"><img decoding=\"async\" loading=\"lazy\" src=\"https:\/\/live.staticflickr.com\/65535\/48942858817_412913a35f_h.jpg\" alt=\"\" width=\"1600\" height=\"1067\" \/><figcaption class=\"wp-caption-text\">Fot\u00f3: Kosztics\u00e1k Szil\u00e1rd \/ MTI<\/figcaption><\/figure>\n<p>&nbsp;<\/p>\n<figure style=\"width: 565px\" class=\"wp-caption aligncenter\"><img decoding=\"async\" loading=\"lazy\" src=\"https:\/\/live.staticflickr.com\/65535\/48942121093_e44c5ba32f_h.jpg\" alt=\"\" width=\"565\" height=\"848\" \/><figcaption class=\"wp-caption-text\">Fot\u00f3: Kov\u00e1cs Tam\u00e1s \/ MTI<\/figcaption><\/figure>\n<p>&nbsp;<\/p>\n<figure style=\"width: 1599px\" class=\"wp-caption alignnone\"><img decoding=\"async\" loading=\"lazy\" src=\"https:\/\/live.staticflickr.com\/65535\/48942668671_460381ab95_h.jpg\" alt=\"\" width=\"1599\" height=\"1132\" \/><figcaption class=\"wp-caption-text\">Fot\u00f3: Kov\u00e1cs Tam\u00e1s \/ MTI<\/figcaption><\/figure>\n<p>&nbsp;<\/p>","protected":false},"excerpt":{"rendered":"<p>Korabeli teheraut\u00f3k haladnak az 1956-os forradalom \u00e9s szabads\u00e1gharc eml\u00e9knapja alkalm\u00e1b\u00f3l tartott \u00fcnnepi f\u00e1kly\u00e1s felvonul\u00e1s r\u00e9sztvev\u0151i el\u0151tt a f\u0151v\u00e1rosi Szent Gell\u00e9rt rakparton.<\/p>","protected":false},"author":1,"featured_media":25330,"comment_status":"closed","ping_status":"closed","sticky":false,"template":"","format":"standard","meta":{"_seopress_robots_primary_cat":"none"},"categories":[981],"tags":[175,2630],"acf":[],"amp_enabled":true,"_links":{"self":[{"href":"https:\/\/szegederarchivum.hu\/en\/wp-json\/wp\/v2\/posts\/25322"}],"collection":[{"href":"https:\/\/szegederarchivum.hu\/en\/wp-json\/wp\/v2\/posts"}],"about":[{"href":"https:\/\/szegederarchivum.hu\/en\/wp-json\/wp\/v2\/types\/post"}],"author":[{"embeddable":true,"href":"https:\/\/szegederarchivum.hu\/en\/wp-json\/wp\/v2\/users\/1"}],"replies":[{"embeddable":true,"href":"https:\/\/szegederarchivum.hu\/en\/wp-json\/wp\/v2\/comments?post=25322"}],"version-history":[{"count":4,"href":"https:\/\/szegederarchivum.hu\/en\/wp-json\/wp\/v2\/posts\/25322\/revisions"}],"predecessor-version":[{"id":31213,"href":"https:\/\/szegederarchivum.hu\/en\/wp-json\/wp\/v2\/posts\/25322\/revisions\/31213"}],"wp:featuredmedia":[{"embeddable":true,"href":"https:\/\/szegederarchivum.hu\/en\/wp-json\/wp\/v2\/media\/25330"}],"wp:attachment":[{"href":"https:\/\/szegederarchivum.hu\/en\/wp-json\/wp\/v2\/media?parent=25322"}],"wp:term":[{"taxonomy":"category","embeddable":true,"href":"https:\/\/szegederarchivum.hu\/en\/wp-json\/wp\/v2\/categories?post=25322"},{"taxonomy":"post_tag","embeddable":true,"href":"https:\/\/szegederarchivum.hu\/en\/wp-json\/wp\/v2\/tags?post=25322"}],"curies":[{"name":"wp","href":"https:\/\/api.w.org\/{rel}","templated":true}]}}