{"id":26500,"date":"2019-11-07T11:12:13","date_gmt":"2019-11-07T10:12:13","guid":{"rendered":"https:\/\/szegederarchivum.hu\/?p=26500"},"modified":"2019-11-19T14:58:40","modified_gmt":"2019-11-19T13:58:40","slug":"a-karasz-utcan-is-ettermet-nyit-a-kfc","status":"publish","type":"post","link":"https:\/\/szegederarchivum.hu\/en\/a-karasz-utcan-is-ettermet-nyit-a-kfc\/","title":{"rendered":"A K\u00e1r\u00e1sz utc\u00e1n is \u00e9ttermet nyit a KFC?"},"content":{"rendered":"<p><strong>\u00dajabban ism\u00e9t mozgol\u00f3d\u00e1sok vannak az Ungar-Mayer palota sarki \u00fczlet\u00e9ben, pletyk\u00e1k szerint a Kentucky Fried Chicken nyitja majd meg ott harmadik szegedi \u00fczlet\u00e9t, b\u00e1r m\u00e9g a m\u00e1sodik sem k\u00e9sz\u00fclt el. Ezt azonban maga a v\u00e1llalat sem tudta meger\u0151s\u00edteni.<\/strong><\/p>\n<p>Nem kifejez\u00e9s, hogy felpezsd\u00fclt a franchiseok terjeszked\u00e9se Csongr\u00e1d megye sz\u00e9khely\u00e9n, miut\u00e1n augusztusban p\u00e1r nap elt\u00e9r\u00e9ssel adtuk h\u00edr\u00fcl, hogy <a href=\"https:\/\/szegederarchivum.hu\/uzletet-nyit-a-karasz-utcan-a-starbucks\/\" target=\"_blank\" rel=\"noopener noreferrer\">megny\u00edlik<\/a> Szeged m\u00e1sodik Starbucks k\u00e1v\u00e9z\u00f3ja \u00e9s <a href=\"https:\/\/szegederarchivum.hu\/kfc-epul-a-moravarosi-bevasarlokozpontnal\/\" target=\"_blank\" rel=\"noopener noreferrer\">szint\u00e9n<\/a> m\u00e1sodik KFC-je. El\u0151bbi a K\u00e1r\u00e1sz utc\u00e1n a volt Alexandra hely\u00e9n az\u00f3ta m\u00e1r \u00fczemel, ut\u00f3bbi, egy drive-through, pedig <a href=\"https:\/\/szegederarchivum.hu\/mar-felhuztak-szeged-masodik-kfc-jet\/\" target=\"_blank\" rel=\"noopener noreferrer\">lassan elk\u00e9sz\u00fcl a M\u00f3rav\u00e1rosi k\u00f6r\u00faton<\/a>.<\/p>\n<p>Most abban az \u00fczlethelyis\u00e9gben dolgoznak munk\u00e1sok (jelenleg bontanak bent), amiben k\u00e9t \u00e9ve ny\u00e1ron <a href=\"https:\/\/www.facebook.com\/CostaCoffeeHungary\/posts\/1585202811530601\/\" target=\"_blank\" rel=\"noopener noreferrer\">ny\u00edlt meg<\/a> a Costa Coffee \u00e9s z\u00e1rt be az\u00f3ta, \u00e9s mindemellett ami <a href=\"https:\/\/index.hu\/kultur\/2019\/08\/18\/szeged_szecesszios_gyonygszemei\/\" target=\"_blank\" rel=\"noopener noreferrer\">Szeged egyik legcsod\u00e1sabb szecesszi\u00f3s \u00e9p\u00fclet\u00e9ben<\/a> van, amit a RE\u00d6K-\u00f6t is tervez\u0151 Magyar Ede \u00e1lmodott meg. Teh\u00e1t a m\u00e1r lassan \u00f6r\u00f6kk\u00e9val\u00f3s\u00e1g \u00f3ta a k\u00f6zelben \u00e1llom\u00e1soz\u00f3 McDonald&#8217;s \u00e9s az az\u00f3ta elt\u0171nt Pizza Hut ut\u00e1n itt az \u00fajabb Amerika-l\u00e1z a K\u00e1r\u00e1sz utc\u00e1n, egy \u00e9vben h\u00e1rom \u00faj \u00fczlettel. Vagy m\u00e9gsem?<\/p>\n<p>Az \u00fczlet kialak\u00edt\u00e1s\u00e1n dolgoz\u00f3k elmond\u00e1sa szerint KFC lesz, m\u00e1shol viszont megint csak m\u00e1st tudnak. \u00c9s persze ott van a KFC is, akiket szint\u00e9n megkerest\u00fcnk. Azt felelt\u00e9k, \u201ejelenleg nem tudunk semmit sem nyilatkozni a nyit\u00e1s kapcs\u00e1n\u201d. Arra a k\u00e9rd\u00e9s\u00fcnkre, hogy az\u00e9rt azt csak tudj\u00e1k, hogy ny\u00edlik-e ott \u00fczlet\u00fck vagy sem, nem feleltek.<\/p>\n<p>Az \u00e9ttereml\u00e1ncnak egy\u00e9bk\u00e9nt Budapesten 33, Debrecenben, Miskolcon \u00e9s P\u00e9csen 1-1, Szegeden pedig ugye 1 \u00fczemel\u0151 \u00e9s 1 (vagy 2) \u00e9p\u00fcl\u0151 \u00fczlete van, \u00e9s megtal\u00e1lhat\u00f3k a legt\u00f6bb magyar k\u00f6z\u00e9p- \u00e9s nagyv\u00e1rosban.<\/p>\n<p><img decoding=\"async\" src=\"https:\/\/live.staticflickr.com\/65535\/49018495082_0b7144d9d1_h.jpg\" \/><\/p>\n<figure style=\"width: 1600px\" class=\"wp-caption alignnone\"><img decoding=\"async\" loading=\"lazy\" src=\"https:\/\/live.staticflickr.com\/65535\/49018292451_faf5a87054_h.jpg\" alt=\"\" width=\"1600\" height=\"1043\" \/><figcaption class=\"wp-caption-text\">Fot\u00f3k: Sz\u0171cs D\u00e1niel \/ Szegeder<\/figcaption><\/figure>","protected":false},"excerpt":{"rendered":"<p>\u00dajabban ism\u00e9t mozgol\u00f3d\u00e1sok vannak az Ungar-Mayer palota sarki \u00fczlet\u00e9ben, pletyk\u00e1k szerint a Kentucky Fried Chicken nyitja majd meg ott harmadik szegedi \u00fczlet\u00e9t, b\u00e1r m\u00e9g a m\u00e1sodik sem k\u00e9sz\u00fclt el. Ezt azonban maga a v\u00e1llalat sem tudta meger\u0151s\u00edteni.<\/p>","protected":false},"author":1,"featured_media":26520,"comment_status":"closed","ping_status":"closed","sticky":false,"template":"","format":"standard","meta":{"_seopress_robots_primary_cat":"none"},"categories":[4],"tags":[87,2968,1841,464,2195],"acf":[],"amp_enabled":true,"_links":{"self":[{"href":"https:\/\/szegederarchivum.hu\/en\/wp-json\/wp\/v2\/posts\/26500"}],"collection":[{"href":"https:\/\/szegederarchivum.hu\/en\/wp-json\/wp\/v2\/posts"}],"about":[{"href":"https:\/\/szegederarchivum.hu\/en\/wp-json\/wp\/v2\/types\/post"}],"author":[{"embeddable":true,"href":"https:\/\/szegederarchivum.hu\/en\/wp-json\/wp\/v2\/users\/1"}],"replies":[{"embeddable":true,"href":"https:\/\/szegederarchivum.hu\/en\/wp-json\/wp\/v2\/comments?post=26500"}],"version-history":[{"count":9,"href":"https:\/\/szegederarchivum.hu\/en\/wp-json\/wp\/v2\/posts\/26500\/revisions"}],"predecessor-version":[{"id":28092,"href":"https:\/\/szegederarchivum.hu\/en\/wp-json\/wp\/v2\/posts\/26500\/revisions\/28092"}],"wp:featuredmedia":[{"embeddable":true,"href":"https:\/\/szegederarchivum.hu\/en\/wp-json\/wp\/v2\/media\/26520"}],"wp:attachment":[{"href":"https:\/\/szegederarchivum.hu\/en\/wp-json\/wp\/v2\/media?parent=26500"}],"wp:term":[{"taxonomy":"category","embeddable":true,"href":"https:\/\/szegederarchivum.hu\/en\/wp-json\/wp\/v2\/categories?post=26500"},{"taxonomy":"post_tag","embeddable":true,"href":"https:\/\/szegederarchivum.hu\/en\/wp-json\/wp\/v2\/tags?post=26500"}],"curies":[{"name":"wp","href":"https:\/\/api.w.org\/{rel}","templated":true}]}}