{"id":26568,"date":"2019-11-06T18:16:38","date_gmt":"2019-11-06T17:16:38","guid":{"rendered":"https:\/\/szegederarchivum.hu\/?p=26568"},"modified":"2019-11-19T14:58:50","modified_gmt":"2019-11-19T13:58:50","slug":"tucatjaval-buntetik-az-autokat-a-rakparton","status":"publish","type":"post","link":"https:\/\/szegederarchivum.hu\/en\/tucatjaval-buntetik-az-autokat-a-rakparton\/","title":{"rendered":"Hi\u00e1ba geciznek, tucatj\u00e1val b\u00fcntetik az aut\u00f3kat a rakparton"},"content":{"rendered":"<p><strong>Szerd\u00e1n k\u00f6zel negyven szem\u00e9lyg\u00e9pj\u00e1rm\u0171vet b\u00fcntettek meg a Husz\u00e1r M\u00e1ty\u00e1s rakparti parkol\u00f3ban, ami\u00e9rt tilosban parkoltak. Voltak felh\u00e1borodott, geciz\u0151 \u00e9s teljes m\u00e9rt\u00e9kben elfogad\u00f3 aut\u00f3sok is. De vajon jogosan j\u00e1rtak el a c\u00e9dul\u00e1kat osztogat\u00f3 k\u00f6zteresek?<\/strong><\/p>\n<p>A szegedi rakparton kett\u0151 parkol\u00f3 tal\u00e1lhat\u00f3, a 70 m\u00e9teres Roosevelt t\u00e9riben nagyj\u00e1b\u00f3l 25 aut\u00f3 f\u00e9r el, a nagyobb, t\u00f6bb mint 300 m\u00e9teres stef\u00e1niai r\u00e9szen, ahol p\u00e9ntek est\u00e9nk\u00e9nt gangelnek \u00e9s ropognak a tuning Cli\u00f3k \u00e9s Lad\u00e1k, megk\u00f6zel\u00edt\u0151leg sz\u00e1z, bele nem sz\u00e1molva a buszok sz\u00e1m\u00e1ra fenntartott r\u00e9szt. Itt b\u00fcntettek most is, hiszen a rakpart m\u00fazeum fel\u0151li r\u00e9sz\u00e9n csakis buszok \u00e1llhatn\u00e1nak meg. De mint tudjuk, nem csak azok parkolnak oda.<\/p>\n<p>Mivel volt egy id\u0151szak, amikor a buszoknak csak egy nagyj\u00e1b\u00f3l 60 m\u00e9teres ter\u00fclet\u00fck volt, ber\u00f6gz\u00fclt az embereknek, hogy a t\u00f6bbi r\u00e9szen lehet parkolni orrba-sz\u00e1jba, egym\u00e1s tetej\u00e9re is ak\u00e1r, ez\u00e9rt fordulhatott el\u0151 a mai t\u00f6rt\u00e9n\u00e9s is. Azt\u00e1n az volt a szok\u00e1s, hogy ny\u00e1rra ezt a 60 m\u00e9teres r\u00e9szt kib\u0151v\u00edtik \u00fagy 110-re, hogy a cs\u00facsid\u0151ben (ny\u00e1ron) t\u00f6bb turistabusz f\u00e9rjen el.<\/p>\n<p><img decoding=\"async\" loading=\"lazy\" class=\"aligncenter\" src=\"https:\/\/live.staticflickr.com\/65535\/49024081972_8769ce686f_h.jpg\" width=\"565\" height=\"847\" \/><\/p>\n<p>Csakhogy m\u00edg ezt az elm\u00falt \u00e9vekben \u0151sszel mindig visszam\u00f3dos\u00edtott\u00e1k 60-ra, id\u00e9n ez nem t\u00f6rt\u00e9nt meg, \u00e9s b\u00e1r ma egyetlen egy busz \u00e1llt csak bent, a parkol\u00f3 \u00fagy egyharmada tilos volt a parkol\u00e1sra. Ezt t\u00e1bla jelezte, j\u00f3l l\u00e1that\u00f3an, mindk\u00e9t ir\u00e1nyb\u00f3l. Az igazs\u00e1ghoz itt hozz\u00e1tartozik, hogy az\u00e9rt csak egy busz \u00e1llt bent, mert amikor \u00e9rkezett kett\u0151 m\u00e1sik, azoknak el kellett menni\u00fck m\u00e1shov\u00e1, mert aut\u00f3k parkoltak a buszparkol\u00f3ban.<\/p>\n<p>\u00c9s hogy ez \u00e1ltal\u00e1noss\u00e1gban mekkora probl\u00e9m\u00e1t jelent? El\u00e9g megn\u00e9zni mi t\u00f6rt\u00e9nik, amikor p\u00e1r \u00e9vente elhalad itt a Google aut\u00f3ja:<\/p>\n<span class=\"su-highlight\" style=\"background:#000000;color:#ffffff\">&nbsp;2011 novembere&nbsp;<\/span>, nulla busz, rengeteg aut\u00f3 (egy szab\u00e1lytalanul parkol)<\/p>\n<p><iframe loading=\"lazy\" style=\"border: 0;\" src=\"https:\/\/www.google.com\/maps\/embed?pb=!4v1573047618729!6m8!1m7!1sMKUMDrFgPEVBEMcpklHQNA!2m2!1d46.25270169028115!2d20.15321356475308!3f339.67331266761767!4f-5.382040825192433!5f0.4002692304891897\" width=\"1000\" height=\"500\" frameborder=\"0\" allowfullscreen=\"allowfullscreen\"><\/iframe><\/p>\n<span class=\"su-highlight\" style=\"background:#000000;color:#ffffff\">&nbsp;2012 janu\u00e1rja&nbsp;<\/span>, egy busz, rengeteg aut\u00f3 (egy szab\u00e1lytalanul parkol), egy p\u00f3k<\/p>\n<p><iframe loading=\"lazy\" style=\"border: 0;\" src=\"https:\/\/www.google.com\/maps\/embed?pb=!4v1573047735330!6m8!1m7!1s80s06cIhwgJV48st35Fzsw!2m2!1d46.25289543785284!2d20.15335284521312!3f270.09667905980604!4f-15.532485381532723!5f0.40052114060903693\" width=\"1000\" height=\"500\" frameborder=\"0\" allowfullscreen=\"allowfullscreen\"><\/iframe><\/p>\n<span class=\"su-highlight\" style=\"background:#000000;color:#ffffff\">&nbsp;2013 m\u00e1jusa&nbsp;<\/span>, kett\u0151 busz, rengeteg aut\u00f3 (kett\u0151 szab\u00e1lytalanul parkol)<\/p>\n<p><iframe loading=\"lazy\" style=\"border: 0;\" src=\"https:\/\/www.google.com\/maps\/embed?pb=!4v1573047866971!6m8!1m7!1sRHtGOwDH-jYhlpv0eONkvg!2m2!1d46.25344703299539!2d20.15380249229494!3f253.400253052471!4f-4.027592080359412!5f0.7820865974627469\" width=\"1000\" height=\"500\" frameborder=\"0\" allowfullscreen=\"allowfullscreen\"><\/iframe><\/p>\n<span class=\"su-highlight\" style=\"background:#000000;color:#ffffff\">&nbsp;2014 m\u00e1jusa&nbsp;<\/span>, nulla busz, rengeteg aut\u00f3, itt viszont m\u00e1r kezdik a rakpart fal\u00e1nak fel\u00faj\u00edt\u00e1s\u00e1t, ez\u00e9rt nem tudni, hogy \u00e9pp szab\u00e1lytalan-e az a p\u00e1r aut\u00f3 a buszparkol\u00f3ban<\/p>\n<p><iframe loading=\"lazy\" style=\"border: 0;\" src=\"https:\/\/www.google.com\/maps\/embed?pb=!4v1573047839444!6m8!1m7!1sJPlLV_UmsbQ0PYnL6-YAFQ!2m2!1d46.25345269996328!2d20.15381674522757!3f253.400253052471!4f-4.027592080359412!5f0.5707030357160363\" width=\"1000\" height=\"500\" frameborder=\"0\" allowfullscreen=\"allowfullscreen\"><\/iframe><\/p>\n<span class=\"su-highlight\" style=\"background:#000000;color:#ffffff\">&nbsp;2014 m\u00e1jusa&nbsp;<\/span>, kett\u0151 busz, rengeteg aut\u00f3 (egy szab\u00e1lytalanul parkol), egy p\u00f3k<\/p>\n<p><iframe loading=\"lazy\" style=\"border: 0;\" src=\"https:\/\/www.google.com\/maps\/embed?pb=!4v1573047916883!6m8!1m7!1sqOgx_rDwJPjwLhA36bexqw!2m2!1d46.25337222712642!2d20.15374347265529!3f262.2333244456588!4f-7.886365626326409!5f0.4003021546196513\" width=\"1000\" height=\"500\" frameborder=\"0\" allowfullscreen=\"allowfullscreen\"><\/iframe><\/p>\n<p>Teh\u00e1t viszonylag \u00e1ltal\u00e1nosnak mondhat\u00f3 a gond. Buszok egy\u00e9bk\u00e9nt az\u00e9rt vannak ilyen kis sz\u00e1mban, mert egyetlen utcak\u00e9p sem k\u00e9sz\u00fclt a turisztikai f\u0151szezonban. Arra a k\u00e9rd\u00e9sre azonban tov\u00e1bbra sem vil\u00e1gos a v\u00e1lasz, hogy hogyan fordulhat el\u0151, hogy ennyi aut\u00f3 \u00e1lljon egyszerre tilosban.<\/p>\n<h4 style=\"padding-left: 40px;\">Ennyi ember nem igaz, hogy ben\u00e9zi a t\u00e1bl\u00e1t.<\/h4>\n<p>A megfejt\u00e9s tal\u00e1n a vonz\u00e1s t\u00f6rv\u00e9nye, vagy m\u00e1s kifejez\u00e9ssel a b\u00e1r\u00e1nys\u00e1g, r\u00e9giesen egy bolond sz\u00e1zat csin\u00e1l. Ha ugyanis p\u00e1r aut\u00f3s ak\u00e1r figyelmetlens\u00e9gb\u0151l, ak\u00e1r nemt\u00f6r\u0151d\u00f6ms\u00e9gb\u0151l oda\u00e1ll, m\u00e1sok j\u00f3 es\u00e9llyel el sem gondolkodnak majd rajta, szabad-e ott parkolni egy\u00e1ltal\u00e1n. Az is lehet, hogy valaki meg\u00e1ll ott v\u00e1rakozni (ezt szabad ugyanis), \u00e9s m\u00e1s is meg\u00e1ll mellette, csak ut\u00f3bbi ott is hagyja aut\u00f3j\u00e1t. Az is el\u0151seg\u00edtheti az anom\u00e1li\u00e1t, hogy b\u00e1r t\u00e1bla mindk\u00e9t ir\u00e1nyb\u00f3l van, m\u00e9gsem annyira felt\u0171n\u0151 a tilt\u00e1s. Hat\u00e1sosabb lenne mondjuk felfesteni a ter\u00fcletre p\u00e1r busz piktogramot, azok k\u00f6r\u00e9 pedig s\u00e1rga, \u00e1tl\u00f3s cs\u00edkoz\u00e1st. Sokkal hat\u00e1sosabb.<\/p>\n<figure style=\"width: 1600px\" class=\"wp-caption alignnone\"><img decoding=\"async\" loading=\"lazy\" src=\"https:\/\/live.staticflickr.com\/65535\/49023355183_dbd9560309_h.jpg\" alt=\"\" width=\"1600\" height=\"1067\" \/><figcaption class=\"wp-caption-text\">Fot\u00f3: Sz\u0171cs D\u00e1niel \/ Szegeder<\/figcaption><\/figure>\n<figure style=\"width: 1600px\" class=\"wp-caption alignnone\"><img decoding=\"async\" loading=\"lazy\" src=\"https:\/\/live.staticflickr.com\/65535\/49023873176_b3bfca4290_h.jpg\" alt=\"\" width=\"1600\" height=\"1067\" \/><figcaption class=\"wp-caption-text\">Fot\u00f3: Sz\u0171cs D\u00e1niel \/ Szegeder<\/figcaption><\/figure>\n<p>A k\u00f6zteresek k\u00f6zel negyven aut\u00f3ra tettek ma <a href=\"https:\/\/live.staticflickr.com\/65535\/49024082727_d17a627903_h.jpg\" target=\"_blank\" rel=\"noopener noreferrer\">b\u00fcntet\u0151c\u00e9dul\u00e1t<\/a>, melyet az \u00f6nkorm\u00e1nyzat v\u00e1ros\u00fczemeltet\u00e9si irod\u00e1ja fel\u00e9 kell befizetni, \u00f6sszege 10 ezer forint. Erre k\u00fcl\u00f6nf\u00e9le reakci\u00f3k \u00e9rkeztek a parkol\u00f3ba visszat\u00e9r\u0151k r\u00e9sz\u00e9r\u0151l. Volt egy h\u00f6lgy, aki kedvesen s\u00e9t\u00e1lt a k\u00e9t kocsival jelenlev\u0151 \u00f6t k\u00f6ztereshez, mind\u00f6ssze annyit k\u00e9rdezett, hogyan kell majd befizetni \u00e9s mennyit. Volt, aki elfogadta \u00e9s tov\u00e1bb\u00e1llt reklam\u00e1ci\u00f3 n\u00e9lk\u00fcl, meg persze ott volt a fiatal p\u00e1r is, akiknek kev\u00e9ss\u00e9 tetszett a szitu\u00e1ci\u00f3, \u00e9s a h\u00f6lgy hangosan vonta k\u00e9rd\u0151re (\u00fagy h\u00fasz m\u00e9terre a k\u00f6zteresekt\u0151l), hogy m\u00e9gis mi\u00e9rt b\u00fcntett\u00e9k meg.<\/p>\n<div>\n<div class=\"_1t_p clearfix\">\n<div class=\"_41ud\">\n<div class=\"clearfix _o46 _3erg _3i_m _nd_ direction_ltr text_align_ltr\">\n<div id=\"js_bh\" class=\"_3058 _ui9 _hh7 _6ybn _s1- _52mr _43by _6ybp _3oh-\" data-tooltip-content=\"1:24 PM\" data-hover=\"tooltip\" data-tooltip-position=\"right\" aria-describedby=\"js_3d\">\n<h4 class=\"_aok _7i2m\" style=\"padding-left: 40px;\" tabindex=\"0\" aria-label=\"Gecinek van ez itt, az\u00e9rt hogy buszok \u00e1lljanak ide\"><span class=\"_3oh- _58nk\">\u201eGecinek van ez itt, az\u00e9rt hogy buszok \u00e1lljanak ide?!\u201d<\/span><\/h4>\n<p>&#8211; fogalmazott. Ennyi volna teh\u00e1t, egy kis figyelmess\u00e9g \u00e9s megold\u00f3dik a probl\u00e9ma? \u00dagy t\u0171nik. Na meg persze a s\u00e1rga cs\u00edkoz\u00e1s.<\/p>\n<\/div>\n<\/div>\n<\/div>\n<\/div>\n<\/div>\n<p>&nbsp;<\/p>\n<p><em>Nyit\u00f3k\u00e9p: Sz\u0171cs D\u00e1niel \/ Szegeder<\/em><\/p>","protected":false},"excerpt":{"rendered":"<p>Szerd\u00e1n k\u00f6zel negyven szem\u00e9lyg\u00e9pj\u00e1rm\u0171vet b\u00fcntettek meg a Husz\u00e1r M\u00e1ty\u00e1s rakparti parkol\u00f3ban, ami\u00e9rt tilosban parkoltak. Voltak felh\u00e1borodott, geciz\u0151 \u00e9s teljes m\u00e9rt\u00e9kben elfogad\u00f3 aut\u00f3sok is. De vajon jogosan j\u00e1rtak el a c\u00e9dul\u00e1kat osztogat\u00f3 k\u00f6zteresek?<\/p>","protected":false},"author":1,"featured_media":26615,"comment_status":"closed","ping_status":"closed","sticky":false,"template":"","format":"standard","meta":{"_seopress_robots_primary_cat":"none"},"categories":[4],"tags":[2001,938,2961,2962,502,479,231,2963],"acf":[],"amp_enabled":true,"_links":{"self":[{"href":"https:\/\/szegederarchivum.hu\/en\/wp-json\/wp\/v2\/posts\/26568"}],"collection":[{"href":"https:\/\/szegederarchivum.hu\/en\/wp-json\/wp\/v2\/posts"}],"about":[{"href":"https:\/\/szegederarchivum.hu\/en\/wp-json\/wp\/v2\/types\/post"}],"author":[{"embeddable":true,"href":"https:\/\/szegederarchivum.hu\/en\/wp-json\/wp\/v2\/users\/1"}],"replies":[{"embeddable":true,"href":"https:\/\/szegederarchivum.hu\/en\/wp-json\/wp\/v2\/comments?post=26568"}],"version-history":[{"count":17,"href":"https:\/\/szegederarchivum.hu\/en\/wp-json\/wp\/v2\/posts\/26568\/revisions"}],"predecessor-version":[{"id":28093,"href":"https:\/\/szegederarchivum.hu\/en\/wp-json\/wp\/v2\/posts\/26568\/revisions\/28093"}],"wp:featuredmedia":[{"embeddable":true,"href":"https:\/\/szegederarchivum.hu\/en\/wp-json\/wp\/v2\/media\/26615"}],"wp:attachment":[{"href":"https:\/\/szegederarchivum.hu\/en\/wp-json\/wp\/v2\/media?parent=26568"}],"wp:term":[{"taxonomy":"category","embeddable":true,"href":"https:\/\/szegederarchivum.hu\/en\/wp-json\/wp\/v2\/categories?post=26568"},{"taxonomy":"post_tag","embeddable":true,"href":"https:\/\/szegederarchivum.hu\/en\/wp-json\/wp\/v2\/tags?post=26568"}],"curies":[{"name":"wp","href":"https:\/\/api.w.org\/{rel}","templated":true}]}}