{"id":27139,"date":"2019-11-13T18:44:01","date_gmt":"2019-11-13T17:44:01","guid":{"rendered":"https:\/\/szegederarchivum.hu\/?p=27139"},"modified":"2019-11-19T14:55:31","modified_gmt":"2019-11-19T13:55:31","slug":"a-burger-kint-uj-muburgere-kellemetlen-kezdes-utan-kozepesen-szarra-javult","status":"publish","type":"post","link":"https:\/\/szegederarchivum.hu\/en\/a-burger-kint-uj-muburgere-kellemetlen-kezdes-utan-kozepesen-szarra-javult\/","title":{"rendered":"A Burger King \u00faj m\u0171burgere kellemetlen kezd\u00e9s ut\u00e1n k\u00f6zepesen szarr\u00e1 javult"},"content":{"rendered":"<p><strong>Egyre nagyobb teret nyernek a m\u0171h\u00fasb\u00f3l k\u00e9sz\u00fclt hamburgerek, olyannyira, hogy keddt\u0151l m\u00e1r a Burger King magyarorsz\u00e1gi \u00e9ttermeiben is kaphat\u00f3k a teljes eg\u00e9sz\u00e9ben n\u00f6v\u00e9nyi \u00f6sszetev\u0151kb\u0151l t\u00e1kolt pog\u00e1cs\u00e1t tartalmaz\u00f3 whopperek. Megk\u00f3stoltuk.<\/strong><\/p>\n<p>A Rebel, azaz L\u00e1zad\u00f3 Whopper n\u00e9vre keresztelt burgert egyszerre hozt\u00e1k forgalomba Eur\u00f3p\u00e1ban, 25 orsz\u00e1g 2500 \u00e9tterm\u00e9ben. Haz\u00e1nkban egyed\u00fcl a Liszt Ferenc rep\u00fcl\u0151t\u00e9ren nem kaphat\u00f3, ezen k\u00edv\u00fcl ha valaki beugrik p\u00e9ld\u00e1ul az \u00c1rp\u00e1d t\u00e9ri vagy a Makkosh\u00e1zi k\u00f6r\u00fati \u00e9tterm\u00fckbe, azonnal ez fog szembej\u00f6nni a pult feletti monitorok legal\u00e1bb egyik\u00e9n, de hamarosan a K\u00f6zel-Keleten \u00e9s Afrik\u00e1ban is kaphat\u00f3 lesz.<\/p>\n<p>A Rebel eset\u00e9ben teh\u00e1t nincs akkora v\u00e1rakoz\u00e1s, mint a Beyond Meatn\u00e9l volt\/van, amit m\u00e9g mindig alig kapni itthon, b\u00e1r Szegeden m\u00e1r nem csak a Vegazzo, hanem a Vit\u00e9z utcai \u00fczlet\u00fckt\u0151l \u00fagy 25 m\u00e9terre tal\u00e1lhat\u00f3 Lotus is \u00e1rulja m\u00e1r \u0151ket, az m\u00e1r m\u00e1s k\u00e9rd\u00e9s, hogyan. Az amerikai gyors\u00e9ttereml\u00e1nc egyszer\u0171en h\u00e9tf\u0151n <a href=\"https:\/\/www.facebook.com\/BurgerKingHU\/photos\/a.200561816674352\/2782319475165227\/?type=3&amp;theater\" target=\"_blank\" rel=\"noopener noreferrer\">posztolt<\/a> egy sejtelmes burgersziluettet, majd m\u00e1snap <a href=\"https:\/\/www.facebook.com\/BurgerKingHU\/photos\/a.200561816674352\/2784928281571013\/?type=3&amp;theater\" target=\"_blank\" rel=\"noopener noreferrer\">ler\u00e1ntott\u00e1k a leplet<\/a> a \u201e100% Whopper, 0% h\u00fas\u201d szlogennel megsp\u00e9kelt term\u00e9kr\u0151l. El\u0151bbin\u00e9l egy\u00e9bk\u00e9nt megk\u00e9rdezt\u00e9k k\u00f6vet\u0151iket, szerint\u00fck mivel rukkolnak majd el\u0151, mire a legt\u00f6bben azt v\u00e1rt\u00e1k, hogy pacalos burgert hoznak majd forgalomba. \u201eSr\u00e1cok, b\u00e1sty\u00e1k, fortniteosok \u00e9s azok, akik nem azok! Az \u00faj posztunkn\u00e1l m\u00e1r l\u00e1thatj\u00e1tok, hogy mivel k\u00e9sz\u00fclt\u00fcnk! <span class=\"_5mfr\"><span class=\"_6qdm\">?<\/span><\/span> Nem, sajnos nem pacal, pedig sokan k\u00e9rt\u00e9tek&#8230; Csekkolj\u00e1tok, k\u00f3stolj\u00e1tok, \u00edrj\u00e1tok meg a v\u00e9lem\u00e9nyeteket! Ti vagytok a legjobb, legbolondabb arcok\u201d &#8211; \u00edrta az igencsak fura nyelvezetet alkalmaz\u00f3 Burger King a leleplez\u00e9skor.<\/p>\n<p>De miel\u0151tt elkanyarodn\u00e1nk, vissza a Rebelhez: kedden este t\u00e9rt\u00fcnk be az \u00c1rp\u00e1d t\u00e9ri \u00fczletbe, hogy megk\u00f3stoljuk. B\u00e1r els\u0151 napja volt, egy\u00e1ltal\u00e1n nem \u00fagy t\u0171nt, mintha sokakat \u00e9rdekelne, a nagyj\u00e1b\u00f3l egy tucat vend\u00e9gb\u0151l senki sem evett ilyet, \u00e9s a rendel\u00e9sek k\u00f6t\u00f6tt sem volt csak kett\u0151, a mieink. A k\u00e9t Rebelt vill\u00e1mgyorsan kaptuk k\u00e9zhez, p\u00e1r percet kellet csak v\u00e1rni, amib\u0151l az is l\u00e1tszik, hogy a McDonald&#8217;s kor\u00e1bbi kijelent\u00e9sei, melyek szerint igen neh\u00e9z lenne \u00fagy vega burgert \u00e1rulni, hogy az semmihez ne ny\u00faljon hozz\u00e1, ami ak\u00e1rcsak egy fi\u00f3kban volt valaha valamivel, ami egyszer m\u00e1r l\u00e1tott valamit, ami h\u00fashoz \u00e9rt, \u00e9rv\u00e9ny\u00fcket vesztett\u00e9k.<\/p>\n<figure style=\"width: 1600px\" class=\"wp-caption alignnone\"><img decoding=\"async\" loading=\"lazy\" src=\"https:\/\/live.staticflickr.com\/65535\/49059063871_c449a8da09_h.jpg\" alt=\"\" width=\"1600\" height=\"1067\" \/><figcaption class=\"wp-caption-text\">Fot\u00f3: Sz\u0171cs D\u00e1niel \/ Szegeder<\/figcaption><\/figure>\n<figure style=\"width: 1600px\" class=\"wp-caption alignnone\"><img decoding=\"async\" loading=\"lazy\" src=\"https:\/\/live.staticflickr.com\/65535\/49059284942_943f6549f7_h.jpg\" alt=\"\" width=\"1600\" height=\"1067\" \/><figcaption class=\"wp-caption-text\">Fot\u00f3: Sz\u0171cs D\u00e1niel \/ Szegeder<\/figcaption><\/figure>\n<p>Arr\u00f3l pedig m\u00e1r a Beyond Meat k\u00f3stol\u00e1sakor <a href=\"https:\/\/szegederarchivum.hu\/mi-van-a-huson-tul-megkostoltuk-szeged-elso-szintetikus-hamburgeret\/\" target=\"_blank\" rel=\"noopener noreferrer\">\u00edrtam b\u0151vebben<\/a>, hogy mi\u00e9rt is ez az eg\u00e9sz c\u00e9c\u00f3, \u00e9s mi\u00e9rt nem esz\u00fcnk sim\u00e1n marhah\u00fast, \u00e9s k\u00e9sz, l\u00e9v\u00e9n egyik\u00fcnk sem veg\u00e1n, de m\u00e9g csak nem is vega. S\u0151t. R\u00f6viden a l\u00e9nyeg annyi, hogy annyira n\u00f6vekszik a h\u00fas ir\u00e1nti kereslet (ami most sem mondhat\u00f3 kicsinek), hogy egyszer\u0171en ha nem enn\u00e9nk, csak sima h\u00fast, akkor \u00f6sszeomlasztjuk \u00f6kosziszt\u00e9m\u00e1nkat, \u00e9s t\u00f6nkretessz\u00fck a bolyg\u00f3t, amivel ki j\u00e1rna a legrosszabbul, ha nem az emberek maguk.<\/p>\n<p>A Rebel r\u00e1n\u00e9z\u00e9sre egy hagyom\u00e1nyos burger, beleharapva azonban teljesen m\u00e1s. Nincs az a karakteres Burger King-\u00edz, \u00e9s a cheddar m\u00e1r-m\u00e1r agyonnyom\u00f3 jellege is hi\u00e1nyzik bel\u0151le. Ett\u0151l m\u00e9g persze nem lenne rossz, de ellenben a Vegazzo-f\u00e9le Beyond Meates szendviccsel (nincs m\u00e1s szintetikus h\u00fas \u00f6sszehasonl\u00edt\u00e1si alapunk), ezt legt\u00f6m\u00f6rebben \u00fagy lehetne \u00f6sszegezni, hogy szar.<\/p>\n<p>A \u201eh\u00faspog\u00e1cs\u00e1t\u201d k\u00f3stoltuk mag\u00e1ban is, \u00e9s mindennel egy\u00fctt. El\u0151bbi esetben egy nagyon er\u0151ltetett, arom\u00e1s barna koronggal \u00e1lltunk szemben, szendviccsel egy\u00fctt pedig annyit tudunk mondani, hogy teljesen \u00e9rthet\u0151, hogy mi\u00e9rt van mellette benne paradicsom, sal\u00e1ta \u00e9s hagyma is. Ha ugyanis ezek nem nyomn\u00e1k el valamelyest a h\u00fas \u00edz\u00e9t, ehetetlen lenne.<\/p>\n<h4 style=\"padding-left: 40px;\">\u201eOlyan, mintha egy 45 \u00e9ves n\u0151 20 \u00e9vesnek akarna kin\u00e9zni.\u201d<\/h4>\n<p>A szegedi burgersk\u00e1l\u00e1n ha az Inferno egy sajtburgere 8, a Beyond Meat pedig 6 pontot kap, akkor ez mondjuk 4-et, j\u00f3 indulattal. Mire azonban a v\u00e9g\u00e9re \u00e9r\u00fcnk a burgernek, valahogy hozz\u00e1szokik a sz\u00e1nk, \u00e9s el\u00e9ri az elmegy kateg\u00f3ri\u00e1t, m\u00e9g ak\u00e1r az 5-\u00f6s alj\u00e1t is megkocogtatja kicsit.<\/p>\n<figure style=\"width: 1600px\" class=\"wp-caption alignnone\"><img decoding=\"async\" loading=\"lazy\" src=\"https:\/\/live.staticflickr.com\/65535\/49059284672_a903162317_h.jpg\" alt=\"\" width=\"1600\" height=\"1067\" \/><figcaption class=\"wp-caption-text\">Fot\u00f3: Sz\u0171cs D\u00e1niel \/ Szegeder<\/figcaption><\/figure>\n<p>Azt egy\u00e9bk\u00e9nt neh\u00e9z kider\u00edteni, hogy pontosan mib\u0151l \u00e1ll a pog\u00e1csa, mivel err\u0151l nem adtak ki inform\u00e1ci\u00f3kat, de egy kor\u00e1bban a c\u00e9g (The Vegetarian Butcher, a pog\u00e1cs\u00e1t nem a BK gy\u00e1rtja) \u00e1ltal kifejlesztett m\u00e1sik pog\u00e1cs\u00e1r\u00f3l <a href=\"https:\/\/index.hu\/kultur\/eletmod\/2019\/11\/12\/burger_king_rebel_whopper_hus_vegetarianus_teszt\/\" target=\"_blank\" rel=\"noopener noreferrer\">tudni<\/a>, hogy van benne sz\u00f3japrotein, b\u00fazaprotein, b\u00fazakem\u00e9ny\u00edt\u0151, repceolaj, napraforg\u00f3olaj, hagyma, szabadon teny\u00e9sztett csirke toj\u00e1s\u00e1nak feh\u00e9rj\u00e9je, kem\u00e9ny\u00edt\u0151, \u00e9getett cukor, tengeri h\u00edn\u00e1r kivonata \u00e9s m\u00e1s finoms\u00e1gok.<\/p>\n<p>\u00c9s hogy mi a v\u00e9geredm\u00e9ny? Kaptunk egy burgert, ami b\u00e1r nem nevezhet\u0151 t\u00falzottan finomnak, egy-k\u00e9t darab elfogyaszt\u00e1sa ut\u00e1n hozz\u00e1szokunk, id\u0151vel pedig szerethet\u0151 is lehet, nem nekem persze. De itt nem is az a l\u00e9nyeg, hogy a Rebel j\u00f3 volt-e, vagy sem, hanem hogy a p\u00e1r \u00e9vvel ezel\u0151tt m\u00e9g n\u00e9h\u00e1ny depis fiatal l\u00e1zong\u00e1s\u00e1nak t\u0171n\u0151 h\u00fasmegtagad\u00e1sb\u00f3l az lett, hogy a vil\u00e1g egyik legnagyobb gyors\u00e9ttereml\u00e1nca hatalmas lelkesed\u00e9ssel, b\u00fcszk\u00e9n k\u00f6zli fogyaszt\u00f3ival, hogy a McDonald&#8217;s-ot \u00e9s a KFC-t is beel\u0151zve els\u0151k\u00e9nt dobt\u00e1k piacra m\u0171h\u00fasburger\u00fcket, b\u00e1r egyel\u0151re csak a k\u00e9szlet erej\u00e9ig. Ak\u00e1rmennyire is nem volt j\u00f3 a Rebel, bizakodva v\u00e1rjuk a folytat\u00e1st, mert ez az \u00e9tkez\u00e9s\u00fcnk j\u00f6v\u0151je, ak\u00e1r tetszik, ak\u00e1r nem.<\/p>\n<p>&nbsp;<\/p>\n<p><em>Nyit\u00f3k\u00e9p: Sz\u0171cs D\u00e1niel \/ Szegeder<\/em><\/p>","protected":false},"excerpt":{"rendered":"<p>Egyre nagyobb teret nyernek a m\u0171h\u00fasb\u00f3l k\u00e9sz\u00fclt hamburgerek, olyannyira, hogy keddt\u0151l m\u00e1r a Burger King magyarorsz\u00e1gi \u00e9ttermeiben is kaphat\u00f3k a teljes eg\u00e9sz\u00e9ben n\u00f6v\u00e9nyi \u00f6sszetev\u0151kb\u0151l t\u00e1kolt pog\u00e1cs\u00e1t tartalmaz\u00f3 whopperek. Megk\u00f3stoltuk.<\/p>","protected":false},"author":1,"featured_media":27217,"comment_status":"closed","ping_status":"closed","sticky":false,"template":"","format":"standard","meta":{"_seopress_robots_primary_cat":"none"},"categories":[980],"tags":[2989,2502,3024,3022,3023,802,3025],"acf":[],"amp_enabled":true,"_links":{"self":[{"href":"https:\/\/szegederarchivum.hu\/en\/wp-json\/wp\/v2\/posts\/27139"}],"collection":[{"href":"https:\/\/szegederarchivum.hu\/en\/wp-json\/wp\/v2\/posts"}],"about":[{"href":"https:\/\/szegederarchivum.hu\/en\/wp-json\/wp\/v2\/types\/post"}],"author":[{"embeddable":true,"href":"https:\/\/szegederarchivum.hu\/en\/wp-json\/wp\/v2\/users\/1"}],"replies":[{"embeddable":true,"href":"https:\/\/szegederarchivum.hu\/en\/wp-json\/wp\/v2\/comments?post=27139"}],"version-history":[{"count":15,"href":"https:\/\/szegederarchivum.hu\/en\/wp-json\/wp\/v2\/posts\/27139\/revisions"}],"predecessor-version":[{"id":28084,"href":"https:\/\/szegederarchivum.hu\/en\/wp-json\/wp\/v2\/posts\/27139\/revisions\/28084"}],"wp:featuredmedia":[{"embeddable":true,"href":"https:\/\/szegederarchivum.hu\/en\/wp-json\/wp\/v2\/media\/27217"}],"wp:attachment":[{"href":"https:\/\/szegederarchivum.hu\/en\/wp-json\/wp\/v2\/media?parent=27139"}],"wp:term":[{"taxonomy":"category","embeddable":true,"href":"https:\/\/szegederarchivum.hu\/en\/wp-json\/wp\/v2\/categories?post=27139"},{"taxonomy":"post_tag","embeddable":true,"href":"https:\/\/szegederarchivum.hu\/en\/wp-json\/wp\/v2\/tags?post=27139"}],"curies":[{"name":"wp","href":"https:\/\/api.w.org\/{rel}","templated":true}]}}