{"id":27225,"date":"2019-11-13T20:08:38","date_gmt":"2019-11-13T19:08:38","guid":{"rendered":"https:\/\/szegederarchivum.hu\/?p=27225"},"modified":"2019-11-13T20:09:54","modified_gmt":"2019-11-13T19:09:54","slug":"meno-kezmuves-boltot-nyitott-a-kormanyhivatal-szegeden","status":"publish","type":"post","link":"https:\/\/szegederarchivum.hu\/en\/meno-kezmuves-boltot-nyitott-a-kormanyhivatal-szegeden\/","title":{"rendered":"Men\u0151 k\u00e9zm\u0171ves boltot nyitott a korm\u00e1nyhivatal Szegeden"},"content":{"rendered":"<p><a href=\"https:\/\/szegederarchivum.hu\/meno-kezmuves-boltot-nyitott-a-kormanyhivatal-szegeden\/\"><img decoding=\"async\" src=\"https:\/\/live.staticflickr.com\/65535\/49060544876_24009f087d_h.jpg\" \/><\/a><\/p>\n<p><!--more--><\/p>\n<p>A szemben lev\u0151 z\u00f6lds\u00e9gessel ak\u00e1r egy kis piacot is alkothatna a <a href=\"https:\/\/www.facebook.com\/Helyi-S%C3%A9g-103014354488235\/\" target=\"_blank\" rel=\"noopener noreferrer\">Helyi-s\u00e9g<\/a>, mely ma nyitotta meg ajtaj\u00e1t a nagyk\u00f6z\u00f6ns\u00e9g el\u0151tt a R\u00e1k\u00f3czi t\u00e9ri korm\u00e1nykomplexum \u00e9szak-nyugati oldal\u00e1ban, a T\u00f6r\u00f6k utc\u00e1ra n\u00e9zve. A kis \u00fczletet a korm\u00e1nyhivatal \u00fczemelteti, ma adt\u00e1k \u00e1t a VI. K\u00f6zfoglalkoztat\u00e1si Ki\u00e1ll\u00edt\u00e1s \u00e9s V\u00e1s\u00e1r keretein bel\u00fcl.<\/p>\n<p>A legink\u00e1bb egy \u00fajhull\u00e1mos k\u00e1v\u00e9z\u00f3ra hajaz\u00f3 berendez\u00e9s pedig rengeteg term\u00e9ket rejt, melyeket javar\u00e9szt Csongr\u00e1d megyei termel\u0151k k\u00e9sz\u00edtik. A polcok felett t\u00e1bla jelzi, hogy mi honnan sz\u00e1rmazik. Itt tal\u00e1lkozhatunk \u00c1sotthalom, \u00dajszentiv\u00e1n, Bord\u00e1ny, Maroslele \u00e9s m\u00e9g sz\u00e1mos m\u00e1s falu nev\u00e9vel, ahol a kecskesajtt\u00f3l kezd\u0151d\u0151en mindenf\u00e9le lekv\u00e1rokon \u00e1t m\u00e9g csokol\u00e1d\u00e9 is k\u00e9sz\u00fcl.<\/p>\n<p>A kedves, seg\u00edt\u0151k\u00e9sz dolgoz\u00f3kkal ell\u00e1tott Helyi-s\u00e9gben h\u00e9tk\u00f6znaponk\u00e9nt 8-18 \u00f3r\u00e1ig, szombaton 8-12 \u00f3r\u00e1ig lehet v\u00e1s\u00e1rolni.<\/p>\n<p><img decoding=\"async\" loading=\"lazy\" class=\"aligncenter\" src=\"https:\/\/live.staticflickr.com\/65535\/49060545531_2533d5fcc1_h.jpg\" width=\"567\" height=\"850\" \/><\/p>\n<p><img decoding=\"async\" src=\"https:\/\/live.staticflickr.com\/65535\/49060549856_0ad6a78d33_h.jpg\" \/><\/p>\n<p><img decoding=\"async\" src=\"https:\/\/live.staticflickr.com\/65535\/49060546651_440e27f7a6_h.jpg\" \/><\/p>\n<p><img decoding=\"async\" src=\"https:\/\/live.staticflickr.com\/65535\/49060769872_56ff7cb8c7_h.jpg\" \/><\/p>\n<p><img decoding=\"async\" src=\"https:\/\/live.staticflickr.com\/65535\/49060545981_139ec030ac_h.jpg\" \/><\/p>\n<figure style=\"width: 566px\" class=\"wp-caption aligncenter\"><img decoding=\"async\" loading=\"lazy\" class=\"\" src=\"https:\/\/live.staticflickr.com\/65535\/49060770717_dfac3778d9_h.jpg\" alt=\"\" width=\"566\" height=\"849\" \/><figcaption class=\"wp-caption-text\">Fot\u00f3k: Sz\u0171cs D\u00e1niel \/ Szegeder<\/figcaption><\/figure>","protected":false},"excerpt":{"rendered":"","protected":false},"author":1,"featured_media":0,"comment_status":"closed","ping_status":"closed","sticky":false,"template":"","format":"standard","meta":{"_seopress_robots_primary_cat":"none"},"categories":[987],"tags":[3033,3034,948,947],"acf":[],"amp_enabled":true,"_links":{"self":[{"href":"https:\/\/szegederarchivum.hu\/en\/wp-json\/wp\/v2\/posts\/27225"}],"collection":[{"href":"https:\/\/szegederarchivum.hu\/en\/wp-json\/wp\/v2\/posts"}],"about":[{"href":"https:\/\/szegederarchivum.hu\/en\/wp-json\/wp\/v2\/types\/post"}],"author":[{"embeddable":true,"href":"https:\/\/szegederarchivum.hu\/en\/wp-json\/wp\/v2\/users\/1"}],"replies":[{"embeddable":true,"href":"https:\/\/szegederarchivum.hu\/en\/wp-json\/wp\/v2\/comments?post=27225"}],"version-history":[{"count":7,"href":"https:\/\/szegederarchivum.hu\/en\/wp-json\/wp\/v2\/posts\/27225\/revisions"}],"predecessor-version":[{"id":27268,"href":"https:\/\/szegederarchivum.hu\/en\/wp-json\/wp\/v2\/posts\/27225\/revisions\/27268"}],"wp:attachment":[{"href":"https:\/\/szegederarchivum.hu\/en\/wp-json\/wp\/v2\/media?parent=27225"}],"wp:term":[{"taxonomy":"category","embeddable":true,"href":"https:\/\/szegederarchivum.hu\/en\/wp-json\/wp\/v2\/categories?post=27225"},{"taxonomy":"post_tag","embeddable":true,"href":"https:\/\/szegederarchivum.hu\/en\/wp-json\/wp\/v2\/tags?post=27225"}],"curies":[{"name":"wp","href":"https:\/\/api.w.org\/{rel}","templated":true}]}}