{"id":29406,"date":"2019-12-05T14:59:20","date_gmt":"2019-12-05T13:59:20","guid":{"rendered":"https:\/\/szegederarchivum.hu\/?p=29406"},"modified":"2019-12-05T14:59:20","modified_gmt":"2019-12-05T13:59:20","slug":"vasarhely-egy-poppet-mar-ugy-nez-ki-mintha-nyugat-europaban-lenne-a-tram-train-miatt","status":"publish","type":"post","link":"https:\/\/szegederarchivum.hu\/en\/vasarhely-egy-poppet-mar-ugy-nez-ki-mintha-nyugat-europaban-lenne-a-tram-train-miatt\/","title":{"rendered":"V\u00e1s\u00e1rhely egy p\u00f6ppet m\u00e1r \u00fagy n\u00e9z ki, mintha Nyugat-Eur\u00f3p\u00e1ban lenne a tram-train miatt"},"content":{"rendered":"<p>Persze a Bz motorkocsi kir\u00e1nt az ill\u00fazi\u00f3b\u00f3l, de egy Csehorsz\u00e1gban (ahol egy\u00e9bk\u00e9nt gy\u00e1rtott\u00e1k is ezeket a kis mell\u00e9kvonali kocsikat, \u00e9s ahol az ottani megfelel\u0151j\u00fcket is <a href=\"https:\/\/www.google.com\/search?biw=1920&amp;bih=937&amp;tbm=isch&amp;sxsrf=ACYBGNSBXFRe9ahm_sDWU4BgNGpq4grf2w%3A1575553919863&amp;sa=1&amp;ei=fwvpXbmwNOGclwSbtrGACQ&amp;q=m152+train&amp;oq=m152+train&amp;gs_l=img.3...7861.10749..10929...4.0..0.90.956.12......0....1..gws-wiz-img.......0i8i30j0i24j35i39j0j0i67j0i5i30j0i30.mo3xETnDrhw&amp;ved=0ahUKEwj5697d057mAhVhzoUKHRtbDJAQ4dUDCAc&amp;uact=5#imgrc=_\" target=\"_blank\" rel=\"noopener noreferrer\">megtal\u00e1ljuk<\/a>) az\u00e9rt kiegyezhet\u00fcnk. Egy azonban biztos, a h\u00f3dmez\u0151v\u00e1s\u00e1rhelyi N\u00e9pkert vas\u00fati meg\u00e1ll\u00f3helyen l\u00e9nyeg\u00e9ben minden meg\u00fajult, bele\u00e9rtve a v\u00e1g\u00e1nyzatot, a jelz\u0151ket, peronokat, \u00e9s es\u0151be\u00e1ll\u00f3k is \u00e9p\u00fcltek. Itt is meg\u00e1ll majd ugyanis 2021-t\u0151l a tram-train, melynek munk\u00e1latait dokument\u00e1lta k\u00f6rbe az MTI fot\u00f3sa, M\u00e1th\u00e9 Zolt\u00e1n a napokban. J\u00e1rt ezen k\u00edv\u00fcl az Ady Endre \u00faton \u00e9s a belv\u00e1rosban is, ahol eg\u00e9szen j\u00f3l haladnak m\u00e1r.<\/p>\n<p>A tram-train munk\u00e1latait mi is nyomon k\u00f6vetj\u00fck, H\u00f3dmez\u0151v\u00e1s\u00e1rhelyen legut\u00f3bb <a href=\"https:\/\/szegederarchivum.hu\/vasarhelyen-mar-leraktak-a-villamos-sinjeit\/\" target=\"_blank\" rel=\"noopener noreferrer\">m\u00e1rciusban j\u00e1rtunk<\/a>, a vonal szegedi szakasz\u00e1nak elk\u00e9sz\u00fclt\u00e9r\u0151l pedig m\u00e9g <a href=\"https:\/\/szegederarchivum.hu\/tram-train-2019-februar\/\" target=\"_blank\" rel=\"noopener noreferrer\">febru\u00e1rban \u00edrtunk<\/a>.<\/p>\n<p>&nbsp;<\/p>\n<figure style=\"width: 1920px\" class=\"wp-caption alignnone\"><img decoding=\"async\" loading=\"lazy\" src=\"https:\/\/live.staticflickr.com\/65535\/49173066416_7d98963b3a_o.jpg\" alt=\"\" width=\"1920\" height=\"1281\" \/><figcaption class=\"wp-caption-text\">Fot\u00f3: M\u00e1th\u00e9 Zolt\u00e1n \/ MTI<\/figcaption><\/figure>\n<p>&nbsp;<\/p>\n<figure style=\"width: 1920px\" class=\"wp-caption alignnone\"><img decoding=\"async\" loading=\"lazy\" src=\"https:\/\/live.staticflickr.com\/65535\/49173292512_38b5566c29_o.jpg\" alt=\"\" width=\"1920\" height=\"1278\" \/><figcaption class=\"wp-caption-text\">Fot\u00f3: M\u00e1th\u00e9 Zolt\u00e1n \/ MTI<\/figcaption><\/figure>\n<p>&nbsp;<\/p>\n<figure style=\"width: 1920px\" class=\"wp-caption alignnone\"><img decoding=\"async\" loading=\"lazy\" src=\"https:\/\/live.staticflickr.com\/65535\/49173292532_e28c39b226_o.jpg\" alt=\"\" width=\"1920\" height=\"1280\" \/><figcaption class=\"wp-caption-text\">Fot\u00f3: M\u00e1th\u00e9 Zolt\u00e1n \/ MTI<\/figcaption><\/figure>\n<p>&nbsp;<\/p>\n<figure style=\"width: 565px\" class=\"wp-caption aligncenter\"><img decoding=\"async\" loading=\"lazy\" class=\"\" src=\"https:\/\/live.staticflickr.com\/65535\/49173292492_0ab04a1dfa_o.jpg\" alt=\"\" width=\"565\" height=\"849\" \/><figcaption class=\"wp-caption-text\">Fot\u00f3: M\u00e1th\u00e9 Zolt\u00e1n \/ MTI<\/figcaption><\/figure>\n<p>&nbsp;<\/p>\n<figure style=\"width: 1920px\" class=\"wp-caption alignnone\"><img decoding=\"async\" loading=\"lazy\" src=\"https:\/\/live.staticflickr.com\/65535\/49173066461_526f392419_o.jpg\" alt=\"\" width=\"1920\" height=\"1276\" \/><figcaption class=\"wp-caption-text\">Fot\u00f3: M\u00e1th\u00e9 Zolt\u00e1n \/ MTI<\/figcaption><\/figure>\n<p>&nbsp;<\/p>\n<figure style=\"width: 1920px\" class=\"wp-caption alignnone\"><img decoding=\"async\" loading=\"lazy\" src=\"https:\/\/live.staticflickr.com\/65535\/49172586733_478501554a_o.jpg\" alt=\"\" width=\"1920\" height=\"1278\" \/><figcaption class=\"wp-caption-text\">Fot\u00f3: M\u00e1th\u00e9 Zolt\u00e1n \/ MTI<\/figcaption><\/figure>\n<p>&nbsp;<\/p>\n<figure style=\"width: 1920px\" class=\"wp-caption alignnone\"><img decoding=\"async\" loading=\"lazy\" src=\"https:\/\/live.staticflickr.com\/65535\/49173067856_1438b5ec40_o.jpg\" alt=\"\" width=\"1920\" height=\"1278\" \/><figcaption class=\"wp-caption-text\">Fot\u00f3: M\u00e1th\u00e9 Zolt\u00e1n \/ MTI<\/figcaption><\/figure>\n<p>&nbsp;<\/p>","protected":false},"excerpt":{"rendered":"<p>A vas\u00fatvillamos-vonal munk\u00e1latait most az MTI fot\u00f3sa, M\u00e1th\u00e9 Zolt\u00e1n dokument\u00e1lta.<\/p>","protected":false},"author":1,"featured_media":29413,"comment_status":"closed","ping_status":"closed","sticky":false,"template":"","format":"standard","meta":{"_seopress_robots_primary_cat":"none"},"categories":[981],"tags":[460,458,182],"acf":[],"amp_enabled":true,"_links":{"self":[{"href":"https:\/\/szegederarchivum.hu\/en\/wp-json\/wp\/v2\/posts\/29406"}],"collection":[{"href":"https:\/\/szegederarchivum.hu\/en\/wp-json\/wp\/v2\/posts"}],"about":[{"href":"https:\/\/szegederarchivum.hu\/en\/wp-json\/wp\/v2\/types\/post"}],"author":[{"embeddable":true,"href":"https:\/\/szegederarchivum.hu\/en\/wp-json\/wp\/v2\/users\/1"}],"replies":[{"embeddable":true,"href":"https:\/\/szegederarchivum.hu\/en\/wp-json\/wp\/v2\/comments?post=29406"}],"version-history":[{"count":5,"href":"https:\/\/szegederarchivum.hu\/en\/wp-json\/wp\/v2\/posts\/29406\/revisions"}],"predecessor-version":[{"id":29417,"href":"https:\/\/szegederarchivum.hu\/en\/wp-json\/wp\/v2\/posts\/29406\/revisions\/29417"}],"wp:featuredmedia":[{"embeddable":true,"href":"https:\/\/szegederarchivum.hu\/en\/wp-json\/wp\/v2\/media\/29413"}],"wp:attachment":[{"href":"https:\/\/szegederarchivum.hu\/en\/wp-json\/wp\/v2\/media?parent=29406"}],"wp:term":[{"taxonomy":"category","embeddable":true,"href":"https:\/\/szegederarchivum.hu\/en\/wp-json\/wp\/v2\/categories?post=29406"},{"taxonomy":"post_tag","embeddable":true,"href":"https:\/\/szegederarchivum.hu\/en\/wp-json\/wp\/v2\/tags?post=29406"}],"curies":[{"name":"wp","href":"https:\/\/api.w.org\/{rel}","templated":true}]}}