{"id":29439,"date":"2020-12-31T14:52:18","date_gmt":"2020-12-31T13:52:18","guid":{"rendered":"https:\/\/szegederarchivum.hu\/?p=29439"},"modified":"2020-12-31T14:52:18","modified_gmt":"2020-12-31T13:52:18","slug":"szilveszterek-gramofonok-gepfegyverek-es-kemenyseprok-tarsasagaban","status":"publish","type":"post","link":"https:\/\/szegederarchivum.hu\/en\/szilveszterek-gramofonok-gepfegyverek-es-kemenyseprok-tarsasagaban\/","title":{"rendered":"Szilveszterek gramofonok, g\u00e9pfegyverek \u00e9s k\u00e9m\u00e9nysepr\u0151k t\u00e1rsas\u00e1g\u00e1ban"},"content":{"rendered":"<p>K\u00e9ts\u00e9gtelen, hogy k\u00fcl\u00f6nleges szilveszter lesz a mostani, hiszen aligha fog nagy csinnadratt\u00e1t csapni a vil\u00e1g annak ellen\u00e9re, hogy sokan szeretn\u00e9k m\u00e1r eltemetni 2020-at. Nyolc f\u00e9nyk\u00e9pet mutatunk most az els\u0151 vil\u00e1gh\u00e1bor\u00fat\u00f3l eg\u00e9szen az 70-es \u00e9vekig, mert voltak m\u00e9g olyan \u00e9vek, amikre nem sz\u00edvesen eml\u00e9kezik vissza az emberis\u00e9g.<\/p>\n<p>A felv\u00e9telekben van egy k\u00f6z\u00f6s: szilveszter est\u00e9j\u00e9n vagy \u00faj\u00e9v napj\u00e1n k\u00e9sz\u00fcltek, Magyarorsz\u00e1gon. Ezt lesz\u00e1m\u00edtva azonban, <em>ah\u00e1ny h\u00e1z, annyi szok\u00e1s<\/em>.<\/p>\n<p>&nbsp;<\/p>\n<figure style=\"width: 1600px\" class=\"wp-caption alignnone\"><img decoding=\"async\" loading=\"lazy\" src=\"https:\/\/live.staticflickr.com\/65535\/49173951972_3b99a33b64_h.jpg\" alt=\"\" width=\"1600\" height=\"1042\" \/><figcaption class=\"wp-caption-text\">1916. Fot\u00f3: Horv\u00e1th Lajos \/ Fortepan<\/figcaption><\/figure>\n<p>&nbsp;<\/p>\n<figure style=\"width: 1599px\" class=\"wp-caption alignnone\"><img decoding=\"async\" loading=\"lazy\" src=\"https:\/\/live.staticflickr.com\/65535\/49173246623_9b1e7c7b2b_h.jpg\" alt=\"\" width=\"1599\" height=\"1000\" \/><figcaption class=\"wp-caption-text\">1917. Fot\u00f3: Jank\u00f3 Attila \/ Fortepan<\/figcaption><\/figure>\n<figure style=\"width: 648px\" class=\"wp-caption aligncenter\"><img decoding=\"async\" loading=\"lazy\" class=\"\" src=\"https:\/\/live.staticflickr.com\/65535\/49173246693_9a4c12f886_h.jpg\" alt=\"\" width=\"648\" height=\"850\" \/><figcaption class=\"wp-caption-text\">1932. Fot\u00f3: Fortepan<\/figcaption><\/figure>\n<p>&nbsp;<\/p>\n<figure style=\"width: 1600px\" class=\"wp-caption alignnone\"><img decoding=\"async\" loading=\"lazy\" src=\"https:\/\/live.staticflickr.com\/65535\/49173247103_d7da55bb8a_h.jpg\" alt=\"\" width=\"1600\" height=\"1166\" \/><figcaption class=\"wp-caption-text\">1933. Fot\u00f3: Lovas Rita \/ Fortepan<\/figcaption><\/figure>\n<p>&nbsp;<\/p>\n<figure style=\"width: 1423px\" class=\"wp-caption alignnone\"><img decoding=\"async\" loading=\"lazy\" src=\"https:\/\/live.staticflickr.com\/65535\/49173247173_b8bfcd28d3_h.jpg\" alt=\"\" width=\"1423\" height=\"1003\" \/><figcaption class=\"wp-caption-text\">1940. Fot\u00f3: Erky-Nagy Tibor \/ Fortepan<\/figcaption><\/figure>\n<p>&nbsp;<\/p>\n<figure style=\"width: 817px\" class=\"wp-caption aligncenter\"><img decoding=\"async\" loading=\"lazy\" class=\"\" src=\"https:\/\/live.staticflickr.com\/65535\/49173732961_90c65588ee_h.jpg\" alt=\"\" width=\"817\" height=\"850\" \/><figcaption class=\"wp-caption-text\">1965. Fot\u00f3: Magyar Rend\u0151r \/ Fortepan<\/figcaption><\/figure>\n<p>&nbsp;<\/p>\n<figure style=\"width: 1238px\" class=\"wp-caption alignnone\"><img decoding=\"async\" loading=\"lazy\" src=\"https:\/\/live.staticflickr.com\/65535\/49173953427_569cb8b053_o.jpg\" alt=\"\" width=\"1238\" height=\"1006\" \/><figcaption class=\"wp-caption-text\">1973. Fot\u00f3: Erky-Nagy Tibor \/ Fortepan<\/figcaption><\/figure>\n<p>&nbsp;<\/p>\n<figure style=\"width: 830px\" class=\"wp-caption aligncenter\"><img decoding=\"async\" loading=\"lazy\" class=\"\" src=\"https:\/\/live.staticflickr.com\/65535\/49173247738_5e9c99deb8_h.jpg\" alt=\"\" width=\"830\" height=\"850\" \/><figcaption class=\"wp-caption-text\">1970. Fot\u00f3: Urb\u00e1n Tam\u00e1s \/ Fortepan<\/figcaption><\/figure>\n<p>&nbsp;<\/p>","protected":false},"excerpt":{"rendered":"<p>K\u00e9ts\u00e9gtelen, hogy k\u00fcl\u00f6nleges szilveszter lesz a mostani, hiszen aligha fog nagy csinnadratt\u00e1t csapni a vil\u00e1g annak ellen\u00e9re, hogy sokan szeretn\u00e9k m\u00e1r eltemetni 2020-at. Nyolc f\u00e9nyk\u00e9pet mutatunk most az els\u0151 vil\u00e1gh\u00e1bor\u00fat\u00f3l eg\u00e9szen az 70-es \u00e9vekig, mert voltak m\u00e9g olyan \u00e9vek, amikre nem sz\u00edvesen eml\u00e9kezik vissza az emberis\u00e9g.<\/p>","protected":false},"author":1,"featured_media":29446,"comment_status":"closed","ping_status":"closed","sticky":false,"template":"","format":"standard","meta":{"_seopress_robots_primary_cat":"none"},"categories":[981],"tags":[90,3175,3177,3176],"acf":[],"amp_enabled":true,"_links":{"self":[{"href":"https:\/\/szegederarchivum.hu\/en\/wp-json\/wp\/v2\/posts\/29439"}],"collection":[{"href":"https:\/\/szegederarchivum.hu\/en\/wp-json\/wp\/v2\/posts"}],"about":[{"href":"https:\/\/szegederarchivum.hu\/en\/wp-json\/wp\/v2\/types\/post"}],"author":[{"embeddable":true,"href":"https:\/\/szegederarchivum.hu\/en\/wp-json\/wp\/v2\/users\/1"}],"replies":[{"embeddable":true,"href":"https:\/\/szegederarchivum.hu\/en\/wp-json\/wp\/v2\/comments?post=29439"}],"version-history":[{"count":7,"href":"https:\/\/szegederarchivum.hu\/en\/wp-json\/wp\/v2\/posts\/29439\/revisions"}],"predecessor-version":[{"id":46590,"href":"https:\/\/szegederarchivum.hu\/en\/wp-json\/wp\/v2\/posts\/29439\/revisions\/46590"}],"wp:featuredmedia":[{"embeddable":true,"href":"https:\/\/szegederarchivum.hu\/en\/wp-json\/wp\/v2\/media\/29446"}],"wp:attachment":[{"href":"https:\/\/szegederarchivum.hu\/en\/wp-json\/wp\/v2\/media?parent=29439"}],"wp:term":[{"taxonomy":"category","embeddable":true,"href":"https:\/\/szegederarchivum.hu\/en\/wp-json\/wp\/v2\/categories?post=29439"},{"taxonomy":"post_tag","embeddable":true,"href":"https:\/\/szegederarchivum.hu\/en\/wp-json\/wp\/v2\/tags?post=29439"}],"curies":[{"name":"wp","href":"https:\/\/api.w.org\/{rel}","templated":true}]}}