{"id":30648,"date":"2019-12-15T19:37:40","date_gmt":"2019-12-15T18:37:40","guid":{"rendered":"https:\/\/szegederarchivum.hu\/?p=30648"},"modified":"2019-12-15T19:37:40","modified_gmt":"2019-12-15T18:37:40","slug":"vegul-csak-kikuldte-a-fidelitas-a-70-ezer-helyreigazito-szorolapjat-szegeden","status":"publish","type":"post","link":"https:\/\/szegederarchivum.hu\/en\/vegul-csak-kikuldte-a-fidelitas-a-70-ezer-helyreigazito-szorolapjat-szegeden\/","title":{"rendered":"V\u00e9g\u00fcl csak kik\u00fcldte a Fidelitas a 70 ezer helyreigaz\u00edt\u00f3 sz\u00f3r\u00f3lapj\u00e1t Szegeden"},"content":{"rendered":"<p><strong>M\u00e9g okt\u00f3ber v\u00e9g\u00e9n <a href=\"https:\/\/szegederarchivum.hu\/kamuzott-a-fidelitas-70-ezer-helyreigazito-szorolapot-kell-kikuldeniuk\/\" target=\"_blank\" rel=\"noopener noreferrer\">\u00edrtuk<\/a>, hogy j\u00f3v\u00e1t\u00e9tel megfizet\u00e9s\u00e9re, valamint helyreigaz\u00edt\u00f3 sz\u00f3r\u00f3lapok k\u00f6zl\u00e9s\u00e9re k\u00f6telezte a b\u00edr\u00f3s\u00e1g a szegedi Fidelitast, mert t\u00f6bb szem\u00e9ly j\u00f3h\u00edrnev\u00e9t is megs\u00e9rtett\u00e9k. Nos, megk\u00e9sve b\u00e1r, de t\u00f6rve nem, a Fidelitas kisz\u00f3rta a sz\u00f3r\u00f3lapokat.<\/strong><\/p>\n<p><span style=\"font-weight: 400;\">Okt\u00f3berben d\u00f6nt\u00f6tt a b\u00edr\u00f3s\u00e1g, hogy fejenk\u00e9nt egymilli\u00f3 forint s\u00e9relemd\u00edjat kell fizetnie a Fidelitasnak Kalm\u00e1r G\u00e1bor, Botka L\u00e1szl\u00f3 kabinetvezet\u0151j\u00e9nek, M\u00f3zes Ervin volt c\u00edmzetes f\u0151jegyz\u0151nek \u00e9s Solymos L\u00e1szl\u00f3 volt alpolg\u00e1rmesternek, valamint \u00f6sszesen 70 ezer p\u00e9ld\u00e1nyban sz\u00f3r\u00f3lapot kell eljuttatniuk az \u00f6sszes szegedi h\u00e1ztart\u00e1sba, ami\u00e9rt megs\u00e9rtett\u00e9k az eml\u00edtett szem\u00e9lyek j\u00f3h\u00edrn\u00e9vhez val\u00f3 jog\u00e1t.<\/span><\/p>\n<p><span style=\"font-weight: 400;\">A joger\u0151s \u00edt\u00e9let v\u00e9g\u00fcl meghozta gy\u00fcm\u00f6lcs\u00e9t, b\u00e1r j\u00f3val a tizen\u00f6t napos hat\u00e1rid\u0151 ut\u00e1n, de v\u00e9g\u00fcl csak kisz\u00f3r\u00e1sra ker\u00fcltek azok a sz\u00f3r\u00f3lapok, melyek a Szegedi \u00cdt\u00e9l\u0151t\u00e1bla \u00e1ltal meghat\u00e1rozott sz\u00f6veg szerint t\u00e1j\u00e9koztatj\u00e1k a v\u00e1roslak\u00f3kat a Fidelitas \u00e1ltal elk\u00f6vetett jogs\u00e9rt\u00e9sr\u0151l. A fejenk\u00e9nt egymilli\u00f3 forintos s\u00e9relemd\u00edj megfizet\u00e9s\u00e9r\u0151l nincs tudom\u00e1sunk. Az eml\u00edtett sz\u00f3r\u00f3lapokon a k\u00f6vetkez\u0151 sz\u00f6veg foglal helyet:<\/span><\/p>\n<p><span style=\"font-weight: 400;\">\u201eA Fidelitas szegedi szervezete a \u201eBemutatkozik Botka L\u00e1szl\u00f3 b\u00f6rt\u00f6nv\u00e1logatottja!&#8221;, \u00e9s \u201e\u00daj el\u00edt\u00e9ltekkel b\u0151v\u00fcl Botka L\u00e1szl\u00f3 b\u00f6rt\u00f6nv\u00e1logatottja&#8221; c\u00edm\u0171 sz\u00f3r\u00f3lapokon megs\u00e9rtette dr. M\u00f3zes Ervin, dr. Solymos L\u00e1szl\u00f3 \u00e9s Kalm\u00e1r G\u00e1bor J\u00f3zsef j\u00f3h\u00edrn\u00e9vhez f\u0171z\u0151d\u0151 szem\u00e9lyis\u00e9gi jog\u00e1t annak elhallgat\u00e1s\u00e1val, hogy az \u0151ket \u00e9rint\u0151 b\u00fcntet\u0151elj\u00e1r\u00e1sban els\u0151fokon hozott \u00edt\u00e9let &#8211; a sz\u00f3r\u00f3lapok terjeszt\u00e9s\u00e9nek id\u0151pontj\u00e1ban &#8211; nem joger\u0151s, \u00e9s a kiszabott b\u00f6rt\u00f6nb\u00fcntet\u00e9s v\u00e9grehajt\u00e1s\u00e1ban felf\u00fcggesztett.\u201d (<a href=\"https:\/\/szeged.hu\/hirek\/32144\/kesve-de-csak-kiszorta-a-70-ezer-helyreigazito-szorolapot-a-fidelitas-szegeden\" target=\"_blank\" rel=\"noopener noreferrer\">via<\/a>)<\/span><\/p>","protected":false},"excerpt":{"rendered":"<p>M\u00e9g okt\u00f3ber v\u00e9g\u00e9n \u00edrtuk, hogy j\u00f3v\u00e1t\u00e9tel megfizet\u00e9s\u00e9re, valamint helyreigaz\u00edt\u00f3 sz\u00f3r\u00f3lapok k\u00f6zl\u00e9s\u00e9re k\u00f6telezte a b\u00edr\u00f3s\u00e1g a szegedi Fidelitast, mert t\u00f6bb szem\u00e9ly j\u00f3h\u00edrnev\u00e9t is megs\u00e9rtett\u00e9k. Nos, megk\u00e9sve b\u00e1r, de t\u00f6rve nem, a Fidelitas kisz\u00f3rta a sz\u00f3r\u00f3lapokat.<\/p>","protected":false},"author":7,"featured_media":0,"comment_status":"closed","ping_status":"closed","sticky":false,"template":"","format":"standard","meta":{"_seopress_robots_primary_cat":"none"},"categories":[4],"tags":[444,1203,3295,2808,944,1373],"acf":[],"amp_enabled":true,"_links":{"self":[{"href":"https:\/\/szegederarchivum.hu\/en\/wp-json\/wp\/v2\/posts\/30648"}],"collection":[{"href":"https:\/\/szegederarchivum.hu\/en\/wp-json\/wp\/v2\/posts"}],"about":[{"href":"https:\/\/szegederarchivum.hu\/en\/wp-json\/wp\/v2\/types\/post"}],"author":[{"embeddable":true,"href":"https:\/\/szegederarchivum.hu\/en\/wp-json\/wp\/v2\/users\/7"}],"replies":[{"embeddable":true,"href":"https:\/\/szegederarchivum.hu\/en\/wp-json\/wp\/v2\/comments?post=30648"}],"version-history":[{"count":2,"href":"https:\/\/szegederarchivum.hu\/en\/wp-json\/wp\/v2\/posts\/30648\/revisions"}],"predecessor-version":[{"id":30655,"href":"https:\/\/szegederarchivum.hu\/en\/wp-json\/wp\/v2\/posts\/30648\/revisions\/30655"}],"wp:attachment":[{"href":"https:\/\/szegederarchivum.hu\/en\/wp-json\/wp\/v2\/media?parent=30648"}],"wp:term":[{"taxonomy":"category","embeddable":true,"href":"https:\/\/szegederarchivum.hu\/en\/wp-json\/wp\/v2\/categories?post=30648"},{"taxonomy":"post_tag","embeddable":true,"href":"https:\/\/szegederarchivum.hu\/en\/wp-json\/wp\/v2\/tags?post=30648"}],"curies":[{"name":"wp","href":"https:\/\/api.w.org\/{rel}","templated":true}]}}