{"id":30963,"date":"2019-12-19T14:33:55","date_gmt":"2019-12-19T13:33:55","guid":{"rendered":"https:\/\/szegederarchivum.hu\/?p=30963"},"modified":"2019-12-19T14:37:01","modified_gmt":"2019-12-19T13:37:01","slug":"mar-2021-ben-elkezdhetik-a-harmadik-hidat-de-nem-lesz-rajta-vasut","status":"publish","type":"post","link":"https:\/\/szegederarchivum.hu\/en\/mar-2021-ben-elkezdhetik-a-harmadik-hidat-de-nem-lesz-rajta-vasut\/","title":{"rendered":"M\u00e1r 2021-ben elkezdhetik a harmadik hidat, de nem lesz rajta vas\u00fat"},"content":{"rendered":"<p><strong>Egyel\u0151re. Mindez a december 11-ei v\u00e1rosi k\u00f6zgy\u0171l\u00e9sen hangzott el, ahol megvitatt\u00e1k a holnapi \u00fcl\u00e9s napirendi pontjait.<\/strong><\/p>\n<p>El\u0151sz\u00f6r is tegy\u00fck v\u00e9gleg tiszt\u00e1ba a dolgokat a h\u00edd eddigi el\u0151t\u00f6rt\u00e9nete k\u00f6r\u00fcl. Mint arr\u00f3l <a href=\"https:\/\/eservices.szeged.eu\/eku\/frontend\/index.html#\/portal\/eloterjesztesek\/reszletek?id=6854&amp;ules=3122&amp;name=K%C3%B6zgy%C5%B1l%C3%A9s\" target=\"_blank\" rel=\"noopener noreferrer\">a k\u00f6zgy\u0171l\u00e9si jegyz\u0151k\u00f6nyv besz\u00e1molt<\/a>, a 3. h\u00edd kapcs\u00e1n az \u00f6nkorm\u00e1nyzat m\u00e1r kor\u00e1bban megtette a sz\u00fcks\u00e9ges l\u00e9p\u00e9seket:<\/p>\n<ul>\n<li>m\u00f3dos\u00edtott\u00e1k a v\u00e1ros \u00e9p\u00edt\u00e9si szab\u00e1lyzat\u00e1t el\u0151sz\u00f6r 1994-ben, majd t\u00f6bbsz\u00f6ri m\u00f3dos\u00edt\u00e1s ut\u00e1n a mai, v\u00e9glegesnek tekinthet\u0151 \u00e1llapot 2008-ban \u00e1llt be.<\/li>\n<li>A k\u00f6vetkez\u0151 m\u00e9rf\u00f6ldk\u0151 2012-ban k\u00f6vetkezett be, amikor hozz\u00e1csapt\u00e1k a mak\u00f3i el\u0151v\u00e1rosi vas\u00fat koncepci\u00f3j\u00e1t, vagyis ekkor alakult ki a vegyes k\u00f6z\u00fati-vas\u00fati h\u00edd terve.<\/li>\n<li>Ezt 2015-ben Mak\u00f3 k\u00e9pvisel\u0151i test\u00fclete is j\u00f3v\u00e1hagyta, Szeged v\u00e1rosa pedig 2013-2015 k\u00f6z\u00f6tt elk\u00e9sz\u00edttette a h\u00edd megval\u00f3s\u00edthat\u00f3s\u00e1gi tanulm\u00e1ny\u00e1t, <a href=\"https:\/\/kimittud.atlatszo.hu\/request\/5476\/response\/8757\/attach\/4\/RMT.pdf\" target=\"_blank\" rel=\"noopener noreferrer\">ami itt olvashat\u00f3<\/a>.<\/li>\n<li>Ezt tov\u00e1bb\u00edtott\u00e1k a Nemzeti Infrastrukt\u00fara Fejleszt\u0151 Zrt.-nek, akik elk\u00e9sz\u00edttett\u00e9k 2015-ben a k\u00f6rnyezetv\u00e9delmi hat\u00e1stanulm\u00e1nyt, a projekt meg is kapta a k\u00f6rnyezetv\u00e9delmi enged\u00e9lyeket.<\/li>\n<li>A 2014-2020-as EU p\u00e9nz\u00fcgyi ciklusban be is volt tervezve a projekt, azonban nem nagyon t\u00f6rt\u00e9nt semmi ezzel kapcsolatban eg\u00e9szen 2017 janu\u00e1r 30-\u00e1ig. Ekkor k\u00f6t\u00f6tt a v\u00e1ros \u00e9s a korm\u00e1ny ugyanis meg\u00e1llapod\u00e1st a Modern V\u00e1rosok Program keret\u00e9ben, a meg\u00e1llapod\u00e1sr\u00f3l korm\u00e1nyhat\u00e1rozat is sz\u00fcletett. Ekkor m\u00e9g a projekt el\u0151k\u00e9sz\u00edt\u00e9s\u00e9re 2019 m\u00e1rcius 31-i, megval\u00f3s\u00edt\u00e1s\u00e1ra 2022 augusztus 31-i hat\u00e1rid\u0151k voltak megadva.<\/li>\n<li>A korm\u00e1ny 1,27 milli\u00e1rd Ft-ot csoportos\u00edtott volna \u00e1t a tervez\u00e9sre, amit a NIF-nek kellett volna elv\u00e9geznie, azonban a v\u00e1ros 2018 augusztus 16-ai \u00e9rdekl\u0151d\u00e9s\u00e9re Gyop\u00e1ros Alp\u00e1r k\u00e9s\u0151bb azt v\u00e1laszolta, hogy p\u00e9nz\u00fcgyi t\u00falv\u00e1llal\u00e1s miatt a korm\u00e1ny k\u00e9s\u0151bb visszavonta a p\u00e9nz\u00fcgyi t\u00e1mogat\u00e1st \u00e9s a NIF emiatt le\u00e1ll\u00edtotta a tervez\u00e9st.<\/li>\n<li>A v\u00e1ros ezut\u00e1n levelet k\u00fcld\u00f6tt a NIF-nek, hogy t\u00e1j\u00e9koztat\u00e1st k\u00e9rjen a projekt \u00e1ll\u00e1s\u00e1r\u00f3l, illetve felaj\u00e1nlotta szakembereit, hogy tud\u00e1sukkal \u00e9s helyismeret\u00fckkel seg\u00edts\u00e9k a projekt el\u0151rehalad\u00e1s\u00e1t, v\u00e1lasz nem \u00e9rkezett.<\/li>\n<li>Mivel \u00e9rdemi el\u0151rel\u00e9p\u00e9s nem t\u00f6rt\u00e9nt, Szab\u00f3 S\u00e1ndor orsz\u00e1ggy\u0171l\u00e9si k\u00e9pvisel\u0151 k\u00e9rdezett r\u00e1 a dologra a Parlamentben 2018 nyar\u00e1n, erre azt felelt\u00e9k az ITM-t\u0151l, hogy a projekt tervez\u00e9s\u00e9hez sz\u00fcks\u00e9ges dokument\u00e1ci\u00f3k \u00f6ssze lettek \u00e1ll\u00edtva (vagyis ezzel fogj\u00e1k kiv\u00e1lasztani a tervez\u0151t), az \u00e9p\u00edt\u00e9si enged\u00e9ly megszerz\u00e9se 2019 v\u00e9g\u00e9ig volt tervezve, ha lesz r\u00e1 p\u00e9nz, akkor a 2021-2027-es EU-s p\u00e9nz\u00fcgyi ciklusban lehet sz\u00f3 a megval\u00f3sul\u00e1sr\u00f3l. Ezek az inform\u00e1ci\u00f3k azonban ellentmond\u00e1sokat tartalmaznak a kor\u00e1bban Gyop\u00e1ros Alp\u00e1r \u00e1ltal mondottakhoz k\u00e9pest.<\/li>\n<li>A jegyz\u0151k\u00f6nyv szerint az \u00f6nkorm\u00e1nyzatnak mind a mai napig nincsenek inform\u00e1ci\u00f3i a projekt \u00e1ll\u00e1s\u00e1r\u00f3l, 2019-ben pedig m\u00e1r az ismert \u00f6nkorm\u00e1nyzati v\u00e1laszt\u00e1sok miatti politikai kakivihar kapta fel ism\u00e9t a t\u00e9m\u00e1t \u00e9s fr\u00f6csk\u00f6lte sz\u00e9t midenfel\u00e9. Ekkor sz\u00fclettek meg a <a href=\"https:\/\/szegedma.hu\/2019\/09\/igy-epiti-meg-nemesi-pal-a-harmadik-szegedi-hidat\" target=\"_blank\" rel=\"noopener noreferrer\">titokzatos l\u00e1tv\u00e1nytervek a h\u00eddr\u00f3l<\/a>, ekkor <a href=\"https:\/\/szegederarchivum.hu\/szabo-sandor-ismet-a-harmadik-hidert-szavalt-az-orszaggyulesben\/\" target=\"_blank\" rel=\"noopener noreferrer\">sz\u00f3lalt fel az \u00fcgyben a parlamentben<\/a> t\u00f6bbsz\u00f6r is Szab\u00f3 S\u00e1ndor a h\u00edd \u00e9rdek\u00e9ben, azonban t\u00f6bbnyire cinikus, terel\u0151, politikai v\u00e1laszokat kapott.<\/li>\n<\/ul>\n<p>Az \u00faj fejlem\u00e9ny viszont most az, hogy a korm\u00e1ny az \u00f6nkorm\u00e1nyzattal<\/p>\n<h3 style=\"text-align: center;\"><strong>egy \u00fctemezett megval\u00f3s\u00edt\u00e1sr\u00f3l t\u00e1rgyalt a sz\u00ednfalak m\u00f6g\u00f6tt, <\/strong><\/h3>\n<p>azaz a k\u00f6z\u00fati r\u00e9sz m\u00e1r j\u00f3val hamarabb meg\u00e9p\u00fclhetne, a vas\u00fati r\u00e9sz pedig majd ut\u00e1na. Emiatt a p\u00e9nz\u00fcgyminiszt\u00e9rium meg\u00edg\u00e9rte, hogy megvizsg\u00e1lja a projekt finansz\u00edroz\u00e1s\u00e1t, ugyanis az EU kiz\u00e1r\u00f3lag vegyes hidat finansz\u00edrozna. Nagy S\u00e1ndor besz\u00e1mol\u00f3ja alapj\u00e1n a kor\u00e1bban m\u00e1r tervezett Mars t\u00e9r kik\u00f6lt\u00f6ztet\u00e9se \u00e9s az \u00faj buszp\u00e1lyaudvar, vagyis intermod\u00e1lis csom\u00f3pont l\u00e9trehoz\u00e1sa a Nagy\u00e1llom\u00e1s m\u00f6g\u00f6tt az els\u0151 \u00fctem r\u00e9sze kellene, hogy legyen. E mell\u00e9 m\u00e9g egy nagy parkol\u00f3 l\u00e9trehoz\u00e1sa is a tervek k\u00f6z\u00f6tt szerepelt, ezek komplex tervez\u00e9st ig\u00e9nyelnek. A t\u00e1rgyal\u00e1sok teh\u00e1t tov\u00e1bb folynak, m\u00e9g kor\u00e1nt sincs lefutva a meccs.<\/p>\n<p>&nbsp;<\/p>\n<p><em>Nyit\u00f3k\u00e9p: Szegedma<\/em><\/p>","protected":false},"excerpt":{"rendered":"<p>Egyel\u0151re. Mindez a december 11-ei v\u00e1rosi k\u00f6zgy\u0171l\u00e9sen hangzott el, ahol megvitatt\u00e1k a holnapi \u00fcl\u00e9s napirendi pontjait.<\/p>","protected":false},"author":16,"featured_media":31089,"comment_status":"closed","ping_status":"closed","sticky":false,"template":"","format":"standard","meta":{"_seopress_robots_primary_cat":"none"},"categories":[4],"tags":[2403,2167,1071,462,2769,2596],"acf":[],"amp_enabled":true,"_links":{"self":[{"href":"https:\/\/szegederarchivum.hu\/en\/wp-json\/wp\/v2\/posts\/30963"}],"collection":[{"href":"https:\/\/szegederarchivum.hu\/en\/wp-json\/wp\/v2\/posts"}],"about":[{"href":"https:\/\/szegederarchivum.hu\/en\/wp-json\/wp\/v2\/types\/post"}],"author":[{"embeddable":true,"href":"https:\/\/szegederarchivum.hu\/en\/wp-json\/wp\/v2\/users\/16"}],"replies":[{"embeddable":true,"href":"https:\/\/szegederarchivum.hu\/en\/wp-json\/wp\/v2\/comments?post=30963"}],"version-history":[{"count":17,"href":"https:\/\/szegederarchivum.hu\/en\/wp-json\/wp\/v2\/posts\/30963\/revisions"}],"predecessor-version":[{"id":31099,"href":"https:\/\/szegederarchivum.hu\/en\/wp-json\/wp\/v2\/posts\/30963\/revisions\/31099"}],"wp:featuredmedia":[{"embeddable":true,"href":"https:\/\/szegederarchivum.hu\/en\/wp-json\/wp\/v2\/media\/31089"}],"wp:attachment":[{"href":"https:\/\/szegederarchivum.hu\/en\/wp-json\/wp\/v2\/media?parent=30963"}],"wp:term":[{"taxonomy":"category","embeddable":true,"href":"https:\/\/szegederarchivum.hu\/en\/wp-json\/wp\/v2\/categories?post=30963"},{"taxonomy":"post_tag","embeddable":true,"href":"https:\/\/szegederarchivum.hu\/en\/wp-json\/wp\/v2\/tags?post=30963"}],"curies":[{"name":"wp","href":"https:\/\/api.w.org\/{rel}","templated":true}]}}