{"id":3099,"date":"2018-12-13T16:30:46","date_gmt":"2018-12-13T15:30:46","guid":{"rendered":"https:\/\/szegederarchivum.hu\/?p=3099"},"modified":"2018-12-28T21:55:50","modified_gmt":"2018-12-28T20:55:50","slug":"masfel-orat-kesnek-a-pesti-vonatok","status":"publish","type":"post","link":"https:\/\/szegederarchivum.hu\/en\/masfel-orat-kesnek-a-pesti-vonatok\/","title":{"rendered":"M\u00e1sf\u00e9l \u00f3r\u00e1t k\u00e9snek a pesti vonatok"},"content":{"rendered":"<!-- Error, Advert is not available at this time due to schedule\/geolocation restrictions! -->\r\n<p>Egy biztos\u00edt\u00f3berendez\u00e9s meghib\u00e1sod\u00e1sa miatt 60-90 perces k\u00e9s\u00e9ssel kell sz\u00e1molni a Szeged \u00e9s Budapest k\u00f6z\u00f6tt k\u00f6zleked\u0151 InterCity vonatokn\u00e1l.<\/p>\r\n\r\n\r\n\r\n<p>A Budapest-Cegl\u00e9d vonalon meghib\u00e1sodott a biztos\u00edt\u00f3berendez\u00e9s a pestszentl\u0151rinci \u00e1llom\u00e1son. Emiatt feltorl\u00f3dtak a vonatok, nemcsak az el\u0151v\u00e1rosiak, hanem a Budapest-Szeged, illetve a Budapest-Debrecen-Ny\u00edregyh\u00e1za-Z\u00e1hony vonalon k\u00f6zleked\u0151 t\u00e1vos\u00e1gi \u00e9s InterCity vonatok is. A hiba kijav\u00edt\u00e1s\u00e1t elkezdt\u00e9k a vas\u00fatt\u00e1rsas\u00e1g m\u0171szaki szakemberei &#8211; t\u00e1j\u00e9koztat a M\u00c1V-Start.<\/p>\r\n\r\n<p>&nbsp;<\/p>\r\n\r\n<figure class=\"wp-block-image\"><img decoding=\"async\" src=\"https:\/\/i.gyazo.com\/0be361e2e302c44b4c0de00272d3982f.png\" alt=\"\" \/>\r\n<figcaption>Az \u00e9rintett szakasz. A piros p\u00f6tty\u00f6k a 60 perc felett k\u00e9s\u0151 vonatokat jelzik. Fot\u00f3: M\u00c1V-Start<\/figcaption>\r\n<\/figure>\r\n\r\n<p><!--more--><\/p>\r\n\r\n<p><br \/>\u00c9rdekel mi t\u00f6rt\u00e9nik Szegeden, mik \u00e9p\u00fclnek, vagy \u00e9pp milyen kincsek t\u0171nnek el az utc\u00e1kr\u00f3l? K\u00f6vesd a Szegedert <a href=\"http:\/\/facebook.com\/szegeder\" target=\"_blank\" rel=\"noreferrer noopener\">Facebookon<\/a> \u00e9s <a href=\"http:\/\/instagram.com\/szegeder.hu\" target=\"_blank\" rel=\"noreferrer noopener\">Instagramon<\/a>.<br \/><div id=\"fb-root\"><\/div>\n\t\t\t\t\t<script>(function(d, s, id) {\n\t\t\t\t\t  var js, fjs = d.getElementsByTagName(s)[0];\n\t\t\t\t\t  if (d.getElementById(id)) return;\n\t\t\t\t\t  js = d.createElement(s); js.id = id;\n\t\t\t\t\t  js.async=true; \n\t\t\t\t\t  js.src = \"\/\/connect.facebook.net\/hu_HU\/all.js#xfbml=1&appId=OPTIONAL_SEE_FAQ\";\n\t\t\t\t\t  fjs.parentNode.insertBefore(js, fjs);\n\t\t\t\t\t}(document, 'script', 'facebook-jssdk'));<\/script> <div class=\"efbl-like-box 1\">\n\t\t\t\t\t\t\t<div class=\"fb-page\" data-animclass=\"fadeIn\" data-href=\"https:\/\/www.facebook.com\/szegeder\" data-hide-cover=\"false\" data-width=\"800\"   data-height=\"\" data-show-facepile=\"true\"  data-show-posts=\"false\" data-adapt-container-width=\"true\" data-hide-cta=\"false\" data-small-header=\"false\">\n\t\t\t\t\t\t\t<\/div> \n\t\t\t\t\t\t\t\n\t\t\t\t\t\t<\/div>\n\t\t\t\t\t\r\n<!-- Error, Advert is not available at this time due to schedule\/geolocation restrictions! -->","protected":false},"excerpt":{"rendered":"<p>Egy biztos\u00edt\u00f3berendez\u00e9s meghib\u00e1sod\u00e1sa miatt 60-90 perces k\u00e9s\u00e9ssel kell sz\u00e1molni a Szeged \u00e9s Budapest k\u00f6z\u00f6tt k\u00f6zleked\u0151 InterCity vonatokn\u00e1l. A Budapest-Cegl\u00e9d vonalon meghib\u00e1sodott a biztos\u00edt\u00f3berendez\u00e9s a pestszentl\u0151rinci \u00e1llom\u00e1son. Emiatt feltorl\u00f3dtak a vonatok, nemcsak az el\u0151v\u00e1rosiak, hanem a Budapest-Szeged, illetve a Budapest-Debrecen-Ny\u00edregyh\u00e1za-Z\u00e1hony vonalon k\u00f6zleked\u0151 t\u00e1vos\u00e1gi \u00e9s InterCity vonatok is. A hiba kijav\u00edt\u00e1s\u00e1t elkezdt\u00e9k a vas\u00fatt\u00e1rsas\u00e1g m\u0171szaki szakemberei &#8211; [&hellip;]<\/p>","protected":false},"author":1,"featured_media":0,"comment_status":"closed","ping_status":"closed","sticky":false,"template":"","format":"standard","meta":{"_seopress_robots_primary_cat":""},"categories":[4],"tags":[325,17,324,182],"acf":[],"amp_enabled":true,"_links":{"self":[{"href":"https:\/\/szegederarchivum.hu\/en\/wp-json\/wp\/v2\/posts\/3099"}],"collection":[{"href":"https:\/\/szegederarchivum.hu\/en\/wp-json\/wp\/v2\/posts"}],"about":[{"href":"https:\/\/szegederarchivum.hu\/en\/wp-json\/wp\/v2\/types\/post"}],"author":[{"embeddable":true,"href":"https:\/\/szegederarchivum.hu\/en\/wp-json\/wp\/v2\/users\/1"}],"replies":[{"embeddable":true,"href":"https:\/\/szegederarchivum.hu\/en\/wp-json\/wp\/v2\/comments?post=3099"}],"version-history":[{"count":13,"href":"https:\/\/szegederarchivum.hu\/en\/wp-json\/wp\/v2\/posts\/3099\/revisions"}],"predecessor-version":[{"id":3948,"href":"https:\/\/szegederarchivum.hu\/en\/wp-json\/wp\/v2\/posts\/3099\/revisions\/3948"}],"wp:attachment":[{"href":"https:\/\/szegederarchivum.hu\/en\/wp-json\/wp\/v2\/media?parent=3099"}],"wp:term":[{"taxonomy":"category","embeddable":true,"href":"https:\/\/szegederarchivum.hu\/en\/wp-json\/wp\/v2\/categories?post=3099"},{"taxonomy":"post_tag","embeddable":true,"href":"https:\/\/szegederarchivum.hu\/en\/wp-json\/wp\/v2\/tags?post=3099"}],"curies":[{"name":"wp","href":"https:\/\/api.w.org\/{rel}","templated":true}]}}