{"id":31873,"date":"2020-01-22T19:31:17","date_gmt":"2020-01-22T18:31:17","guid":{"rendered":"https:\/\/szegederarchivum.hu\/?p=31873"},"modified":"2020-01-22T19:33:02","modified_gmt":"2020-01-22T18:33:02","slug":"feltoltottek-a-varost-pince-lett-a-foldszintbol","status":"publish","type":"post","link":"https:\/\/szegederarchivum.hu\/en\/feltoltottek-a-varost-pince-lett-a-foldszintbol\/","title":{"rendered":"Felt\u00f6lt\u00f6tt\u00e9k a v\u00e1rost, pince lett a f\u00f6ldszintb\u0151l"},"content":{"rendered":"<p>Kev\u00e9s magyar v\u00e1rost s\u00fajtott akkora katasztr\u00f3fa, mint <a href=\"https:\/\/szegederarchivum.hu\/ez-a-varos-mar-eluszott\/\" target=\"_blank\" rel=\"noopener noreferrer\">Szegedet az \u00e1rv\u00edz 1879-ben<\/a>. Ez az esem\u00e9ny azonban m\u00e1r olyan r\u00e9gen volt, hogy ha ma ink\u00e1bb jut esz\u00fcnkbe a v\u00f6r\u00f6siszap, ha a telep\u00fcl\u00e9st \u00e9rt katasztr\u00f3f\u00e1ra gondolunk az orsz\u00e1gban. Ahogyan telik az id\u0151, \u00fagy kopik ki a k\u00f6zeml\u00e9kezetb\u0151l az esem\u00e9ny, ami l\u00e9nyeg\u00e9ben elpuszt\u00edtotta az orsz\u00e1g egyik legnagyobb v\u00e1ros\u00e1t. A szegedi \u00e1rv\u00edznek azonban nem csup\u00e1n a katasztr\u00f3fa r\u00e9sze az \u00e9rdekes, hanem az is, hogy mi t\u00f6rt\u00e9nt ut\u00e1na. Sz\u00e1mos \u00e9szveszejt\u0151 t\u00f6rt\u00e9net l\u00e9tezik a v\u00e1ros \u00fajj\u00e1\u00e9p\u00edt\u00e9s\u00e9r\u0151l, \u00e9s arr\u00f3l, mekkora v\u00e1ltoz\u00e1sok kellettek ahhoz, hogy eur\u00f3pai szint\u0171 v\u00e1ross\u00e1 emelj\u00e9k Szegedet, ami a v\u00edz el\u0151tt legfeljebb fel\u00fclr\u0151l s\u00farolta a mez\u0151v\u00e1rost, legal\u00e1bbis ami v\u00e1rosk\u00e9p\u00e9t illette.<\/p>\n<p>Egy ilyen \u00e9rdekesebb t\u00f6rt\u00e9n\u00e9s, hogy a j\u00f6v\u0151beni \u00e1rvizekt\u0151l a v\u00e1rost v\u00e9dend\u0151, annak <a href=\"http:\/\/www.varosatlasz.hu\/images\/pdf\/atlaszok\/szeged\/B.03.pdf\" target=\"_blank\" rel=\"noopener noreferrer\">ter\u00fclet\u00e9t f\u00f6lddel t\u00f6lt\u00f6tt\u00e9k fel<\/a>. A Tisza \u00e9s a mai Nagyk\u00f6r\u00fat k\u00f6z\u00f6tt (illetve ut\u00f3bbin t\u00fal egy kicsit) v\u00e1ltoz\u00f3 magass\u00e1gokig t\u00f6lt\u00f6tt\u00e9k fel a v\u00e1rost: legmagasabb ter\u00fclete a v\u00e1rosnak a Belv\u00e1rosi h\u00edd h\u00eddf\u0151j\u00e9nek k\u00f6rny\u00e9ke, a Tisza 0 pontj\u00e1n\u00e1l 6 m\u00e9terrel van magasabban. A Kisk\u00f6r\u00fat \u00e9s k\u00f6rny\u00e9ke 4-5 m\u00e9terrel, a Nagyk\u00f6r\u00fat\u00e9 pedig 3 m\u00e9terrel magasodik e f\u00f6l\u00e9, s ahogyan haladunk kifel\u00e9 a v\u00e1rosb\u00f3l, \u00fagy cs\u00f6kken a l\u00e1bunk alatti ter\u00fclet magass\u00e1ga. A j\u00f3val k\u00e9s\u0151bb fel\u00e9p\u00fclt nyugati \u00e9s \u00e9szaki lak\u00f3telepek p\u00e9ld\u00e1ul egy szinten vannak a foly\u00f3 0 pontj\u00e1val.<\/p>\n<p>Szeged terepszintj\u00e9nek felt\u00f6lt\u00e9se 16,1 milli\u00f3 m\u00b3 f\u00f6ldanyag v\u00e1rosba sz\u00e1ll\u00edt\u00e1s\u00e1val val\u00f3sult meg, mely anyagot f\u0151leg Sz\u0151regr\u0151l vitt\u00e9k a m\u00e1r megl\u00e9v\u0151 vas\u00fati h\u00eddon \u00e1t, de Szentmih\u00e1lytelekr\u0151l \u00e9s a v\u00e1ros k\u00f6zvetlen k\u00f6rny\u00e9k\u00e9r\u0151l is sokat termeltek ki. A munk\u00e1latokat a norv\u00e9g sz\u00e1rmaz\u00e1s\u00fa budapesti Gregersen Guilbrand v\u00e1llalkoz\u00f3 180 munkanap alatt v\u00e9gezte el, \u00edgy m\u00e1ra a k\u00f6rt\u00f6lt\u00e9s \u00e9s a foly\u00f3 k\u00f6zti ter\u00fclet mintegy fel\u00e9t takarja mesters\u00e9ges f\u00f6ldt\u00f6meg. Mindez azonban m\u00e1ra semmit sem \u00e9rne \u00e1rv\u00edzv\u00e9delem n\u00e9lk\u00fcl, 1970-ben p\u00e9ld\u00e1ul \u00fajra el\u00f6nt\u00f6tte volna a v\u00e1rost a Tisza, ha nem k\u00e9sz\u00fcl el addigra a ma is \u00e1ll\u00f3 partfal.<\/p>\n<p>Ezt a felt\u00f6lt\u00e9st pedig \u00f6ssze kellett hangolni azzal, hogy a v\u00e1ros 5700 \u00e9p\u00fclet\u00e9b\u0151l b\u00e1r a legt\u00f6bb megsemmis\u00fclt, <a href=\"https:\/\/i1.wp.com\/szegeder.files.wordpress.com\/2019\/03\/38284.jpg?ssl=1\" target=\"_blank\" rel=\"noopener noreferrer\">n\u00e9h\u00e1ny sz\u00e1z az\u00e9rt talpon maradt<\/a>. Ha pedig felt\u00f6lt\u00fcnk f\u00f6lddel egy k\u00f6rny\u00e9ket, az ott \u00e1ll\u00f3 h\u00e1zak ablaka\/ajtaja al\u00e1 kell hogy h\u00e1nnyuk azt, ami nem felt\u00e9tlen\u00fcl a leglogikusabb l\u00e9p\u00e9s, ez\u00e9rt ezekben az esetekben sz\u00e1mos helyen alakultak ki kis l\u00e9pcs\u0151k a t\u00e9rszintk\u00fcl\u00f6nbs\u00e9gek lek\u00fczd\u00e9s\u00e9re, melyekb\u0151l m\u00e1ra t\u00e1n egy sem maradt, n\u00e9h\u00e1ny most k\u00f6vetkez\u0151 arch\u00edv fot\u00f3n azonban l\u00e1thatunk m\u00e9g ilyet. Az egy sem maradt az\u00e9rt tal\u00e1n m\u00e9g sem igaz, mert b\u00e1r l\u00e9pcs\u0151je nincs, de a Belvedere palota oldal\u00e1ban megfigyelhet\u0151 ez a jelens\u00e9g, <a href=\"https:\/\/www.google.com\/maps\/@46.2553768,20.1558843,3a,75.4y,358.45h,92.28t\/data=!3m6!1e1!3m4!1s4aehwRPWvdg2ReTGlU7a_g!2e0!7i13312!8i6656\" target=\"_blank\" rel=\"noopener noreferrer\">f\u0151leg ott, ahol a K\u0151r\u00f6syvel \u00f6ssze\u00e9r<\/a>. Azokban az utc\u00e1kban pedig, ahol helysz\u0171k\u00e9ben voltak (\u00e9s a szintk\u00fcl\u00f6nbs\u00e9g sem akkora), egyszer\u0171en a kapualjban kellett nagyobbat l\u00e9pni, ebb\u0151l n\u00e9h\u00e1ny a mai napig tal\u00e1lhat\u00f3, p\u00e9ld\u00e1ul <a href=\"https:\/\/www.google.com\/maps\/place\/Szeged,+Szil%C3%A1gyi+u.+1,+6721\/@46.2579327,20.1473695,3a,43.1y,281.86h,83.09t\/data=!3m6!1e1!3m4!1swhd9864reNkxynukQFnPRQ!2e0!7i13312!8i6656!4m5!3m4!1s0x4744880ca0d6d501:0x34b511686072ef75!8m2!3d46.2580341!4d20.1472588\" target=\"_blank\" rel=\"noopener noreferrer\">a Szil\u00e1gyi utca 1. alatt<\/a>. Egyik sem \u00f6sszet\u00e9vesztend\u0151 persze azzal a k\u00e9s\u0151bb kialakult jelens\u00e9ggel, amikor egy kor\u00e1bban is pincehelyis\u00e9gk\u00e9nt szolg\u00e1l\u00f3 \u00fczlethez kell m\u00e1r az utc\u00e1n lel\u00e9pcs\u0151zni, \u00fagymint <a href=\"https:\/\/www.google.com\/maps\/@46.2524879,20.1348777,3a,49.2y,207.07h,84.69t\/data=!3m7!1e1!3m5!1swuqwQy_s-heTAquw6HD3Rg!2e0!6s%2F%2Fgeo3.ggpht.com%2Fcbk%3Fpanoid%3DwuqwQy_s-heTAquw6HD3Rg%26output%3Dthumbnail%26cb_client%3Dmaps_sv.tactile.gps%26thumb%3D2%26w%3D203%26h%3D100%26yaw%3D99.72226%26pitch%3D0%26thumbfov%3D100!7i13312!8i6656\" target=\"_blank\" rel=\"noopener noreferrer\">n\u00e9h\u00e1ny K\u00e1lv\u00e1ria sug\u00e1r\u00fati \u00e9p\u00fcletn\u00e9l<\/a>.<\/p>\n<p>&nbsp;<\/p>\n<figure style=\"width: 1689px\" class=\"wp-caption alignnone\"><img decoding=\"async\" loading=\"lazy\" src=\"https:\/\/live.staticflickr.com\/65535\/49358065061_e780476575_o.jpg\" alt=\"\" width=\"1689\" height=\"1068\" \/><figcaption class=\"wp-caption-text\">Ennek a h\u00e1znak a hely\u00e9t m\u00e1r a Szegedi eml\u00e9kkeres\u0151 csoportban is <a href=\"https:\/\/www.facebook.com\/groups\/1429575490395127\/permalink\/2902252946460700\/\" target=\"_blank\" rel=\"noopener noreferrer\">pr\u00f3b\u00e1lt\u00e1k megfejteni<\/a>, sikertelen\u00fcl. Egy biztos, m\u00e1r nem l\u00e9tezik. Fot\u00f3: Szegedi eml\u00e9kkeres\u0151 \/ Facebook<\/figcaption><\/figure>\n<p>&nbsp;<\/p>\n<figure style=\"width: 2048px\" class=\"wp-caption alignnone\"><img decoding=\"async\" loading=\"lazy\" src=\"https:\/\/live.staticflickr.com\/65535\/49357603743_1598b476c9_o.jpg\" alt=\"\" width=\"2048\" height=\"1321\" \/><figcaption class=\"wp-caption-text\">Puzsin Mikl\u00f3s hal\u00e1szcs\u00e1rd\u00e1ja ott \u00e1llt, ahol 1967-re fel\u00e9p\u00edtett\u00e9k Szeged els\u0151 toronyh\u00e1z\u00e1t, a Sell\u0151h\u00e1zat. Fot\u00f3: Szegedi eml\u00e9kkeres\u0151 \/ Facebook<\/figcaption><\/figure>\n<p>&nbsp;<\/p>\n<figure style=\"width: 2048px\" class=\"wp-caption alignnone\"><img decoding=\"async\" loading=\"lazy\" src=\"https:\/\/live.staticflickr.com\/65535\/49358065011_922302a5ac_o.jpg\" alt=\"\" width=\"2048\" height=\"1394\" \/><figcaption class=\"wp-caption-text\">Itt r\u00f6gvest k\u00e9t h\u00e1zat is tal\u00e1lunk, na de m\u00e9gis hol? Seg\u00edthet a t\u00e1bla felirata (Magyar Kir\u00e1lyi Folyam \u00e9s Tengerhaj\u00f3z\u00e1si R.T. \u00dcgyn\u00f6ks\u00e9ge), de a k\u00f6vetkez\u0151 k\u00e9p megtekint\u00e9se ut\u00e1n m\u00e1r biztosan k\u00f6nnyebb lesz dolgunk. Fot\u00f3: Szegedi eml\u00e9kkeres\u0151 \/ Facebook<\/figcaption><\/figure>\n<p>&nbsp;<\/p>\n<figure style=\"width: 2048px\" class=\"wp-caption alignnone\"><img decoding=\"async\" loading=\"lazy\" src=\"https:\/\/live.staticflickr.com\/65535\/49357603853_3b13a8c8a4_o.jpg\" alt=\"\" width=\"2048\" height=\"1476\" \/><figcaption class=\"wp-caption-text\">\u00cdgy sincs meg? Meglehet hiszen sem az \u00e9p\u00fclet, sem a balra befel\u00e9 ny\u00edl\u00f3 Ipar utca nem \u00e1ll m\u00e1r, pedig milyen hangulata volna! Nagyj\u00e1b\u00f3l a k\u00e9s\u0151bbi belgy\u00f3gy\u00e1szati klinika magass\u00e1g\u00e1b\u00f3l k\u00e9sz\u00fclt a fot\u00f3. Fot\u00f3: Szegedi eml\u00e9kkeres\u0151 \/ Facebook<\/figcaption><\/figure>\n<p>&nbsp;<\/p>\n<figure style=\"width: 2048px\" class=\"wp-caption alignnone\"><img decoding=\"async\" loading=\"lazy\" src=\"https:\/\/live.staticflickr.com\/65535\/49358267917_a8d32fed73_o.jpg\" alt=\"\" width=\"2048\" height=\"1401\" \/><figcaption class=\"wp-caption-text\">Egy utc\u00e1val a k\u00f6z\u00fati h\u00edd fel\u00e9, szint\u00e9n korl\u00e1ttal egy h\u00e1z, de itt mintha nem volna l\u00e9pcs\u0151. Fot\u00f3: Szegedi eml\u00e9kkeres\u0151 \/ Facebook<\/figcaption><\/figure>\n<p>&nbsp;<\/p>","protected":false},"excerpt":{"rendered":"<p>N\u00e9hol m\u00e9terekkel t\u00f6lt\u00f6tt\u00e9k fel a v\u00e1rost a Nagy\u00e1rv\u00edz ut\u00e1n, meger\u0151s\u00edtend\u0151 azt. Ennek k\u00f6vetkezm\u00e9nyek\u00e9nt azonban tucatj\u00e1val ker\u00fcltek h\u00e1zak az \u00faj utcaszint al\u00e1.<\/p>","protected":false},"author":1,"featured_media":32749,"comment_status":"closed","ping_status":"closed","sticky":false,"template":"","format":"standard","meta":{"_seopress_robots_primary_cat":"none"},"categories":[981],"tags":[3451,3452,665],"acf":[],"amp_enabled":true,"_links":{"self":[{"href":"https:\/\/szegederarchivum.hu\/en\/wp-json\/wp\/v2\/posts\/31873"}],"collection":[{"href":"https:\/\/szegederarchivum.hu\/en\/wp-json\/wp\/v2\/posts"}],"about":[{"href":"https:\/\/szegederarchivum.hu\/en\/wp-json\/wp\/v2\/types\/post"}],"author":[{"embeddable":true,"href":"https:\/\/szegederarchivum.hu\/en\/wp-json\/wp\/v2\/users\/1"}],"replies":[{"embeddable":true,"href":"https:\/\/szegederarchivum.hu\/en\/wp-json\/wp\/v2\/comments?post=31873"}],"version-history":[{"count":13,"href":"https:\/\/szegederarchivum.hu\/en\/wp-json\/wp\/v2\/posts\/31873\/revisions"}],"predecessor-version":[{"id":32845,"href":"https:\/\/szegederarchivum.hu\/en\/wp-json\/wp\/v2\/posts\/31873\/revisions\/32845"}],"wp:featuredmedia":[{"embeddable":true,"href":"https:\/\/szegederarchivum.hu\/en\/wp-json\/wp\/v2\/media\/32749"}],"wp:attachment":[{"href":"https:\/\/szegederarchivum.hu\/en\/wp-json\/wp\/v2\/media?parent=31873"}],"wp:term":[{"taxonomy":"category","embeddable":true,"href":"https:\/\/szegederarchivum.hu\/en\/wp-json\/wp\/v2\/categories?post=31873"},{"taxonomy":"post_tag","embeddable":true,"href":"https:\/\/szegederarchivum.hu\/en\/wp-json\/wp\/v2\/tags?post=31873"}],"curies":[{"name":"wp","href":"https:\/\/api.w.org\/{rel}","templated":true}]}}