{"id":33094,"date":"2020-01-26T21:25:25","date_gmt":"2020-01-26T20:25:25","guid":{"rendered":"https:\/\/szegederarchivum.hu\/?p=33094"},"modified":"2020-01-28T19:27:59","modified_gmt":"2020-01-28T18:27:59","slug":"az-elatkozott-becsi-koruti-jarda-amin-szabad-is-biciklizni-meg-nem-is","status":"publish","type":"post","link":"https:\/\/szegederarchivum.hu\/en\/az-elatkozott-becsi-koruti-jarda-amin-szabad-is-biciklizni-meg-nem-is\/","title":{"rendered":"Az el\u00e1tkozott B\u00e9csi k\u00f6r\u00fati j\u00e1rda amin szabad is biciklizni meg nem is"},"content":{"rendered":"<p><strong>Egy ideje m\u00e1r k\u00f6vetem a t\u00f6rt\u00e9n\u00e9seit a B\u00e9csi k\u00f6r\u00fat lassan h\u00edrhedt\u00e9 v\u00e1l\u00f3 j\u00e1rd\u00e1j\u00e1nak, ami egyben ker\u00e9kp\u00e1r \u00fat is, n\u00e9h\u00e1nyan azonban fell\u00e1zadtak ellne. Mint kider\u00fclt, teljesen jogosan.<\/strong><\/p>\n<p>A t\u00f6rt\u00e9net szerint a k\u00f6r\u00fat egy Boldogasszony sug\u00e1r\u00fathoz k\u00f6zeli j\u00e1rdaszakasz\u00e1n, ami fel volt festve gyalog-ker\u00e9kp\u00e1r\u00fatnak, helyiek megel\u00e9gelt\u00e9k a j\u00e1rd\u00e1n bring\u00e1z\u00f3kat, \u00e9s felfestett\u00e9k az aszfaltra az \u201eEz egy j\u00e1rda, k\u00e9rj\u00fck az \u00faton biciklizz! K\u00f6szi!\u201d feliratot, illetve annak angol v\u00e1ltozat\u00e1t is (ami nagyon is kir\u00e1ly, b\u00e1r mindenhol \u00edgy menne), valamint feh\u00e9rrel \u00e1th\u00faztak egy biciklifigur\u00e1t is. Ez m\u00e9g 2019 szeptember\u00e9ben t\u00f6rt\u00e9nt, \u00e9s a Szegedbicaj blog <a href=\"https:\/\/www.facebook.com\/szegedbicaj\/photos\/a.748022921901700\/2470405636330078\/?type=3&amp;theater\" target=\"_blank\" rel=\"noopener noreferrer\">sz\u00e1molt be<\/a> r\u00f3la Facebookon. Tekints\u00fck ezt az els\u0151 fejezetnek.<\/p>\n<figure style=\"width: 637px\" class=\"wp-caption aligncenter\"><img decoding=\"async\" loading=\"lazy\" src=\"https:\/\/live.staticflickr.com\/65535\/49446143567_c460e8e574_o.jpg\" alt=\"\" width=\"637\" height=\"850\" \/><figcaption class=\"wp-caption-text\">Fot\u00f3: Szegedbicaj \/ Facebook<\/figcaption><\/figure>\n<p>Erre \u00e9rkezett j\u00f3 n\u00e9h\u00e1ny hozz\u00e1sz\u00f3l\u00e1s, volt aki \u00fcdv\u00f6z\u00f6lte a tettet, m\u00e1s kev\u00e9sb\u00e9, \u00e9s olyan is, aki felvetette, hogy f\u0151\u00fatvonalon am\u00fagy nem is szabad biciklizni. Ut\u00f3bbir\u00f3l annyit mondan\u00e9k, hogy f\u0151\u00faton szabad biciklizni, amennyiben ezt t\u00e1bla nem tiltja. Sz\u00f3val elm\u00e9letileg itt az \u00faton kell ker\u00e9kp\u00e1rozni, de mivel az \u00f6nkorm\u00e1nyzat \u00fagy hat\u00e1rozott, hogy m\u00e9gis a j\u00e1rd\u00e1n menjenek a bring\u00e1sok, valamikor felfestett\u00e9k oda a piktogramokat.<\/p>\n<p>A m\u00e1sodik fejezetben t\u00f6rt\u00e9nteket a D\u00e9lmagyar.hu janu\u00e1r 22-i keltez\u00e9s\u0171 <a href=\"https:\/\/www.delmagyar.hu\/kozelet\/helyi-kozelet\/fiktiv-kerekparutat-talaltunk-4896270\/?fbclid=IwAR0Tb-koCRvgBGEuJ7gSGrgDsIAbXj2kP8lNtbH_EZ_ScPFwDNO-f5NozKQ\" target=\"_blank\" rel=\"noopener noreferrer\">cikke<\/a> id\u00e9zte el\u0151, melyben \u00fajs\u00e1g\u00edr\u00f3juk felfedezte a k\u00fcl\u00f6n\u00f6s helyzetet, \u00e9s megkereste az \u00f6nkorm\u00e1nyzatot, ahol azt a v\u00e1laszt kapt\u00e1k, hogy \u201ea B\u00e9csi k\u00f6r\u00ad\u00fat eml\u00edtett, Szenth\u00e1roms\u00e1g ut\u00ad\u00adca \u00e9s Boldogasszony sug\u00e1r\u00ad\u00fat k\u00f6z\u00f6tti j\u00e1rdaszakasza nem ker\u00e9kp\u00e1r\u00fat. A jelz\u00e9s val\u00f3ban megt\u00e9veszt\u0151, azt az \u00f6nkorm\u00e1nyzati utak fenntart\u00f3ja, a Szegedi K\u00f6rnyezetgazd\u00e1lkod\u00e1si Nkft. elt\u00e1vol\u00edtja.\u201d<\/p>\n<p>\u00c9s itt abba is maradhatott volna a t\u00f6rt\u00e9net azzal, hogy az SZKHT kivonul, elt\u00fcntetik a ker\u00e9kp\u00e1rjeleket, \u00e9s k\u00e9sz is. Azonban cs\u00fct\u00f6rt\u00f6k\u00f6n ez a k\u00e9p <a href=\"https:\/\/www.facebook.com\/szegedbicaj\/photos\/a.748022921901700\/2743378892366083\/?type=3&amp;theater\" target=\"_blank\" rel=\"noopener noreferrer\">jelent meg<\/a> a Szegedbicajon:<\/p>\n<figure style=\"width: 633px\" class=\"wp-caption aligncenter\"><img decoding=\"async\" loading=\"lazy\" class=\"\" src=\"https:\/\/live.staticflickr.com\/65535\/49445415388_45c409375c_o.jpg\" alt=\"\" width=\"633\" height=\"850\" \/><figcaption class=\"wp-caption-text\">Fot\u00f3: Szegedbicaj \/ Facebook<\/figcaption><\/figure>\n<p>Ami t\u00f6rt\u00e9nt nem m\u00e1s, mint hogy a lak\u00f3k \u00e1ltal alkotott feliratokat <em>elt\u00fcntett\u00e9k<\/em>, a ker\u00e9kp\u00e1rpiktogramokat pedig \u00fajrafestett\u00e9k. A j\u00e1rd\u00e1n, amin tilos volna ker\u00e9kp\u00e1rozni. Mindezt az ut\u00e1n, hogy az \u00f6nkorm\u00e1nyzat t\u00e1j\u00e9koztatta a D\u00e9lmagyar.hu-t arr\u00f3l, hogy elt\u00e1vol\u00edtj\u00e1k a ker\u00e9kp\u00e1roz\u00e1sra \u00f6szt\u00f6nz\u0151 jeleket. Mindezt persze nem hagyt\u00e1k annyiban az ott lak\u00f3k, vas\u00e1rnap este a k\u00f6vetkez\u0151 <a href=\"https:\/\/www.facebook.com\/szegedbicaj\/photos\/a.748022921901700\/2749908405046465\/?type=3&amp;theater\" target=\"_blank\" rel=\"noopener noreferrer\">poszt<\/a> jelent meg a Szegedbicajon, \u00fajranyitva a k\u00e9tbalkezesen lez\u00e1rt \u00fcgyet:<\/p>\n<figure style=\"width: 633px\" class=\"wp-caption aligncenter\"><img decoding=\"async\" loading=\"lazy\" class=\"\" src=\"https:\/\/live.staticflickr.com\/65535\/49446116767_8c39e1c203_o.jpg\" alt=\"\" width=\"633\" height=\"850\" \/><figcaption class=\"wp-caption-text\">Fot\u00f3: Szegedbicaj \/ Facebook<\/figcaption><\/figure>\n<p>Kerest\u00fck az \u00f6nkorm\u00e1nyzatot, hogy akkor most m\u00e9gis mi folyik itt, friss\u00edt\u00fcnk, amint v\u00e1laszolnak.<\/p>\n<p>&nbsp;<\/p>\n<p><strong>Friss\u00edt\u00e9s (janu\u00e1r 27. 13:52):\u00a0<\/strong>megj\u00f6tt a v\u00e1lasz: \u201eA B\u00e9csi k\u00f6r\u00fat Szenth\u00e1roms\u00e1g utca \u00e9s Boldogasszony sug\u00e1r\u00fat k\u00f6z\u00f6tti j\u00e1rdaszakasza (a Sziv\u00e1rv\u00e1ny utca fel\u0151li oldalon) nem ker\u00e9kp\u00e1r\u00fat, \u00edgy a felfest\u00e9s megt\u00e9veszt\u0151. Az \u00f6nkorm\u00e1nyzati utak fenntart\u00f3ja, a Szegedi K\u00f6rnyezetgazd\u00e1lkod\u00e1si Nkft. elt\u00e1vol\u00edtja a megt\u00e9veszt\u0151 felfest\u00e9seket.\u201d<\/p>\n<p><strong>Friss\u00edt\u00e9s (janu\u00e1r 28. 19:27):\u00a0<\/strong>el is t\u00fcntett\u00e9k a jelz\u00e9st.<\/p>\n<blockquote class=\"embedly-card\" data-card-controls=\"0\" data-card-align=\"center\" data-card-theme=\"light\">\n<h4><a href=\"https:\/\/www.facebook.com\/szegedbicaj\/photos\/a.748022921901700\/2753988507971788\/?type=3&#038;theater\">Szegedbicaj<\/a><\/h4>\n<p>\u00dagy n\u00e9z ki, hogy nem nagyon akar esni a h\u00f3 ezen a t\u00e9len. Nem kell az&#8230; onban teljesen n\u00e9lk\u00fcl\u00f6zn\u00fcnk a h\u00f3buck\u00e1s, latyakos \u00faton val\u00f3 bring\u00e1z\u00e1s \u00e9lm\u00e9ny\u00e9t, mert a D\u00f3m t\u00e9ren \u00e9p\u00edtettek egy kis t\u00e9lszimul\u00e1tort, nan\u00e1, hogy oda, ahol a bring\u00e1sok befordulnak a t\u00e9rre. Aki ki akarja haszn\u00e1lni a lehet\u0151s\u00e9get, igyekezz\u00e9k, mert a h\u00e9tv\u00e9g\u00e9re tavaszias, enyhe id\u0151t j\u00f3solnak!<\/p>\n<\/blockquote>\n<p><script async src=\"\/\/cdn.embedly.com\/widgets\/platform.js\" charset=\"UTF-8\"><\/script><\/p>","protected":false},"excerpt":{"rendered":"<p>Egy ideje m\u00e1r k\u00f6vetem a t\u00f6rt\u00e9n\u00e9seit a B\u00e9csi k\u00f6r\u00fat lassan h\u00edrhedt\u00e9 v\u00e1l\u00f3 j\u00e1rd\u00e1j\u00e1nak, ami egyben ker\u00e9kp\u00e1r \u00fat is, n\u00e9h\u00e1nyan azonban fell\u00e1zadtak ellne. Mint kider\u00fclt, teljesen jogosan.<\/p>","protected":false},"author":1,"featured_media":33106,"comment_status":"closed","ping_status":"closed","sticky":false,"template":"","format":"standard","meta":{"_seopress_robots_primary_cat":"none"},"categories":[4],"tags":[2610,794,502,621],"acf":[],"amp_enabled":true,"_links":{"self":[{"href":"https:\/\/szegederarchivum.hu\/en\/wp-json\/wp\/v2\/posts\/33094"}],"collection":[{"href":"https:\/\/szegederarchivum.hu\/en\/wp-json\/wp\/v2\/posts"}],"about":[{"href":"https:\/\/szegederarchivum.hu\/en\/wp-json\/wp\/v2\/types\/post"}],"author":[{"embeddable":true,"href":"https:\/\/szegederarchivum.hu\/en\/wp-json\/wp\/v2\/users\/1"}],"replies":[{"embeddable":true,"href":"https:\/\/szegederarchivum.hu\/en\/wp-json\/wp\/v2\/comments?post=33094"}],"version-history":[{"count":8,"href":"https:\/\/szegederarchivum.hu\/en\/wp-json\/wp\/v2\/posts\/33094\/revisions"}],"predecessor-version":[{"id":33202,"href":"https:\/\/szegederarchivum.hu\/en\/wp-json\/wp\/v2\/posts\/33094\/revisions\/33202"}],"wp:featuredmedia":[{"embeddable":true,"href":"https:\/\/szegederarchivum.hu\/en\/wp-json\/wp\/v2\/media\/33106"}],"wp:attachment":[{"href":"https:\/\/szegederarchivum.hu\/en\/wp-json\/wp\/v2\/media?parent=33094"}],"wp:term":[{"taxonomy":"category","embeddable":true,"href":"https:\/\/szegederarchivum.hu\/en\/wp-json\/wp\/v2\/categories?post=33094"},{"taxonomy":"post_tag","embeddable":true,"href":"https:\/\/szegederarchivum.hu\/en\/wp-json\/wp\/v2\/tags?post=33094"}],"curies":[{"name":"wp","href":"https:\/\/api.w.org\/{rel}","templated":true}]}}