{"id":34719,"date":"2020-03-10T11:23:11","date_gmt":"2020-03-10T10:23:11","guid":{"rendered":"https:\/\/szegederarchivum.hu\/?p=34719"},"modified":"2020-03-10T11:23:11","modified_gmt":"2020-03-10T10:23:11","slug":"a-koronavirus-miatt-a-viz-vilagnapi-programok-is-elmaradnak-szegeden","status":"publish","type":"post","link":"https:\/\/szegederarchivum.hu\/en\/a-koronavirus-miatt-a-viz-vilagnapi-programok-is-elmaradnak-szegeden\/","title":{"rendered":"A koronav\u00edrus miatt a v\u00edz vil\u00e1gnapi programok is elmaradnak Szegeden"},"content":{"rendered":"<p><strong>Ezt a Szegedi V\u00edzm\u0171 Zrt. k\u00f6zlem\u00e9ny\u00e9ben jelentette be.<\/strong><\/p>\n<p><span style=\"font-weight: 400;\">Mint \u00edrj\u00e1k, a Ny\u00edlt Napok rendezv\u00e9nyt el\u0151vigy\u00e1zatoss\u00e1gb\u00f3l, a koronav\u00edrus-j\u00e1rv\u00e1ny kapcs\u00e1n kialakult helyzet miatt halasztj\u00e1k el. Sem a Szent Istv\u00e1n t\u00e9ri v\u00edztoronyban, sem a III. sz. V\u00edzm\u0171 telepen nem fogadnak a V\u00edz vil\u00e1gnapi h\u00e9tv\u00e9g\u00e9n l\u00e1togat\u00f3kat. Az esetleges \u00faj id\u0151pontr\u00f3l a k\u00e9s\u0151bbiekben d\u00f6ntenek.<\/span><\/p>","protected":false},"excerpt":{"rendered":"<p>Ezt a Szegedi V\u00edzm\u0171 Zrt. k\u00f6zlem\u00e9ny\u00e9ben jelentette be.<\/p>","protected":false},"author":7,"featured_media":0,"comment_status":"closed","ping_status":"closed","sticky":false,"template":"","format":"standard","meta":{"_seopress_robots_primary_cat":"none"},"categories":[4],"tags":[3597,196,3705],"acf":[],"amp_enabled":true,"_links":{"self":[{"href":"https:\/\/szegederarchivum.hu\/en\/wp-json\/wp\/v2\/posts\/34719"}],"collection":[{"href":"https:\/\/szegederarchivum.hu\/en\/wp-json\/wp\/v2\/posts"}],"about":[{"href":"https:\/\/szegederarchivum.hu\/en\/wp-json\/wp\/v2\/types\/post"}],"author":[{"embeddable":true,"href":"https:\/\/szegederarchivum.hu\/en\/wp-json\/wp\/v2\/users\/7"}],"replies":[{"embeddable":true,"href":"https:\/\/szegederarchivum.hu\/en\/wp-json\/wp\/v2\/comments?post=34719"}],"version-history":[{"count":1,"href":"https:\/\/szegederarchivum.hu\/en\/wp-json\/wp\/v2\/posts\/34719\/revisions"}],"predecessor-version":[{"id":34721,"href":"https:\/\/szegederarchivum.hu\/en\/wp-json\/wp\/v2\/posts\/34719\/revisions\/34721"}],"wp:attachment":[{"href":"https:\/\/szegederarchivum.hu\/en\/wp-json\/wp\/v2\/media?parent=34719"}],"wp:term":[{"taxonomy":"category","embeddable":true,"href":"https:\/\/szegederarchivum.hu\/en\/wp-json\/wp\/v2\/categories?post=34719"},{"taxonomy":"post_tag","embeddable":true,"href":"https:\/\/szegederarchivum.hu\/en\/wp-json\/wp\/v2\/tags?post=34719"}],"curies":[{"name":"wp","href":"https:\/\/api.w.org\/{rel}","templated":true}]}}