{"id":35157,"date":"2020-03-16T14:53:38","date_gmt":"2020-03-16T13:53:38","guid":{"rendered":"https:\/\/szegederarchivum.hu\/?p=35157"},"modified":"2020-03-16T14:53:38","modified_gmt":"2020-03-16T13:53:38","slug":"szunetelteti-a-vizkorlatozast-a-szegedi-vizmu-zrt","status":"publish","type":"post","link":"https:\/\/szegederarchivum.hu\/en\/szunetelteti-a-vizkorlatozast-a-szegedi-vizmu-zrt\/","title":{"rendered":"Sz\u00fcnetelteti a v\u00edzkorl\u00e1toz\u00e1st a Szegedi V\u00edzm\u0171 Zrt."},"content":{"rendered":"<p><strong>Tekintettel arra, hogy a koronav\u00edrus j\u00e1rv\u00e1ny terjed\u00e9s\u00e9nek a lass\u00edt\u00e1s\u00e1ban a higi\u00e9n\u00e9s el\u0151\u00edr\u00e1sok betart\u00e1sa kiemelt jelent\u0151s\u00e9ggel b\u00edr, a Szegedi V\u00edzm\u0171 Zrt. sz\u00fcnetelteti a lakoss\u00e1gi felhaszn\u00e1l\u00f3k eset\u00e9ben a v\u00edzkorl\u00e1toz\u00e1st, \u00e9s a szolg\u00e1ltat\u00e1s felf\u00fcggeszt\u00e9s\u00e9t a szolg\u00e1ltat\u00e1si ter\u00fclet\u00e9n &#8211; \u00edrja a Szegedi V\u00edzm\u0171 Zrt.<\/strong><\/p>\n<p><span style=\"font-weight: 400;\">Az int\u00e9zked\u00e9s visszavon\u00e1sig marad \u00e9rv\u00e9nyben. A v\u00edzkorl\u00e1toz\u00e1s sz\u00fcneteltet\u00e9se nem csak a v\u00e9dend\u0151 fogyaszt\u00f3kat \u00e9rinti, hanem azokat a lakoss\u00e1gi \u00fcgyfeleket is, akiknek 60 napon t\u00fali sz\u00e1mlatartoz\u00e1sa van, azonban nem vonatkozik azokra a fogyaszt\u00e1si helyekre, ahol a v\u00edzkorl\u00e1toz\u00e1st, szolg\u00e1ltat\u00e1s felf\u00fcggeszt\u00e9st m\u00e1r \u2013 a jelen int\u00e9zked\u00e9s meghoz\u00e1sa el\u0151tt \u2013 alkalmaztuk.<\/span><\/p>\n<p><span style=\"font-weight: 400;\">Az Szegedi V\u00edzm\u0171 Zrt. is folyamatosan nyomon k\u00f6veti a j\u00e1rv\u00e1ny alakul\u00e1s\u00e1t, \u00e9s \u2013 sz\u00fcks\u00e9g szerint \u2013 tov\u00e1bbi int\u00e9zked\u00e9seket tesz\u00fcnk, melyekr\u0151l halad\u00e9ktalanul t\u00e1j\u00e9koztatjuk \u00fcgyfeleinket \u2013 \u00e1ll a k\u00f6zlem\u00e9nyben.<\/span><\/p>","protected":false},"excerpt":{"rendered":"<p>Tekintettel arra, hogy a koronav\u00edrus j\u00e1rv\u00e1ny terjed\u00e9s\u00e9nek a lass\u00edt\u00e1s\u00e1ban a higi\u00e9n\u00e9s el\u0151\u00edr\u00e1sok betart\u00e1sa kiemelt jelent\u0151s\u00e9ggel b\u00edr, a Szegedi V\u00edzm\u0171 Zrt. sz\u00fcnetelteti a lakoss\u00e1gi felhaszn\u00e1l\u00f3k eset\u00e9ben a v\u00edzkorl\u00e1toz\u00e1st, \u00e9s a szolg\u00e1ltat\u00e1s felf\u00fcggeszt\u00e9s\u00e9t a szolg\u00e1ltat\u00e1si ter\u00fclet\u00e9n.<\/p>","protected":false},"author":7,"featured_media":0,"comment_status":"closed","ping_status":"closed","sticky":false,"template":"","format":"standard","meta":{"_seopress_robots_primary_cat":"none"},"categories":[4],"tags":[196,3743],"acf":[],"amp_enabled":true,"_links":{"self":[{"href":"https:\/\/szegederarchivum.hu\/en\/wp-json\/wp\/v2\/posts\/35157"}],"collection":[{"href":"https:\/\/szegederarchivum.hu\/en\/wp-json\/wp\/v2\/posts"}],"about":[{"href":"https:\/\/szegederarchivum.hu\/en\/wp-json\/wp\/v2\/types\/post"}],"author":[{"embeddable":true,"href":"https:\/\/szegederarchivum.hu\/en\/wp-json\/wp\/v2\/users\/7"}],"replies":[{"embeddable":true,"href":"https:\/\/szegederarchivum.hu\/en\/wp-json\/wp\/v2\/comments?post=35157"}],"version-history":[{"count":1,"href":"https:\/\/szegederarchivum.hu\/en\/wp-json\/wp\/v2\/posts\/35157\/revisions"}],"predecessor-version":[{"id":35159,"href":"https:\/\/szegederarchivum.hu\/en\/wp-json\/wp\/v2\/posts\/35157\/revisions\/35159"}],"wp:attachment":[{"href":"https:\/\/szegederarchivum.hu\/en\/wp-json\/wp\/v2\/media?parent=35157"}],"wp:term":[{"taxonomy":"category","embeddable":true,"href":"https:\/\/szegederarchivum.hu\/en\/wp-json\/wp\/v2\/categories?post=35157"},{"taxonomy":"post_tag","embeddable":true,"href":"https:\/\/szegederarchivum.hu\/en\/wp-json\/wp\/v2\/tags?post=35157"}],"curies":[{"name":"wp","href":"https:\/\/api.w.org\/{rel}","templated":true}]}}