{"id":35738,"date":"2020-03-25T20:01:53","date_gmt":"2020-03-25T19:01:53","guid":{"rendered":"https:\/\/szegederarchivum.hu\/?p=35738"},"modified":"2020-03-25T20:06:02","modified_gmt":"2020-03-25T19:06:02","slug":"felannyi-auto-jar-szegeden-a-koronavirus-miatt","status":"publish","type":"post","link":"https:\/\/szegederarchivum.hu\/en\/felannyi-auto-jar-szegeden-a-koronavirus-miatt\/","title":{"rendered":"Felannyi aut\u00f3 j\u00e1r Szegeden a koronav\u00edrus miatt"},"content":{"rendered":"<p><strong>Legal\u00e1bbis a Belv\u00e1rosi h\u00eddon fele annyiszor gurulnak \u00e1t. Nagy S\u00e1ndor v\u00e1rosfejleszt\u00e9si alpolg\u00e1rmester osztott meg Facebookj\u00e1n k\u00e9t \u00e9rdekes infografik\u00e1t a szegedi k\u00f6zleked\u00e9s koronav\u00edrus-j\u00e1rv\u00e1ny \u00e1ltali v\u00e1ltoz\u00e1s\u00e1r\u00f3l.<\/strong><\/p>\n<p>Az egyiken az l\u00e1that\u00f3, hogy a Belv\u00e1rosi h\u00eddra <a href=\"https:\/\/szegederarchivum.hu\/high-tech-forgalomszamlalo-szenzort-telepitettek-a-belvarosi-hidra\/\" target=\"_blank\" rel=\"noopener noreferrer\">egy \u00e9ve \u00e9s k\u00e9t napja felszerelt<\/a> forgalomsz\u00e1ml\u00e1l\u00f3-berendez\u00e9s milyen statisztik\u00e1kat mutat, a m\u00e1sikon pedig a Szegedi K\u00f6zleked\u00e9si t\u00e1rsas\u00e1g j\u00e1rm\u0171vein t\u00f6rt\u00e9n\u0151 Wi-Fi-csatlakoz\u00e1sok sz\u00e1ma l\u00e1that\u00f3.<\/p>\n<p>Mint az leolvashat\u00f3, m\u00e1rcius 6-\u00e1n, p\u00e9nteken m\u00e9g k\u00f6zel 12 ezer aut\u00f3 haladt \u00e1t egy nap alatt ir\u00e1nyonk\u00e9nt a Belv\u00e1rosi h\u00eddon. Ez a sz\u00e1m az\u00f3ta folyamatosan cs\u00f6kkent, m\u00e1rcius 23-\u00e1n, h\u00e9tf\u0151n m\u00e1r a 6 ezret sem \u00e9rte el. Ezek a sz\u00e1mok egyszer\u0171en annak k\u00f6sz\u00f6nhet\u0151ek, hogy &#8211; b\u00e1r aki most megteheti ink\u00e1bb aut\u00f3zik ha elmegy otthonr\u00f3l &#8211; nagyon sok tripet egyszer\u0171en nem <em>kell<\/em> megtenni\u00fck az embereknek, amiket akkor tenn\u00e9nek, ha \u00f3vod\u00e1ba\/iskol\u00e1ba\/szakk\u00f6rbe vinn\u00e9k a gyereket vagy \u00e9pp munk\u00e1ba menn\u00e9nek.<\/p>\n<blockquote class=\"embedly-card\" data-card-controls=\"0\" data-card-align=\"center\" data-card-theme=\"light\">\n<h4><a href=\"https:\/\/www.facebook.com\/nagy.sandor.szeged\/posts\/1471149256423888?__xts__%5B0%5D=68.ARCoeejNCmysiX9WZHeDRKyKl2sX31PXsyt44dmjuPFCOWZxgDfyaBkgQ8CrH0LjgArQaoFIRtH1F3jW5DiqlrEvChNKsVW5XEfTljLYALfV_lKu6rlVoc6w_lD_UPYJA_Mw5M7cKzGWiPtz3KSqN-1DGdJULxDWoH2fMN5bXCtwl-0aCJvVzbPOm9BmlUrD4eyVacvGegtJCLj_Bu8QH8DJ3FP9Lg7ZrHWqJ0meWPJIpzbCIsgkJF6ZOhge8pGfWVdgl3rCYiloGFPCJNAduKKDlwNmGBq7OZFaORJThqLJhUa46CZZ5BUFLh_dk8bdpW1pvjigyGBs3lCoKZlklLK8Hw&#038;__tn__=-R\">Nagy S\u00e1ndor<\/a><\/h4>\n<p>Az elm\u00falt \u00e9vekben sok okos v\u00e1ros fejleszt\u00e9s\u00fcnk volt, \u00edgy van k\u00e9t \u00e1b&#8230; ra arr\u00f3l, hogy hogyan v\u00e1ltozott a forgalom a j\u00e1rv\u00e1ny int\u00e9zked\u00e9sek hat\u00e1s\u00e1ra Szegeden? Az els\u0151 a SASMob Szeged projekt k\u00eds\u00e9rleti fejleszt\u00e9se, amiben sz\u00e1moljuk az aut\u00f3kat a belv\u00e1rosi h\u00eddon \u00e9s mint l\u00e1that\u00f3 el\u00e9g sokat cs\u00f6kkent a forgalom.<\/p>\n<\/blockquote>\n<p><script async src=\"\/\/cdn.embedly.com\/widgets\/platform.js\" charset=\"UTF-8\"><\/script><\/p>\n<p>A k\u00f6z\u00f6ss\u00e9gi k\u00f6zleked\u00e9st tekintve: a szegedi villamosok \u00e9s trolibuszok Wi-Fi-rendszer\u00e9re egy forgalmasabb napon ak\u00e1r 40 ezerszer is felcsatlakoztak. Ez a sz\u00e1m azonban m\u00e1ra sz\u00e9pen lement 10 ezer k\u00f6r\u00fclire, \u00e9s folyamatosan cs\u00f6kken tov\u00e1bb.<\/p>\n<p>Az egy\u00e9bk\u00e9nt k\u00e9rd\u00e9ses lehet, hogy a szegedi t\u00f6megk\u00f6zleked\u00e9s hogyan v\u00e9szeli \u00e1t a koronav\u00edrus-j\u00e1rv\u00e1nyt, hiszen az am\u00fagy is drasztikusan cs\u00f6kken\u0151 utassz\u00e1moknak nem val\u00f3sz\u00edn\u0171, hogy j\u00f3t tesz a mostani k\u00f6r\u00fclm\u00e9ny, amikor kifejezetten ker\u00fclend\u0151k ezek a k\u00f6zleked\u00e9si m\u00f3dok, \u00e9s mindenki aut\u00f3zik (vagy j\u00f3 esetben bring\u00e1zik.<\/p>\n<p>&nbsp;<\/p>\n<p><em>Nyit\u00f3k\u00e9p: a szegedi H\u00edd utca 2020. m\u00e1rcius 17-\u00e9n a d\u00e9lut\u00e1ni cs\u00facsforgalomban. Fot\u00f3: Sz\u0171cs D\u00e1niel \/ Szegeder<\/em><\/p>","protected":false},"excerpt":{"rendered":"<p>Legal\u00e1bbis a Belv\u00e1rosi h\u00eddon fele annyiszor gurulnak \u00e1t. Nagy S\u00e1ndor v\u00e1rosfejleszt\u00e9si alpolg\u00e1rmester osztott meg Facebookj\u00e1n k\u00e9t \u00e9rdekes infografik\u00e1t a szegedi k\u00f6zleked\u00e9s koronav\u00edrus-j\u00e1rv\u00e1ny \u00e1ltali v\u00e1ltoz\u00e1s\u00e1r\u00f3l.<\/p>","protected":false},"author":1,"featured_media":35742,"comment_status":"closed","ping_status":"closed","sticky":false,"template":"","format":"standard","meta":{"_seopress_robots_primary_cat":"none"},"categories":[4],"tags":[764,3597,17,462,1913],"acf":[],"amp_enabled":true,"_links":{"self":[{"href":"https:\/\/szegederarchivum.hu\/en\/wp-json\/wp\/v2\/posts\/35738"}],"collection":[{"href":"https:\/\/szegederarchivum.hu\/en\/wp-json\/wp\/v2\/posts"}],"about":[{"href":"https:\/\/szegederarchivum.hu\/en\/wp-json\/wp\/v2\/types\/post"}],"author":[{"embeddable":true,"href":"https:\/\/szegederarchivum.hu\/en\/wp-json\/wp\/v2\/users\/1"}],"replies":[{"embeddable":true,"href":"https:\/\/szegederarchivum.hu\/en\/wp-json\/wp\/v2\/comments?post=35738"}],"version-history":[{"count":9,"href":"https:\/\/szegederarchivum.hu\/en\/wp-json\/wp\/v2\/posts\/35738\/revisions"}],"predecessor-version":[{"id":35750,"href":"https:\/\/szegederarchivum.hu\/en\/wp-json\/wp\/v2\/posts\/35738\/revisions\/35750"}],"wp:featuredmedia":[{"embeddable":true,"href":"https:\/\/szegederarchivum.hu\/en\/wp-json\/wp\/v2\/media\/35742"}],"wp:attachment":[{"href":"https:\/\/szegederarchivum.hu\/en\/wp-json\/wp\/v2\/media?parent=35738"}],"wp:term":[{"taxonomy":"category","embeddable":true,"href":"https:\/\/szegederarchivum.hu\/en\/wp-json\/wp\/v2\/categories?post=35738"},{"taxonomy":"post_tag","embeddable":true,"href":"https:\/\/szegederarchivum.hu\/en\/wp-json\/wp\/v2\/tags?post=35738"}],"curies":[{"name":"wp","href":"https:\/\/api.w.org\/{rel}","templated":true}]}}