{"id":35802,"date":"2020-03-27T07:59:12","date_gmt":"2020-03-27T06:59:12","guid":{"rendered":"https:\/\/szegederarchivum.hu\/?p=35802"},"modified":"2020-03-27T09:50:02","modified_gmt":"2020-03-27T08:50:02","slug":"orban-kijarasi-korlatozast-vezetnek-be","status":"publish","type":"post","link":"https:\/\/szegederarchivum.hu\/en\/orban-kijarasi-korlatozast-vezetnek-be\/","title":{"rendered":"Orb\u00e1n: kij\u00e1r\u00e1si korl\u00e1toz\u00e1st vezetnek be"},"content":{"rendered":"<p><strong>Kij\u00e1r\u00e1si korl\u00e1toz\u00e1st vezetnek be Magyarorsz\u00e1g eg\u00e9sz ter\u00fclet\u00e9re m\u00e1rcius 28. \u00e9s \u00e1prilis 11. k\u00f6z\u00f6tt. K\u00e9t h\u00e9ten kereszt\u00fcl az otthonunkat vagy a lak\u00f3hely\u00fcnket csak munkav\u00e9gz\u00e9s vagy az alapvet\u0151 sz\u00fcks\u00e9gletek ell\u00e1t\u00e1sa c\u00e9lj\u00e1b\u00f3l hagyhatjuk el &#8211; jelentette be Orb\u00e1n Viktor minisztereln\u00f6k p\u00e9nteken a Kossuth r\u00e1di\u00f3 J\u00f3 reggelt, Magyarorsz\u00e1g! c\u00edm\u0171 m\u0171sor\u00e1ban.<\/strong><\/p>\n<p><span style=\"font-weight: 400;\">&#8220;Az eddigi korl\u00e1toz\u00e1sok eredm\u00e9nyesek voltak. A j\u00e1rv\u00e1ny kit\u00f6r\u00e9se el\u0151tt a kontaktussz\u00e1m f\u00e9lmilli\u00f3 felett volt, ez leesett a tized\u00e9re&#8221; &#8211; mondta Orb\u00e1n, hozz\u00e1tette: \u201eA magyarok fegyelmezetten a t\u00e1rsalmi \u00e9rintkez\u00e9sek m\u00e9ret\u00e9t tized\u00e9re cs\u00f6kentett\u00e9k\u201d Ez most meg\u00e1llt, ez\u00e9rt a cs\u00f6kkent\u00e9s tov\u00e1bbi el\u0151mozd\u00edt\u00e1s\u00e1ra l\u00e9pett \u00e9letbe a kij\u00e1r\u00e1si korl\u00e1toz\u00e1s, ami azonban hangs\u00falyozottan nem kij\u00e1r\u00e1si tilalom, amikor &#8220;egy l\u00e9gy sem rep\u00fclhet ki&#8221;.<\/span><\/p>\n<ul>\n<li><span style=\"font-weight: 400;\">a gyerekeket be lehet vinni az iskol\u00e1k \u00fcgyeleteire, ahol \u00f6tf\u0151s csoportokban vigy\u00e1znak r\u00e1juk,<\/span><\/li>\n<li><span style=\"font-weight: 400;\">az \u00f6nkorm\u00e1nyzatok is kijel\u00f6ltek ilyen c\u00e9lra \u00f3vod\u00e1kat, ezekhez is ki lehet menni,<\/span><\/li>\n<li>az id\u0151sek \u00e9s a fiatalok k\u00fcl\u00f6n id\u0151s\u00e1vban mehetnek boltba,<\/li>\n<li>napk\u00f6zben 9 \u00e9s 12 \u00f3ra k\u00f6z\u00f6tt a 65 \u00e9v felettiek l\u00e1togathatja az \u00e9lelmiszerboltokat \u00e9s a gy\u00f3gyszert\u00e1rakat,<\/li>\n<li>a szoci\u00e1lis t\u00e1vols\u00e1g (m\u00e1sf\u00e9l m\u00e9ter) megtart\u00e1s\u00e1val az eg\u00e9szs\u00e9g\u00fcgyi s\u00e9t\u00e1t lehet\u0151v\u00e9 teszik.<\/li>\n<\/ul>\n<p><span style=\"font-weight: 400;\">Azt is hozz\u00e1tette, hogy szab\u00e1lys\u00e9rt\u00e9s, ha nem tartj\u00e1k be a szab\u00e1lyoz\u00e1st, de &#8220;nem az a feladat, hogy dressz\u00edrozzuk az embereket. Azt kell elnyern\u00fcnk, hogy meglegyen az egy\u00fcttm\u0171k\u00f6d\u00e9s. A rend\u0151r\u00f6knek seg\u00edteni\u00fck kell az embereket, hogy betarts\u00e1k a szab\u00e1lyokat, c\u00e9l nem a kik\u00e9nyszer\u00edt\u00e9s&#8221;- mondta. A korl\u00e1toz\u00e1sokr\u00f3l b\u0151vebben <a href=\"https:\/\/szegederarchivum.hu\/itt-a-rendelet-ami-a-kjarast-korlatozza\/\" target=\"_blank\" rel=\"noopener noreferrer\">itt<\/a> olvashatsz.<\/span><\/p>\n<p><iframe loading=\"lazy\" style=\"border: none; overflow: hidden;\" src=\"https:\/\/www.facebook.com\/plugins\/post.php?href=https%3A%2F%2Fwww.facebook.com%2Forbanviktor%2Fposts%2F10158004631316093&amp;width=500\" width=\"500\" height=\"650\" frameborder=\"0\" scrolling=\"no\"><\/iframe><\/p>\n<p><span style=\"font-weight: 400;\">(via MTI, <a href=\"https:\/\/index.hu\/belfold\/2020\/03\/27\/orban_kossuth_radio_koronavirus\/?fbclid=IwAR1CQXwnuEATVn3ko4WIl1L6cKhdepm8dP4O_7kgD2oQcfQ6TH87FUBbrXU\" target=\"_blank\" rel=\"noopener noreferrer\">Index<\/a>)<\/span><\/p>","protected":false},"excerpt":{"rendered":"<p>Kij\u00e1r\u00e1si korl\u00e1toz\u00e1st vezetnek be Magyarorsz\u00e1g eg\u00e9sz ter\u00fclet\u00e9re m\u00e1rcius 28. \u00e9s \u00e1prilis 11. k\u00f6z\u00f6tt. K\u00e9t h\u00e9ten kereszt\u00fcl az otthonunkat vagy a lak\u00f3hely\u00fcnket csak munkav\u00e9gz\u00e9s vagy az alapvet\u0151 sz\u00fcks\u00e9gletek ell\u00e1t\u00e1sa c\u00e9lj\u00e1b\u00f3l hagyhatjuk el &#8211; jelentette be Orb\u00e1n Viktor minisztereln\u00f6k p\u00e9nteken a Kossuth r\u00e1di\u00f3 J\u00f3 reggelt, Magyarorsz\u00e1g! c\u00edm\u0171 m\u0171sor\u00e1ban.<\/p>","protected":false},"author":7,"featured_media":0,"comment_status":"closed","ping_status":"closed","sticky":false,"template":"","format":"standard","meta":{"_seopress_robots_primary_cat":"none"},"categories":[977],"tags":[3753,3597,941],"acf":[],"amp_enabled":true,"_links":{"self":[{"href":"https:\/\/szegederarchivum.hu\/en\/wp-json\/wp\/v2\/posts\/35802"}],"collection":[{"href":"https:\/\/szegederarchivum.hu\/en\/wp-json\/wp\/v2\/posts"}],"about":[{"href":"https:\/\/szegederarchivum.hu\/en\/wp-json\/wp\/v2\/types\/post"}],"author":[{"embeddable":true,"href":"https:\/\/szegederarchivum.hu\/en\/wp-json\/wp\/v2\/users\/7"}],"replies":[{"embeddable":true,"href":"https:\/\/szegederarchivum.hu\/en\/wp-json\/wp\/v2\/comments?post=35802"}],"version-history":[{"count":6,"href":"https:\/\/szegederarchivum.hu\/en\/wp-json\/wp\/v2\/posts\/35802\/revisions"}],"predecessor-version":[{"id":35821,"href":"https:\/\/szegederarchivum.hu\/en\/wp-json\/wp\/v2\/posts\/35802\/revisions\/35821"}],"wp:attachment":[{"href":"https:\/\/szegederarchivum.hu\/en\/wp-json\/wp\/v2\/media?parent=35802"}],"wp:term":[{"taxonomy":"category","embeddable":true,"href":"https:\/\/szegederarchivum.hu\/en\/wp-json\/wp\/v2\/categories?post=35802"},{"taxonomy":"post_tag","embeddable":true,"href":"https:\/\/szegederarchivum.hu\/en\/wp-json\/wp\/v2\/tags?post=35802"}],"curies":[{"name":"wp","href":"https:\/\/api.w.org\/{rel}","templated":true}]}}