{"id":36072,"date":"2020-03-30T20:00:47","date_gmt":"2020-03-30T18:00:47","guid":{"rendered":"https:\/\/szegederarchivum.hu\/?p=36072"},"modified":"2020-03-30T20:05:12","modified_gmt":"2020-03-30T18:05:12","slug":"matol-vegig-szabad-kerekparozni-a-nagykoruton","status":"publish","type":"post","link":"https:\/\/szegederarchivum.hu\/en\/matol-vegig-szabad-kerekparozni-a-nagykoruton\/","title":{"rendered":"M\u00e1t\u00f3l v\u00e9gig szabad ker\u00e9kp\u00e1rozni a Nagyk\u00f6r\u00faton"},"content":{"rendered":"<p><strong>A mai napt\u00f3l fogva az eg\u00e9sz szegedi Nagyk\u00f6r\u00faton szabad ker\u00e9kp\u00e1rozni. <\/strong><\/p>\n<p>A h\u00edrr\u0151l Facebook-oldal\u00e1n <a href=\"https:\/\/www.facebook.com\/mkszeged\/posts\/2978325158896449?__xts__[0]=68.ARD9dN6nJj9THYJr-wTKMDRInkqoqWKdw1rupRcw_Q0BlSoofVa-3T4fuRQwGOHSLVkAlC4MFE-PxsM3Sq7pa2EB5Q2oKO5fHuhuAE21CfhlHGnrIJ6E5M3syUch09b_aD99GumBuHuzoJvmPi-XWeJlewLrk-HL4uy0x2xMxqcsMXXmAyfxH-ogrO_g9lOkE3gcZXb4i1YpuA1UatwzzTW7xJkXRBoluz8zPAMjdDRABavrqcYOYarONvy1YhXucOxm4ttTv_RBve-eD1H6HDZqDjVE-TtTPj0pdpHWbw1MJnnePMMFjhQ2hegSIrcK5j061fITa2jf3FxN0sLsNvqRwg&amp;__tn__=-R\" target=\"_blank\" rel=\"noopener noreferrer\">sz\u00e1molt be<\/a> n\u00e9h\u00e1ny perce a Magyar Ker\u00e9kp\u00e1rosklub szegedi szervezete.<\/p>\n<p>\u201eFebru\u00e1r 17-\u00e9n a Magyar Ker\u00e9kp\u00e1rosklub r\u00e9sz\u00e9r\u0151l k\u00e9rt\u00fck a Magyar K\u00f6zutat, hogy t\u00f6bb m\u00e1s f\u0151\u00fatszakaszhoz hasonl\u00f3an vizsg\u00e1lja f\u00f6l\u00fcl a 43-as f\u0151\u00fat szegedi nagyk\u00f6r\u00fati szakasz\u00e1n \u00e9rv\u00e9nyes forgalmi rendet, \u00e9s tegye lehet\u0151v\u00e9, hogy szab\u00e1lyos legyen a bring\u00e1z\u00e1s a k<span class=\"text_exposed_show\">\u00f6r\u00fat m\u00e9g tiltott r\u00e9szein is, vagyis a Mad\u00e1ch utca \u00e9s a Dugonics utca (Szill\u00e9ri sgt.) k\u00f6z\u00f6tt. A Magyar K\u00f6z\u00fat r\u00e9sz\u00e9r\u0151l rendk\u00edv\u00fcl korrekt hozz\u00e1\u00e1ll\u00e1st tapasztaltunk. K\u00e9r\u00e9s\u00fcnket megvizsg\u00e1lt\u00e1k, megvitatt\u00e1k, \u00e9s v\u00e9g\u00fcl \u00fagy d\u00f6nt\u00f6ttek, hogy bevezetik az \u00faj forgalmi rendet. Ezt ez\u00faton is k\u00f6sz\u00f6nj\u00fck nekik!\u201d &#8211; \u00edrj\u00e1k a posztban.<\/span><\/p>\n<figure style=\"width: 2048px\" class=\"wp-caption alignnone\"><img decoding=\"async\" loading=\"lazy\" src=\"https:\/\/live.staticflickr.com\/65535\/49716815813_0da8edd5b0_o.jpg\" alt=\"\" width=\"2048\" height=\"1536\" \/><figcaption class=\"wp-caption-text\">Leker\u00fclt a t\u00e1bla. Fot\u00f3: Magyar Ker\u00e9kp\u00e1rosklub Szeged \/ Facebook<\/figcaption><\/figure>\n<p>A k\u00f6r\u00fat t\u00f6bbi r\u00e9sz\u00e9n eddig is lehetett ker\u00e9kp\u00e1rozni (az tov\u00e1bbra is csak egy elterjedt t\u00e9vhit, hogy f\u0151\u00fatvonalon tilos, mind\u00f6ssze akkor tilos, ha van p\u00e1rhuzamos ker\u00e9kp\u00e1r\u00fat), err\u0151l a szakaszr\u00f3l azonban csak most ker\u00fcltek le a tilt\u00f3t\u00e1bl\u00e1k. Az ugyanakkor \u00e9rdekes, hogy a ker\u00e9kp\u00e1roz\u00e1s enged\u00e9lyez\u00e9se mellett feloldott\u00e1k a tilt\u00e1st k\u00e9zikocsi-tol\u00e1sra \u00e9s a lovaskocsiz\u00e1sra is.<\/p>\n<p>Azt k\u00e9rik ugyanakkor a kerekez\u0151kt\u0151l, hogy csak olyanok haszn\u00e1lj\u00e1k ki a lehet\u0151s\u00e9get, akik tapasztalt, gyakorlott biciklisek, az aut\u00f3sok k\u00f6z\u00f6tt ugyanis vesz\u00e9lyes ezen az \u00faton ker\u00e9kp\u00e1rozni.<\/p>\n<p>A szegedi Nagyk\u00f6r\u00fat egy\u00e9bk\u00e9nt r\u00e9szben \u00f6nkorm\u00e1nyzati, r\u00e9szben \u00e1llami fenntart\u00e1s\u00fa. El\u0151bbi felel a B\u00e1nomkert sor &#8211; Pet\u0151fi S\u00e1ndor sug\u00e1r\u00fat, ut\u00f3bbi pedig a Pet\u0151fi S\u00e1ndor sug\u00e1r\u00fat &#8211; Sz\u0151regi \u00fat (bele\u00e9rtve a Bertalan hidat) szakaszok\u00e9rt.<\/p>","protected":false},"excerpt":{"rendered":"<p>A k\u00f6r\u00fat t\u00f6bbi r\u00e9sz\u00e9n eddig is lehetett ker\u00e9kp\u00e1rozni, a Mad\u00e1ch utca &#8211; Szill\u00e9ri sug\u00e1r\u00fat szakaszr\u00f3l azonban csak most ker\u00fcltek le a tilt\u00f3t\u00e1bl\u00e1k.<\/p>","protected":false},"author":1,"featured_media":0,"comment_status":"closed","ping_status":"closed","sticky":false,"template":"","format":"standard","meta":{"_seopress_robots_primary_cat":"none"},"categories":[4],"tags":[71,17,1317,894,297],"acf":[],"amp_enabled":true,"_links":{"self":[{"href":"https:\/\/szegederarchivum.hu\/en\/wp-json\/wp\/v2\/posts\/36072"}],"collection":[{"href":"https:\/\/szegederarchivum.hu\/en\/wp-json\/wp\/v2\/posts"}],"about":[{"href":"https:\/\/szegederarchivum.hu\/en\/wp-json\/wp\/v2\/types\/post"}],"author":[{"embeddable":true,"href":"https:\/\/szegederarchivum.hu\/en\/wp-json\/wp\/v2\/users\/1"}],"replies":[{"embeddable":true,"href":"https:\/\/szegederarchivum.hu\/en\/wp-json\/wp\/v2\/comments?post=36072"}],"version-history":[{"count":8,"href":"https:\/\/szegederarchivum.hu\/en\/wp-json\/wp\/v2\/posts\/36072\/revisions"}],"predecessor-version":[{"id":36082,"href":"https:\/\/szegederarchivum.hu\/en\/wp-json\/wp\/v2\/posts\/36072\/revisions\/36082"}],"wp:attachment":[{"href":"https:\/\/szegederarchivum.hu\/en\/wp-json\/wp\/v2\/media?parent=36072"}],"wp:term":[{"taxonomy":"category","embeddable":true,"href":"https:\/\/szegederarchivum.hu\/en\/wp-json\/wp\/v2\/categories?post=36072"},{"taxonomy":"post_tag","embeddable":true,"href":"https:\/\/szegederarchivum.hu\/en\/wp-json\/wp\/v2\/tags?post=36072"}],"curies":[{"name":"wp","href":"https:\/\/api.w.org\/{rel}","templated":true}]}}