{"id":36631,"date":"2020-04-10T14:56:09","date_gmt":"2020-04-10T12:56:09","guid":{"rendered":"https:\/\/szegederarchivum.hu\/?p=36631"},"modified":"2020-04-10T14:56:09","modified_gmt":"2020-04-10T12:56:09","slug":"amikor-a-cia-kemmuholdja-lefotozta-szegedet","status":"publish","type":"post","link":"https:\/\/szegederarchivum.hu\/en\/amikor-a-cia-kemmuholdja-lefotozta-szegedet\/","title":{"rendered":"Amikor a CIA k\u00e9mm\u0171holdja lefot\u00f3zta Szegedet"},"content":{"rendered":"<p>Nem meglep\u0151 azt olvasni valahol, hogy az 1960-as \u00e9vekben a CIA k\u00e9mfelv\u00e9teleket k\u00e9sz\u00edtett a keleti blokk \u00e1llamair\u00f3l. Az Egyes\u00fclt \u00c1llamok K\u00f6zponti H\u00edrszerz\u0151 \u00dcgyn\u00f6ks\u00e9ge egy k\u00e9mm\u0171holddal v\u00e9gigfot\u00f3zta sz\u00e9pen Magyarorsz\u00e1got \u00e9s v\u00e1rosait, \u00edgy t\u00f6bbek k\u00f6z\u00f6tt Szegedet is. Ezeket a felv\u00e9teleket titkos\u00edtott\u00e1k, \u00e9s eg\u00e9szen 1995-ig, amikor is \u00fajra el\u0151vett\u00e9k \u0151ket, a vil\u00e1g nagy r\u00e9sze nem is tudott r\u00f3luk.<\/p>\n<p>Most az Interspect Kft. f\u0171zte \u00f6ssze ezeket a felv\u00e9teleket, hogy l\u00e9trehozzanak egy egybef\u00fcgg\u0151 t\u00e9rk\u00e9pet Magyarorsz\u00e1gr\u00f3l, illetve azokr\u00f3l a ter\u00fcletekr\u0151l, amelyeket lefot\u00f3ztak. Az eredm\u00e9nyen szerepel persze a f\u0151v\u00e1ros, a Balaton \u00e9s minden jelent\u0151sebb v\u00e1ros, els\u0151sorban ahol katonai aktivit\u00e1s zajlott. \u00d6sszess\u00e9g\u00e9ben az orsz\u00e1g 80%-a van meg, keleten \u00e9s \u00e9szakon vannak nagyobb hi\u00e1nyos ter\u00fcletek, \u00d3zd v\u00e1rosa p\u00e9ld\u00e1ul kimaradt. Ez azonban nem azt jelenti, hogy ne tudhatt\u00e1k volna az amerikaiak pontosan, hogy hol van az atomt\u00f6ltetek t\u00e1rol\u00e1s\u00e1ra \u00e9p\u00edtett Veszpr\u00e9m megyei Kis-Moszkva, vagy pontosan mekkora \u00e9s milyen volt a frissen fel\u00e9p\u00fclt Szt\u00e1linv\u00e1ros \u00e9s vasm\u0171ve.<\/p>\n<p>A t\u00e9rk\u00e9p b\u00e1rki sz\u00e1m\u00e1ra el\u00e9rhet\u0151 a <a href=\"https:\/\/mapire.eu\/hu\/map\/corona-hungary\/\" target=\"_blank\" rel=\"noopener noreferrer\">Mapire-en<\/a>, a keletkez\u00e9s t\u00f6rt\u00e9net\u00e9r\u0151l b\u0151vebben pedig az <a href=\"https:\/\/index.hu\/techtud\/2020\/04\/10\/cia_corona_muholdas_kemkedes_magyaroszag_terkep_interspect_mapire_arcanum\/\" target=\"_blank\" rel=\"noopener noreferrer\">Index<\/a> \u00edr.<\/p>\n<p>&nbsp;<\/p>\n<figure style=\"width: 1245px\" class=\"wp-caption alignnone\"><img decoding=\"async\" loading=\"lazy\" src=\"https:\/\/live.staticflickr.com\/65535\/49756959922_7f1b42d669_o.jpg\" alt=\"\" width=\"1245\" height=\"689\" \/><figcaption class=\"wp-caption-text\">Szeged eg\u00e9sze az 1960-as \u00e9vekben. Fot\u00f3: Arcanum Adatb\u00e1zis Kft.<\/figcaption><\/figure>\n<p>&nbsp;<\/p>\n<figure style=\"width: 1234px\" class=\"wp-caption alignnone\"><img decoding=\"async\" loading=\"lazy\" src=\"https:\/\/live.staticflickr.com\/65535\/49756683171_42a5f5bdc1_o.png\" alt=\"\" width=\"1234\" height=\"576\" \/><figcaption class=\"wp-caption-text\">Az \u00fcres ter\u00fcleteken \u00e1ll ma az \u00c9szaki v\u00e1rosr\u00e9sz. Fot\u00f3: Arcanum Adatb\u00e1zis Kft.<\/figcaption><\/figure>\n<p>&nbsp;<\/p>\n<figure style=\"width: 1277px\" class=\"wp-caption alignnone\"><img decoding=\"async\" loading=\"lazy\" src=\"https:\/\/live.staticflickr.com\/65535\/49756154838_2e2c0d7304_o.png\" alt=\"\" width=\"1277\" height=\"583\" \/><figcaption class=\"wp-caption-text\">Vas\u00fati infrastrukt\u00fara Als\u00f3v\u00e1rosban. Fot\u00f3: Arcanum Adatb\u00e1zis Kft.<\/figcaption><\/figure>\n<p>&nbsp;<\/p>\n<figure style=\"width: 1263px\" class=\"wp-caption alignnone\"><img decoding=\"async\" loading=\"lazy\" src=\"https:\/\/live.staticflickr.com\/65535\/49756154918_ec4ee10e9a_o.png\" alt=\"\" width=\"1263\" height=\"579\" \/><figcaption class=\"wp-caption-text\">A v\u00e1ros legnagyobb termel\u0151i a k\u00e9pen: k\u00f6z\u00e9pen a hatalmas \u00e9p\u00fclet az ekkor b\u0151 egy \u00e9vtizede \u00fczemel\u0151 fon\u00f3gy\u00e1r, jobbra a dupla t\u00f3 alatt az \u00e9p\u00fcl\u0151 k\u00e1belgy\u00e1r. Fot\u00f3: Arcanum Adatb\u00e1zis Kft.<\/figcaption><\/figure>\n<p>&nbsp;<\/p>\n<figure style=\"width: 1270px\" class=\"wp-caption alignnone\"><img decoding=\"async\" loading=\"lazy\" src=\"https:\/\/live.staticflickr.com\/65535\/49756683461_1f889e7d59_o.png\" alt=\"\" width=\"1270\" height=\"580\" \/><figcaption class=\"wp-caption-text\">Ipari l\u00e9tes\u00edtm\u00e9nyek sora a Dorozsmai \u00faton. Fot\u00f3: Arcanum Adatb\u00e1zis Kft.<\/figcaption><\/figure>\n<p>&nbsp;<\/p>\n<figure style=\"width: 1271px\" class=\"wp-caption alignnone\"><img decoding=\"async\" loading=\"lazy\" src=\"https:\/\/live.staticflickr.com\/65535\/49756683251_c95033f4be_o.png\" alt=\"\" width=\"1271\" height=\"586\" \/><figcaption class=\"wp-caption-text\">Az ekkor m\u00e9g a main\u00e1l is j\u00f3val kezdetlegesebb szegedi rep\u00fcl\u0151t\u00e9r. Fot\u00f3: Arcanum Adatb\u00e1zis Kft.<\/figcaption><\/figure>\n<p>&nbsp;<\/p>\n<figure style=\"width: 1264px\" class=\"wp-caption alignnone\"><img decoding=\"async\" loading=\"lazy\" src=\"https:\/\/live.staticflickr.com\/65535\/49756154768_1efa56f6b1_o.png\" alt=\"\" width=\"1264\" height=\"581\" \/><figcaption class=\"wp-caption-text\">Olajipar Algy\u0151 \u00e9s Szeged k\u00f6z\u00f6tt. Fot\u00f3: Arcanum Adatb\u00e1zis Kft.<\/figcaption><\/figure>\n<p>&nbsp;<\/p>\n<figure style=\"width: 1266px\" class=\"wp-caption alignnone\"><img decoding=\"async\" loading=\"lazy\" src=\"https:\/\/live.staticflickr.com\/65535\/49756683431_b3509ee15f_o.png\" alt=\"\" width=\"1266\" height=\"580\" \/><figcaption class=\"wp-caption-text\">Itt \u00e1ll ma a Marost\u0151i v\u00e1rosr\u00e9sz. Ekkor m\u00e9g sz\u00e1nt\u00f3 a nagyja. Fot\u00f3: Arcanum Adatb\u00e1zis Kft.<\/figcaption><\/figure>\n<p>&nbsp;<\/p>","protected":false},"excerpt":{"rendered":"<p>Nem meglep\u0151 azt olvasni valahol, hogy az 1960-as \u00e9vekben a CIA k\u00e9mfelv\u00e9teleket k\u00e9sz\u00edtett a keleti blokk \u00e1llamair\u00f3l. Az Egyes\u00fclt \u00c1llamok K\u00f6zponti H\u00edrszerz\u0151 \u00dcgyn\u00f6ks\u00e9ge egy k\u00e9mm\u0171holddal v\u00e9gigfot\u00f3zta sz\u00e9pen Magyarorsz\u00e1got \u00e9s v\u00e1rosait, \u00edgy t\u00f6bbek k\u00f6z\u00f6tt Szegedet is. Most b\u00e1rki megn\u00e9zheti \u0151ket.<\/p>","protected":false},"author":1,"featured_media":36635,"comment_status":"closed","ping_status":"closed","sticky":false,"template":"","format":"standard","meta":{"_seopress_robots_primary_cat":"none"},"categories":[981],"tags":[3748,3833,3835,107,3834],"acf":[],"amp_enabled":true,"_links":{"self":[{"href":"https:\/\/szegederarchivum.hu\/en\/wp-json\/wp\/v2\/posts\/36631"}],"collection":[{"href":"https:\/\/szegederarchivum.hu\/en\/wp-json\/wp\/v2\/posts"}],"about":[{"href":"https:\/\/szegederarchivum.hu\/en\/wp-json\/wp\/v2\/types\/post"}],"author":[{"embeddable":true,"href":"https:\/\/szegederarchivum.hu\/en\/wp-json\/wp\/v2\/users\/1"}],"replies":[{"embeddable":true,"href":"https:\/\/szegederarchivum.hu\/en\/wp-json\/wp\/v2\/comments?post=36631"}],"version-history":[{"count":6,"href":"https:\/\/szegederarchivum.hu\/en\/wp-json\/wp\/v2\/posts\/36631\/revisions"}],"predecessor-version":[{"id":36640,"href":"https:\/\/szegederarchivum.hu\/en\/wp-json\/wp\/v2\/posts\/36631\/revisions\/36640"}],"wp:featuredmedia":[{"embeddable":true,"href":"https:\/\/szegederarchivum.hu\/en\/wp-json\/wp\/v2\/media\/36635"}],"wp:attachment":[{"href":"https:\/\/szegederarchivum.hu\/en\/wp-json\/wp\/v2\/media?parent=36631"}],"wp:term":[{"taxonomy":"category","embeddable":true,"href":"https:\/\/szegederarchivum.hu\/en\/wp-json\/wp\/v2\/categories?post=36631"},{"taxonomy":"post_tag","embeddable":true,"href":"https:\/\/szegederarchivum.hu\/en\/wp-json\/wp\/v2\/tags?post=36631"}],"curies":[{"name":"wp","href":"https:\/\/api.w.org\/{rel}","templated":true}]}}