{"id":37298,"date":"2020-04-30T11:00:11","date_gmt":"2020-04-30T09:00:11","guid":{"rendered":"https:\/\/szegederarchivum.hu\/?p=37298"},"modified":"2020-04-30T11:00:11","modified_gmt":"2020-04-30T09:00:11","slug":"kihuztak-a-vizbe-csapodott-autot-a-holt-marosbol","status":"publish","type":"post","link":"https:\/\/szegederarchivum.hu\/en\/kihuztak-a-vizbe-csapodott-autot-a-holt-marosbol\/","title":{"rendered":"Kih\u00fazt\u00e1k a v\u00edzbe csap\u00f3dott aut\u00f3t a Holt-Marosb\u00f3l"},"content":{"rendered":"<ul>\n<li><strong>A m\u00e1sf\u00e9l h\u00f3napja t\u00f6rt\u00e9nt <a href=\"https:\/\/szegederarchivum.hu\/kiemeltek-a-tiszaba-hajtott-kocsit\/\" target=\"_blank\" rel=\"noopener noreferrer\">rakparti baleset<\/a> ut\u00e1n most \u00fajabb aut\u00f3 hajtott v\u00edzbe Szegeden. <a href=\"https:\/\/szegederarchivum.hu\/a-holt-marosba-hajtott-egy-auto-szegeden\/\" target=\"_blank\" rel=\"noopener noreferrer\">Ez\u00fattal<\/a> az \u00fajszegedi Holt-Marosba csobbant egy konvert\u00e1lhat\u00f3 Peugeot a B\u00e9rkert utcai r\u00e9szn\u00e9l.<\/strong><\/li>\n<li><strong>Egyel\u0151re tiszt\u00e1zatlanok a k\u00f6r\u00fclm\u00e9nyek, tal\u00e1lgat\u00e1sok szerint a kocsi a Radn\u00f3ti utca fel\u0151l \u00e9rkezett, \u00e9s egyenesen szak\u00edtotta \u00e1t a fakorl\u00e1tot.<\/strong><\/li>\n<li><strong>F\u00e9nyk\u00e9peink a helysz\u00ednr\u0151l.<\/strong><\/li>\n<\/ul>\n<p>&nbsp;<\/p>\n<figure style=\"width: 1600px\" class=\"wp-caption alignnone\"><img decoding=\"async\" loading=\"lazy\" src=\"https:\/\/live.staticflickr.com\/65535\/49836036333_6f1a61fa5a_h.jpg\" alt=\"\" width=\"1600\" height=\"1067\" \/><figcaption class=\"wp-caption-text\">Fot\u00f3: Sz\u0171cs D\u00e1niel \/ Szegeder<\/figcaption><\/figure>\n<p>&nbsp;<\/p>\n<figure style=\"width: 1600px\" class=\"wp-caption alignnone\"><img decoding=\"async\" loading=\"lazy\" src=\"https:\/\/live.staticflickr.com\/65535\/49836881022_43d1b2a4ae_h.jpg\" alt=\"\" width=\"1600\" height=\"1067\" \/><figcaption class=\"wp-caption-text\">Fot\u00f3: Sz\u0171cs D\u00e1niel \/ Szegeder<\/figcaption><\/figure>\n<p>&nbsp;<\/p>\n<figure style=\"width: 1600px\" class=\"wp-caption alignnone\"><img decoding=\"async\" loading=\"lazy\" src=\"https:\/\/live.staticflickr.com\/65535\/49836038993_5f804d1eb4_h.jpg\" alt=\"\" width=\"1600\" height=\"1067\" \/><figcaption class=\"wp-caption-text\">Fot\u00f3: Sz\u0171cs D\u00e1niel \/ Szegeder<\/figcaption><\/figure>\n<p>&nbsp;<\/p>\n<figure style=\"width: 1600px\" class=\"wp-caption alignnone\"><img decoding=\"async\" loading=\"lazy\" src=\"https:\/\/live.staticflickr.com\/65535\/49836580146_914128c179_h.jpg\" alt=\"\" width=\"1600\" height=\"1067\" \/><figcaption class=\"wp-caption-text\">Fot\u00f3: Sz\u0171cs D\u00e1niel \/ Szegeder<\/figcaption><\/figure>\n<p>&nbsp;<\/p>\n<figure style=\"width: 562px\" class=\"wp-caption aligncenter\"><img decoding=\"async\" loading=\"lazy\" class=\"\" src=\"https:\/\/live.staticflickr.com\/65535\/49836579876_f57b54699e_h.jpg\" alt=\"\" width=\"562\" height=\"850\" \/><figcaption class=\"wp-caption-text\">Fot\u00f3: Sz\u0171cs D\u00e1niel \/ Szegeder<\/figcaption><\/figure>\n<p>&nbsp;<\/p>\n<figure style=\"width: 1600px\" class=\"wp-caption alignnone\"><img decoding=\"async\" loading=\"lazy\" src=\"https:\/\/live.staticflickr.com\/65535\/49836880172_a63d12f81e_h.jpg\" alt=\"\" width=\"1600\" height=\"1067\" \/><figcaption class=\"wp-caption-text\">Fot\u00f3: Sz\u0171cs D\u00e1niel \/ Szegeder<\/figcaption><\/figure>\n<p>&nbsp;<\/p>\n<figure style=\"width: 1600px\" class=\"wp-caption alignnone\"><img decoding=\"async\" loading=\"lazy\" src=\"https:\/\/live.staticflickr.com\/65535\/49836879902_896405522b_h.jpg\" alt=\"\" width=\"1600\" height=\"1067\" \/><figcaption class=\"wp-caption-text\">Fot\u00f3: Sz\u0171cs D\u00e1niel \/ Szegeder<\/figcaption><\/figure>\n<p>&nbsp;<\/p>\n<figure style=\"width: 1600px\" class=\"wp-caption alignnone\"><img decoding=\"async\" loading=\"lazy\" src=\"https:\/\/live.staticflickr.com\/65535\/49836579031_e7e6ca38bc_h.jpg\" alt=\"\" width=\"1600\" height=\"1067\" \/><figcaption class=\"wp-caption-text\">Fot\u00f3: Sz\u0171cs D\u00e1niel \/ Szegeder<\/figcaption><\/figure>\n<p>&nbsp;<\/p>\n<figure style=\"width: 1600px\" class=\"wp-caption alignnone\"><img decoding=\"async\" loading=\"lazy\" src=\"https:\/\/live.staticflickr.com\/65535\/49836037008_ae98cdace6_h.jpg\" alt=\"\" width=\"1600\" height=\"1067\" \/><figcaption class=\"wp-caption-text\">Fot\u00f3: Sz\u0171cs D\u00e1niel \/ Szegeder<\/figcaption><\/figure>\n<p>&nbsp;<\/p>\n<figure style=\"width: 1600px\" class=\"wp-caption alignnone\"><img decoding=\"async\" loading=\"lazy\" src=\"https:\/\/live.staticflickr.com\/65535\/49836036723_e7ed45a066_h.jpg\" alt=\"\" width=\"1600\" height=\"1067\" \/><figcaption class=\"wp-caption-text\">Fot\u00f3: Sz\u0171cs D\u00e1niel \/ Szegeder<\/figcaption><\/figure>\n<p>&nbsp;<\/p>","protected":false},"excerpt":{"rendered":"<p>A m\u00e1sf\u00e9l h\u00f3napja t\u00f6rt\u00e9nt rakparti baleset ut\u00e1n most \u00fajabb aut\u00f3 hajtott v\u00edzbe Szegeden. Ez\u00fattal az \u00fajszegedi Holt-Marosba csobbant egy konvert\u00e1lhat\u00f3 Peugeot a B\u00e9rkert utcai r\u00e9szn\u00e9l. K\u00e9priport.<\/p>","protected":false},"author":1,"featured_media":37303,"comment_status":"closed","ping_status":"closed","sticky":false,"template":"","format":"standard","meta":{"_seopress_robots_primary_cat":"none"},"categories":[981],"tags":[269,299,3919,450],"acf":[],"amp_enabled":true,"_links":{"self":[{"href":"https:\/\/szegederarchivum.hu\/en\/wp-json\/wp\/v2\/posts\/37298"}],"collection":[{"href":"https:\/\/szegederarchivum.hu\/en\/wp-json\/wp\/v2\/posts"}],"about":[{"href":"https:\/\/szegederarchivum.hu\/en\/wp-json\/wp\/v2\/types\/post"}],"author":[{"embeddable":true,"href":"https:\/\/szegederarchivum.hu\/en\/wp-json\/wp\/v2\/users\/1"}],"replies":[{"embeddable":true,"href":"https:\/\/szegederarchivum.hu\/en\/wp-json\/wp\/v2\/comments?post=37298"}],"version-history":[{"count":2,"href":"https:\/\/szegederarchivum.hu\/en\/wp-json\/wp\/v2\/posts\/37298\/revisions"}],"predecessor-version":[{"id":37302,"href":"https:\/\/szegederarchivum.hu\/en\/wp-json\/wp\/v2\/posts\/37298\/revisions\/37302"}],"wp:featuredmedia":[{"embeddable":true,"href":"https:\/\/szegederarchivum.hu\/en\/wp-json\/wp\/v2\/media\/37303"}],"wp:attachment":[{"href":"https:\/\/szegederarchivum.hu\/en\/wp-json\/wp\/v2\/media?parent=37298"}],"wp:term":[{"taxonomy":"category","embeddable":true,"href":"https:\/\/szegederarchivum.hu\/en\/wp-json\/wp\/v2\/categories?post=37298"},{"taxonomy":"post_tag","embeddable":true,"href":"https:\/\/szegederarchivum.hu\/en\/wp-json\/wp\/v2\/tags?post=37298"}],"curies":[{"name":"wp","href":"https:\/\/api.w.org\/{rel}","templated":true}]}}