{"id":37380,"date":"2020-05-04T15:42:38","date_gmt":"2020-05-04T13:42:38","guid":{"rendered":"https:\/\/szegederarchivum.hu\/?p=37380"},"modified":"2020-05-04T15:42:38","modified_gmt":"2020-05-04T13:42:38","slug":"koronavirus-tesztet-vegeztek-a-szegedi-vizmu-zrt-minden-munkavallalojanal","status":"publish","type":"post","link":"https:\/\/szegederarchivum.hu\/en\/koronavirus-tesztet-vegeztek-a-szegedi-vizmu-zrt-minden-munkavallalojanal\/","title":{"rendered":"Koronav\u00edrus tesztet v\u00e9geztek a Szegedi V\u00edzm\u0171 Zrt. minden munkav\u00e1llal\u00f3j\u00e1n\u00e1l"},"content":{"rendered":"<p><strong>A Veolia csoporthoz tartoz\u00f3 c\u00e9gek \u2013 k\u00f6zt\u00fck a Szegedi V\u00edzm\u0171 Zrt. \u2013 \u00f6sszes munkav\u00e1llal\u00f3j\u00e1n\u00e1l elv\u00e9gezt\u00e9k a koronav\u00edrus tesztet, a fert\u0151z\u00e9s kisz\u0171r\u00e9s\u00e9re \u00e9s tov\u00e1bb terjed\u00e9s\u00e9nek megakad\u00e1lyoz\u00e1s\u00e1ra &#8211; \u00edrja a Szegedi V\u00edzm\u0171 Zrt. k\u00f6zlem\u00e9ny\u00e9ben.<\/strong><\/p>\n<p><span style=\"font-weight: 400;\">Mint \u00edrj\u00e1k, a vizsg\u00e1latokra a V\u00edzm\u0171 telephelyein m\u00e1jus 4-\u00e9n, h\u00e9tf\u0151n ker\u00fclt sor, a T\u00e1rsas\u00e1g k\u00f6lts\u00e9g\u00e9n.<\/span><\/p>\n<p><span style=\"font-weight: 400;\">A v\u00edzik\u00f6zm\u0171 szolg\u00e1ltat\u00e1s kiemelt jelent\u0151s\u00e9g\u0171 szolg\u00e1ltat\u00e1s, ez\u00e9rt annak biztos\u00edt\u00e1sa \u2013 a koronav\u00edrus-j\u00e1rv\u00e1ny id\u0151tartama alatt is \u2013 kulcsfontoss\u00e1g\u00fa feladat. Az \u00fczemmenet folytonoss\u00e1g\u00e1nak fenntart\u00e1sa \u00e9rdek\u00e9ben a Szegedi V\u00edzm\u0171 sz\u00e1m\u00e1ra a kezdetekt\u0151l az egyik legfontosabb feladat munkat\u00e1rsai, szakemberei eg\u00e9szs\u00e9g\u00e9nek a meg\u00f3v\u00e1sa, hogy tov\u00e1bbra is megfelel\u0151en el tudj\u00e1k v\u00e9gezni a munk\u00e1jukat.<\/span><\/p>\n<p><span style=\"font-weight: 400;\">A T\u00e1rsas\u00e1g t\u00f6bb \u00f3vint\u00e9zked\u00e9st is megval\u00f3s\u00edtott m\u00e1r, ennek legut\u00f3bbi l\u00e9p\u00e9se a teljes dolgoz\u00f3 k\u00f6r sz\u0171r\u00e9se volt &#8211; \u00edrja a k\u00f6zlem\u00e9ny.<\/span><\/p>","protected":false},"excerpt":{"rendered":"<p>A Veolia csoporthoz tartoz\u00f3 c\u00e9gek \u2013 k\u00f6zt\u00fck a Szegedi V\u00edzm\u0171 Zrt. \u2013 \u00f6sszes munkav\u00e1llal\u00f3j\u00e1n\u00e1l elv\u00e9gezt\u00e9k a koronav\u00edrus tesztet, a fert\u0151z\u00e9s kisz\u0171r\u00e9s\u00e9re \u00e9s tov\u00e1bb terjed\u00e9s\u00e9nek megakad\u00e1lyoz\u00e1s\u00e1ra.<\/p>","protected":false},"author":7,"featured_media":0,"comment_status":"closed","ping_status":"closed","sticky":false,"template":"","format":"standard","meta":{"_seopress_robots_primary_cat":"none"},"categories":[4],"tags":[3597,196],"acf":[],"amp_enabled":true,"_links":{"self":[{"href":"https:\/\/szegederarchivum.hu\/en\/wp-json\/wp\/v2\/posts\/37380"}],"collection":[{"href":"https:\/\/szegederarchivum.hu\/en\/wp-json\/wp\/v2\/posts"}],"about":[{"href":"https:\/\/szegederarchivum.hu\/en\/wp-json\/wp\/v2\/types\/post"}],"author":[{"embeddable":true,"href":"https:\/\/szegederarchivum.hu\/en\/wp-json\/wp\/v2\/users\/7"}],"replies":[{"embeddable":true,"href":"https:\/\/szegederarchivum.hu\/en\/wp-json\/wp\/v2\/comments?post=37380"}],"version-history":[{"count":1,"href":"https:\/\/szegederarchivum.hu\/en\/wp-json\/wp\/v2\/posts\/37380\/revisions"}],"predecessor-version":[{"id":37383,"href":"https:\/\/szegederarchivum.hu\/en\/wp-json\/wp\/v2\/posts\/37380\/revisions\/37383"}],"wp:attachment":[{"href":"https:\/\/szegederarchivum.hu\/en\/wp-json\/wp\/v2\/media?parent=37380"}],"wp:term":[{"taxonomy":"category","embeddable":true,"href":"https:\/\/szegederarchivum.hu\/en\/wp-json\/wp\/v2\/categories?post=37380"},{"taxonomy":"post_tag","embeddable":true,"href":"https:\/\/szegederarchivum.hu\/en\/wp-json\/wp\/v2\/tags?post=37380"}],"curies":[{"name":"wp","href":"https:\/\/api.w.org\/{rel}","templated":true}]}}