{"id":38210,"date":"2020-05-28T20:21:39","date_gmt":"2020-05-28T18:21:39","guid":{"rendered":"https:\/\/szegederarchivum.hu\/?p=38210"},"modified":"2020-05-28T20:22:24","modified_gmt":"2020-05-28T18:22:24","slug":"megfestette-a-szegedet-amit-mi-nem-lathatunk","status":"publish","type":"post","link":"https:\/\/szegederarchivum.hu\/en\/megfestette-a-szegedet-amit-mi-nem-lathatunk\/","title":{"rendered":"Megfestette a Szegedet, amit mi nem l\u00e1thatunk"},"content":{"rendered":"<p>Egy ideje van bej\u00e1r\u00e1som a Csongr\u00e1di sug\u00e1r\u00fati egyetemi rajztansz\u00e9kre, aminek k\u00f6sz\u00f6nhet\u0151en r\u00e1d\u00f6bbenhettem, hogy l\u00e9tezik egy ilyesfajta egyetemi m\u0171hely, aminek a l\u00e9tez\u00e9s\u00e9t sem sejtettem eddig. Ahol hagyom\u00e1nyos tantermek helyett m\u0171termek sorakoznak a folyos\u00f3kon, azokon a folyos\u00f3kon, amik falain pedig a di\u00e1kok m\u0171veit csod\u00e1lhatja meg az arra j\u00e1r\u00f3. Az ajt\u00f3n (norm\u00e1l helyzetben) b\u00e1rki bemehet egyet n\u00e9zel\u0151dni, \u00e9s meg\u00e9ri is, a ki\u00e1ll\u00edt\u00e1sok n\u00e9h\u00e1ny hetente v\u00e1ltj\u00e1k egym\u00e1st.<\/p>\n<p>Mint minden egyetemi karon, itt is diplomamunk\u00e1t kell k\u00e9sz\u00edteni a tanulm\u00e1nyok v\u00e9g\u00e9n, a rajztansz\u00e9k n\u00f6vend\u00e9kei azonban ezt vizu\u00e1lis m\u0171v\u00e9szeti \u00e1gak seg\u00edts\u00e9g\u00e9vel abszolv\u00e1lj\u00e1k, semmint puszta sz\u00f6veggel. Az idei m\u0171vek k\u00f6z\u00f6tt sz\u00e1mtalan k\u00fcl\u00f6nlegess\u00e9g lapul (az egyik kedvencem egy <a href=\"https:\/\/diploma2020.myportfolio.com\/lengyel-dora\" target=\"_blank\" rel=\"noopener noreferrer\">klassz log\u00f3tervezet a szabadt\u00e9ri sz\u00e1m\u00e1ra<\/a> Lengyel D\u00f3r\u00e1t\u00f3l), de van egy, ami eg\u00e9szen megfogja a szegedi szemp\u00e1rokat. H\u00e1rom ismert helysz\u00ednt \u00e1br\u00e1zol ugyanis szokatlan k\u00f6nt\u00f6sben.<\/p>\n<p>Omerovi\u0107 Martin feltette a \u201eMi lenne ha?\u201d k\u00e9rd\u00e9st, \u00e9s vizu\u00e1lisan is megalkotta a fej\u00e9ben elk\u00e9pzelt vil\u00e1got. \u201eHogy n\u00e9zne ki Szeged Szent Istv\u00e1n tere egy vil\u00e1gj\u00e1rv\u00e1ny, vagy ak\u00e1r egy atomh\u00e1bor\u00fa ut\u00e1n? Milyen v\u00e1ltoz\u00e1sokon megy kereszt\u00fcl a technol\u00f3gi\u00e1ba sz\u00fcletett, j\u00f6v\u0151beli ember \u00e1ltal \u00fajj\u00e1\u00e9p\u00edtett D\u00f3m t\u00e9r? Vagy ak\u00e1r a m\u00faltba visszamen\u0151leg, hogy n\u00e9zne ki Szeged Tisza-partja egy h\u00e1bor\u00fa ut\u00e1ni \u201ed\u00edzel punk\u201d st\u00edlusban?\u201d &#8211; veti fel k\u00e9rd\u00e9sek sor\u00e1t <a href=\"https:\/\/diploma2020.myportfolio.com\/omerovic-martin\" target=\"_blank\" rel=\"noopener noreferrer\">munk\u00e1j\u00e1ban<\/a>.<\/p>\n<p>A Szabadk\u00e1n sz\u00fcletett m\u0171v\u00e9sz mindenk\u00e9ppen szerette volna Szegednek szentelni diplomamunk\u00e1j\u00e1t, elmond\u00e1sa szerint mind\u00f6ssze az\u00e9rt, mert sz\u00edv\u00e9hez n\u0151tt a v\u00e1ros, k\u00fcl\u00f6n\u00f6sen ez a h\u00e1rom helysz\u00edn. A filmek, j\u00e1t\u00e9kok \u00e9s k\u00f6nyvek ihlette k\u00e9pek mind m\u00e1sik vil\u00e1got mutatnak be: a cyberpunk, a posztapokaliptikus, valamint a dieselpunk Szegedet.<\/p>\n<p>A k\u00e9pek al\u00e1\u00edr\u00e1s\u00e1ban \u0151 maga magyar\u00e1zza azok keletkez\u00e9s\u00e9nek h\u00e1tter\u00e9t.<\/p>\n<p>&nbsp;<\/p>\n<figure style=\"width: 1920px\" class=\"wp-caption alignnone\"><img decoding=\"async\" loading=\"lazy\" src=\"https:\/\/live.staticflickr.com\/65535\/49945840126_af6a5f3a6c_o.jpg\" alt=\"\" width=\"1920\" height=\"760\" \/><figcaption class=\"wp-caption-text\">Fot\u00f3: Omerovi\u0107 Martin<\/figcaption><\/figure>\n<p>&nbsp;<\/p>\n<figure style=\"width: 1920px\" class=\"wp-caption alignnone\"><img decoding=\"async\" loading=\"lazy\" src=\"https:\/\/live.staticflickr.com\/65535\/49946127582_c31b8b1d25_o.jpg\" alt=\"\" width=\"1920\" height=\"797\" \/><figcaption class=\"wp-caption-text\">\u201eA festm\u00e9nyt a hideg, monokromatikus sz\u00ednekkel festettem, ezzel is a t\u00e9li, kiss\u00e9 a Szovjetuni\u00f3s vil\u00e1got t\u00fckr\u00f6zve. A bels\u0151\u00e9g\u00e9s\u0171 motorokkal ir\u00e1ny\u00edtott, h\u00e1bor\u00fas robotokkal, \u00e9s a h\u00e1tt\u00e9rben l\u00e9v\u0151 gy\u00e1rak sziluettj\u00e9vel szerettem volna megfogni a h\u00e1bor\u00fa ut\u00e1ni kop\u00e1r, sz\u00fcrke vil\u00e1g hangulat\u00e1t. A k\u00e9p jobb oldal\u00e1n egy \u00f3ri\u00e1s olajk\u00fat \u00e1ll a Tisza k\u00f6zep\u00e9n, a bal oldalra pedig \u00fczemre k\u00e9sz, felsorakoztatott harci g\u00e9peket festettem. Sehol egy n\u00f6v\u00e9ny, a f\u00e1k kiv\u00e1gva, eld\u0151lve, a sz\u00ednhaszn\u00e1lat is minim\u00e1lis, a ridegs\u00e9g \u00e9s a leveg\u0151 szennyezetts\u00e9g\u00e9re utalva. A v\u00e1ltozatos ecsethaszn\u00e1lattal \u00e9s a k\u00fcl\u00f6nb\u00f6z\u0151 r\u00e9tegek \u00e1ttetsz\u0151s\u00e9g\u00e9vel szerettem volna el\u00e9rni a k\u00f6d\u00f6s, szennyezett leveg\u0151 hat\u00e1st. Mivel az eg\u00e9sz jelenet egy h\u00e1bor\u00fa ut\u00e1ni vil\u00e1gban vesz r\u00e9szt, ez\u00e9rt egy kis t\u00f6rt\u00e9nelemmel f\u0171szereztem a k\u00e9pet. A Szovjet technol\u00f3gia st\u00edlus\u00e1ban szerettem volna \u201efel\u00e9p\u00edteni\u201d ezeket az \u00f3ri\u00e1sg\u00e9peket, mintha m\u00e9g mindig a Szovjet birodalom ir\u00e1ny\u00edt\u00e1sa alatt \u00e1llna Eur\u00f3pa. A Tisza-partra elhelyeztem k\u00e9t rakod\u00f3 darut is, ezzel is a Tisza viz\u00e9n zajl\u00f3 kereskedelemre reflekt\u00e1lva.\u201d Fot\u00f3: Omerovi\u0107 Martin<\/figcaption><\/figure>\n<p>&nbsp;<\/p>\n<figure style=\"width: 1920px\" class=\"wp-caption alignnone\"><img decoding=\"async\" loading=\"lazy\" src=\"https:\/\/live.staticflickr.com\/65535\/49946127482_00c04cf3b8_o.jpg\" alt=\"\" width=\"1920\" height=\"768\" \/><figcaption class=\"wp-caption-text\">Fot\u00f3: Omerovi\u0107 Martin<\/figcaption><\/figure>\n<p>&nbsp;<\/p>\n<figure style=\"width: 1920px\" class=\"wp-caption alignnone\"><img decoding=\"async\" loading=\"lazy\" src=\"https:\/\/live.staticflickr.com\/65535\/49945840096_b1bd97c597_o.jpg\" alt=\"\" width=\"1920\" height=\"798\" \/><figcaption class=\"wp-caption-text\">\u201eA roncshalmazokban fekv\u0151 trolibuszok \u00e9s az elhagyatott j\u00e1rm\u0171vek a p\u00e1nik ut\u00e1ni fejelveszetts\u00e9get t\u00fckr\u00f6zik. A v\u00e1rost a term\u00e9szet \u00fajra ir\u00e1ny\u00edt\u00e1sa al\u00e1 veszi, mint ahogy azt az \u00e9p\u00fcletekb\u0151l kin\u0151tt bokrok, f\u00e1k is mutatj\u00e1k. A vezet\u00e9kek \u00e9s a h\u00e1zak romjai bor\u00edtj\u00e1k az utc\u00e1kat. A szem\u00e9tzs\u00e1kokkal \u00e9s az eltorlaszol\u00f3 barik\u00e1dokkal azt szerettem volna sugallni, hogy egy p\u00e1nikszer\u0171 t\u00fcntet\u00e9s ut\u00e1ni k\u00e9pet l\u00e1thatunk. Az \u00e9p\u00fcletek megrong\u00e1ltak, ak\u00e1r egy polg\u00e1rh\u00e1bor\u00fa esem\u00e9nye ut\u00e1n. Az utc\u00e1kat bebor\u00edtja a sivatagos \u00e9ghajlat, \u00e9s a napf\u00e9ny csak v\u00f6r\u00f6sl\u0151 \u00e1rnyalatban sz\u0171ri \u00e1t a poros leveg\u0151t. Enn\u00e9l a k\u00e9pn\u00e9l is a centr\u00e1lis kompoz\u00edci\u00f3ra t\u00f6rekedtem. A t\u00e1vol hom\u00e1lyos, alig l\u00e1tsz\u00f3d\u00f3 romos \u00e9p\u00fcletek k\u00f6rvonalain leh\u00faz\u00f3d\u00f3 nap f\u00e9nye sz\u0171ri \u00e1t a s\u0171r\u0171 kataszt\u00f3fa vil\u00e1g\u00e1t. A k\u00e9p bal fel\u00e9n l\u00e9v\u0151 Coop fal\u00e1n l\u00e1that\u00f3 egy \u201eF&#8230;COVID19\u201d felirat. Ezzel is a mai j\u00e1rv\u00e1nyhelyzet\u00fcnkre, \u00e9s karant\u00e9nba z\u00e1rt szabads\u00e1gunk elveszt\u00e9s\u00e9re szerettem volna reflekt\u00e1lni egy kiss\u00e9 feketehumorral f\u0171szerezve. Ez csak egy atmoszf\u00e9ra teremt\u0151k\u00e9nt funkcion\u00e1l. Ezzel is k\u00e9rd\u00e9seket szerettem volna \u00e9breszteni a befogad\u00f3ban, hogy mi is t\u00f6rt\u00e9nhetett a k\u00e9pen. Tal\u00e1n emiatt l\u00e1zadtak fel az emberek? V\u00edrus okozta k\u00f6vetkezm\u00e9nyek okozt\u00e1k az emberis\u00e9g veszt\u00e9t?\u201d Fot\u00f3: Omerovi\u0107 Martin<\/figcaption><\/figure>\n<p>&nbsp;<\/p>\n<figure style=\"width: 1920px\" class=\"wp-caption alignnone\"><img decoding=\"async\" loading=\"lazy\" src=\"https:\/\/live.staticflickr.com\/65535\/49945839981_a8dee1b97c_o.jpg\" alt=\"\" width=\"1920\" height=\"770\" \/><figcaption class=\"wp-caption-text\">Fot\u00f3: Omerovi\u0107 Martin<\/figcaption><\/figure>\n<p>&nbsp;<\/p>\n<figure style=\"width: 1920px\" class=\"wp-caption alignnone\"><img decoding=\"async\" loading=\"lazy\" src=\"https:\/\/live.staticflickr.com\/65535\/49946127437_d4c799d33e_o.jpg\" alt=\"\" width=\"1920\" height=\"798\" \/><figcaption class=\"wp-caption-text\">\u201eA k\u00e9k \u00e9s a magenta sz\u00edn domin\u00e1l\u00e1s\u00e1val szerettem volna megragadni azt a neonoir sz\u00ednvil\u00e1got, ami a cyberpunk-ra jellemz\u0151. Mag\u00e1n a D\u00f3m t\u00e9r \u00e9p\u00fcletein nem szerettem volna v\u00e1ltoztatni. Ezzel is p\u00e1rhuzamot vonva a m\u00faltb\u00e9li szab\u00e1lyos architekt\u00fara \u00e9s a j\u00f6v\u0151 zs\u00fafolt, rekl\u00e1mokt\u00f3l t\u00falf\u0171t\u00f6tt \u00e9p\u00fcletei k\u00f6zt. A leveg\u0151ben elsuhan\u00f3 j\u00e1rm\u0171vekkel \u00e9s a f\u00e9nyek megny\u00fajt\u00e1s\u00e1val \u00e9rz\u00e9keltettem a rohan\u00f3 id\u0151 \u00e9s a hom\u00e1lyos jelen l\u00e1tk\u00e9p\u00e9t. Az emberek a telefonjaikba, vagy egy virtu\u00e1lis vil\u00e1gba menek\u00fclve \u00e9lik rohan\u00f3 \u00e9let\u00fcket. A k\u00e9p k\u00e9t sz\u00e9le s\u00f6t\u00e9tebb \u00e9s kidolgozatlanabb, hogy ne terelje el a n\u00e9z\u0151 figyelm\u00e9t a szinte k\u00f6zpontban l\u00e9v\u0151 D\u00f3mt\u00f3l. Ezt az \u00e9p\u00fcleteket bebor\u00edt\u00f3, rekl\u00e1mplak\u00e1tok sokas\u00e1g\u00e1t\u00f3l bevil\u00e1g\u00edtott, futurista v\u00e1rost sz\u00e1mos kort\u00e1rs m\u0171v\u00e9sz munk\u00e1ss\u00e1ga ihlette. Mindenf\u00e9lek\u00e9ppen egy ikonikus szegedi helyet szerettem volna \u00e1talak\u00edtani. Az\u00e9rt v\u00e1lasztottam a D\u00f3m teret, mert minden oldal\u00e1r\u00f3l nyitott, s ezzel j\u00e1tszadozva, a perspekt\u00edva seg\u00edts\u00e9g\u00e9vel, megmutathattam milyen vil\u00e1g is rejt\u0151zik e t\u00e9r falain t\u00fal.\u201d Fot\u00f3: Omerovi\u0107 Martin<\/figcaption><\/figure>\n<p>&nbsp;<\/p>","protected":false},"excerpt":{"rendered":"<p>Omerovi\u0107 Martin feltette a \u201eMi lenne ha?\u201d k\u00e9rd\u00e9st, \u00e9s vizu\u00e1lisan is megalkotta a fej\u00e9ben elk\u00e9pzelt vil\u00e1got. \u201eHogy n\u00e9zne ki Szeged Szent Istv\u00e1n tere egy vil\u00e1gj\u00e1rv\u00e1ny, vagy ak\u00e1r egy atomh\u00e1bor\u00fa ut\u00e1n? Milyen v\u00e1ltoz\u00e1sokon megy kereszt\u00fcl a technol\u00f3gi\u00e1ba sz\u00fcletett, j\u00f6v\u0151beli ember \u00e1ltal \u00fajj\u00e1\u00e9p\u00edtett D\u00f3m t\u00e9r? Vagy ak\u00e1r a m\u00faltba visszamen\u0151leg, hogy n\u00e9zne ki Szeged Tisza-partja egy h\u00e1bor\u00fa ut\u00e1ni \u201ed\u00edzel punk\u201d st\u00edlusban?\u201d &#8211; veti fel k\u00e9rd\u00e9sek sor\u00e1t munk\u00e1j\u00e1ban.<\/p>","protected":false},"author":1,"featured_media":38215,"comment_status":"closed","ping_status":"closed","sticky":false,"template":"","format":"standard","meta":{"_seopress_robots_primary_cat":"none"},"categories":[981],"tags":[3999,4000],"acf":[],"amp_enabled":true,"_links":{"self":[{"href":"https:\/\/szegederarchivum.hu\/en\/wp-json\/wp\/v2\/posts\/38210"}],"collection":[{"href":"https:\/\/szegederarchivum.hu\/en\/wp-json\/wp\/v2\/posts"}],"about":[{"href":"https:\/\/szegederarchivum.hu\/en\/wp-json\/wp\/v2\/types\/post"}],"author":[{"embeddable":true,"href":"https:\/\/szegederarchivum.hu\/en\/wp-json\/wp\/v2\/users\/1"}],"replies":[{"embeddable":true,"href":"https:\/\/szegederarchivum.hu\/en\/wp-json\/wp\/v2\/comments?post=38210"}],"version-history":[{"count":8,"href":"https:\/\/szegederarchivum.hu\/en\/wp-json\/wp\/v2\/posts\/38210\/revisions"}],"predecessor-version":[{"id":38221,"href":"https:\/\/szegederarchivum.hu\/en\/wp-json\/wp\/v2\/posts\/38210\/revisions\/38221"}],"wp:featuredmedia":[{"embeddable":true,"href":"https:\/\/szegederarchivum.hu\/en\/wp-json\/wp\/v2\/media\/38215"}],"wp:attachment":[{"href":"https:\/\/szegederarchivum.hu\/en\/wp-json\/wp\/v2\/media?parent=38210"}],"wp:term":[{"taxonomy":"category","embeddable":true,"href":"https:\/\/szegederarchivum.hu\/en\/wp-json\/wp\/v2\/categories?post=38210"},{"taxonomy":"post_tag","embeddable":true,"href":"https:\/\/szegederarchivum.hu\/en\/wp-json\/wp\/v2\/tags?post=38210"}],"curies":[{"name":"wp","href":"https:\/\/api.w.org\/{rel}","templated":true}]}}