{"id":38831,"date":"2020-06-17T10:56:42","date_gmt":"2020-06-17T08:56:42","guid":{"rendered":"https:\/\/szegederarchivum.hu\/?p=38831"},"modified":"2020-06-17T12:32:18","modified_gmt":"2020-06-17T10:32:18","slug":"juliustol-lezarjak-hetvegente-a-rakpartot","status":"publish","type":"post","link":"https:\/\/szegederarchivum.hu\/en\/juliustol-lezarjak-hetvegente-a-rakpartot\/","title":{"rendered":"J\u00faliust\u00f3l lez\u00e1rj\u00e1k h\u00e9tv\u00e9gente a rakpartot"},"content":{"rendered":"<p><strong>Mih\u00e1lik Edvin, Z\u00f6ld v\u00e1ros program\u00e9rt felel\u0151s tan\u00e1csnok mai sajt\u00f3t\u00e1j\u00e9koztat\u00f3j\u00e1n jelentette be azt a n\u00e9gy pontb\u00f3l \u00e1ll\u00f3 tervezetet, mely szorosan kapcsol\u00f3dik a Z\u00f6ld v\u00e1ros program, \u00e9s a Szeged f\u0151utc\u00e1ja a Tisza programhoz, \u00e9s melynek r\u00e9sze, hogy v\u00e9gre lez\u00e1rj\u00e1k h\u00e9tv\u00e9gente a szegedi Husz\u00e1r M\u00e1ty\u00e1s rakpartot.<\/strong><\/p>\n<p><span style=\"font-weight: 400;\">A tan\u00e1csnok elmondta, hossz\u00fat\u00e1v\u00fa c\u00e9ljuk az, hogy a Tisz\u00e1t Szeged igazi f\u0151utc\u00e1j\u00e1v\u00e1 tegy\u00e9k. \u201eOlyan k\u00f6z\u00f6ss\u00e9gi \u00e9s kultur\u00e1lis k\u00f6zpont kialak\u00edt\u00e1sa a c\u00e9lunk, ami egyr\u00e9szt n\u00f6veli a rakpart turisztikai vonzerej\u00e9t, m\u00e1sr\u00e9szr\u0151l pedig a szegedieknek ny\u00fajt egy olyan kikapcsol\u00f3d\u00e1si lehet\u0151s\u00e9get, melyet a Tisza partj\u00e1n tudnak elt\u00f6lteni.\u201d<\/span><\/p>\n<p><span style=\"font-weight: 400;\">Ez\u00e9rt a megindul\u00f3 k\u00f6zgy\u0171l\u00e9si munka els\u0151 het\u00e9ben, j\u00f6v\u0151 h\u00e9ten, egy n\u00e9gy pontb\u00f3l \u00e1ll\u00f3 javaslatcsomagot ny\u00fajtanak majd be a k\u00f6zgy\u0171l\u00e9s el\u00e9, melynek a c\u00e9lja, hogy<\/span><\/p>\n<ul>\n<li><span style=\"font-weight: 400;\">j\u00falius elsej\u00e9t\u0151l augusztus v\u00e9g\u00e9ig minden h\u00e9tv\u00e9g\u00e9n lez\u00e1rj\u00e1k a rakpartot az aut\u00f3forgalom el\u0151l, visszaadva azt a ker\u00e9kp\u00e1ros, illetve gyalogos forgalomnak,<\/span><\/li>\n<li><span style=\"font-weight: 400;\">a j\u00f6v\u0151ben a szegedi rendezv\u00e9nyek tekintet\u00e9ben, az egy naposn\u00e1l hosszabb rendezv\u00e9nyeket kiv\u00e9ve, illetve az \u00f6nkorm\u00e1nyzat \u00e1ltal szervezett rendezv\u00e9nyek (pl. Szeged Napja, Borfesztiv\u00e1l, Kar\u00e1csonyi v\u00e1s\u00e1r) kiv\u00e9tel\u00e9vel, az \u00f6sszes t\u00f6bbi rendezv\u00e9ny eset\u00e9ben a rakpartot jel\u00f6lj\u00e9k ki helysz\u00ednnek, mivel az elm\u00falt \u00e9vek tapasztalatai alapj\u00e1n a rengeteg fesztiv\u00e1l komoly terhel\u00e9st jelent a Sz\u00e9chenyi t\u00e9rnek, illetve \u00edgy a Tisz\u00e1t \u00e9s a rakpartot is bevonn\u00e1k Szeged kultur\u00e1lis \u00e9let\u00e9be,<\/span><\/li>\n<\/ul>\n<figure style=\"width: 1600px\" class=\"wp-caption alignnone\"><img decoding=\"async\" loading=\"lazy\" src=\"https:\/\/live.staticflickr.com\/65535\/50015474076_9808cf52e1_h.jpg\" alt=\"\" width=\"1600\" height=\"1067\" \/><figcaption class=\"wp-caption-text\">Fot\u00f3: Sz\u0171cs D\u00e1niel \/ Szegeder<\/figcaption><\/figure>\n<figure style=\"width: 1600px\" class=\"wp-caption alignnone\"><img decoding=\"async\" loading=\"lazy\" src=\"https:\/\/live.staticflickr.com\/65535\/50015473906_5319ec9634_h.jpg\" alt=\"\" width=\"1600\" height=\"1067\" \/><figcaption class=\"wp-caption-text\">Fot\u00f3: Sz\u0171cs D\u00e1niel \/ Szegeder<\/figcaption><\/figure>\n<ul>\n<li><span style=\"font-weight: 400;\">a j\u00f6v\u0151ben a szegedi fesztiv\u00e1lokon betilts\u00e1k az egyszer haszn\u00e1latos m\u0171anyagok alkalmaz\u00e1s\u00e1t,<\/span><\/li>\n<li><span style=\"font-weight: 400;\">a j\u00f6v\u0151ben a fesztiv\u00e1lokon megtilts\u00e1k a k\u00e9szp\u00e9nzzel val\u00f3 fizet\u00e9st, egyr\u00e9szt a j\u00e1rv\u00e1nyid\u0151szak tanuls\u00e1gai alapj\u00e1n lesz\u0171rt eg\u00e9szs\u00e9g\u00fcgyi kock\u00e1zatok elker\u00fcl\u00e9se v\u00e9gett, m\u00e1sr\u00e9szt az elektromos fizet\u00e9s \u00e1tl\u00e1that\u00f3s\u00e1ga ok\u00e1n.<\/span><\/li>\n<\/ul>\n<p>A rakpartlez\u00e1r\u00e1ssal kapcsolatban a Szegederen m\u00e9g a m\u00falt h\u00e9ten hosszabb v\u00e9lem\u00e9nycikkben \u00edrtunk, <a href=\"https:\/\/szegederarchivum.hu\/itt-az-ideje-az-embereknek-adni-a-rakpartot\/\" target=\"_blank\" rel=\"noopener noreferrer\">ez itt olvashat\u00f3<\/a>.<\/p>\n<p>&nbsp;<\/p>\n<p><em>Nyit\u00f3k\u00e9p: Sz\u0171cs D\u00e1niel \/ Szegeder<\/em><\/p>","protected":false},"excerpt":{"rendered":"<p>Mih\u00e1lik Edvin, Z\u00f6ld v\u00e1ros program\u00e9rt felel\u0151s tan\u00e1csnok mai sajt\u00f3t\u00e1j\u00e9koztat\u00f3j\u00e1n jelentette be azt a n\u00e9gy pontb\u00f3l \u00e1ll\u00f3 tervezetet, mely szorosan kapcsol\u00f3dik a Z\u00f6ld v\u00e1ros program, \u00e9s a Szeged f\u0151utc\u00e1ja a Tisza programhoz, \u00e9s melynek r\u00e9sze, hogy v\u00e9gre lez\u00e1rj\u00e1k h\u00e9tv\u00e9gente a szegedi Husz\u00e1r M\u00e1ty\u00e1s rakpartot.<\/p>","protected":false},"author":7,"featured_media":38837,"comment_status":"closed","ping_status":"closed","sticky":false,"template":"","format":"standard","meta":{"_seopress_robots_primary_cat":"none"},"categories":[4],"tags":[2961,648,231,2244,650],"acf":[],"amp_enabled":true,"_links":{"self":[{"href":"https:\/\/szegederarchivum.hu\/en\/wp-json\/wp\/v2\/posts\/38831"}],"collection":[{"href":"https:\/\/szegederarchivum.hu\/en\/wp-json\/wp\/v2\/posts"}],"about":[{"href":"https:\/\/szegederarchivum.hu\/en\/wp-json\/wp\/v2\/types\/post"}],"author":[{"embeddable":true,"href":"https:\/\/szegederarchivum.hu\/en\/wp-json\/wp\/v2\/users\/7"}],"replies":[{"embeddable":true,"href":"https:\/\/szegederarchivum.hu\/en\/wp-json\/wp\/v2\/comments?post=38831"}],"version-history":[{"count":5,"href":"https:\/\/szegederarchivum.hu\/en\/wp-json\/wp\/v2\/posts\/38831\/revisions"}],"predecessor-version":[{"id":38843,"href":"https:\/\/szegederarchivum.hu\/en\/wp-json\/wp\/v2\/posts\/38831\/revisions\/38843"}],"wp:featuredmedia":[{"embeddable":true,"href":"https:\/\/szegederarchivum.hu\/en\/wp-json\/wp\/v2\/media\/38837"}],"wp:attachment":[{"href":"https:\/\/szegederarchivum.hu\/en\/wp-json\/wp\/v2\/media?parent=38831"}],"wp:term":[{"taxonomy":"category","embeddable":true,"href":"https:\/\/szegederarchivum.hu\/en\/wp-json\/wp\/v2\/categories?post=38831"},{"taxonomy":"post_tag","embeddable":true,"href":"https:\/\/szegederarchivum.hu\/en\/wp-json\/wp\/v2\/tags?post=38831"}],"curies":[{"name":"wp","href":"https:\/\/api.w.org\/{rel}","templated":true}]}}