{"id":39078,"date":"2020-06-23T15:03:59","date_gmt":"2020-06-23T13:03:59","guid":{"rendered":"https:\/\/szegederarchivum.hu\/?p=39078"},"modified":"2020-06-23T15:03:59","modified_gmt":"2020-06-23T13:03:59","slug":"eszakon-ar-delen-belvizveszellyel-fenyeget-a-tisza","status":"publish","type":"post","link":"https:\/\/szegederarchivum.hu\/en\/eszakon-ar-delen-belvizveszellyel-fenyeget-a-tisza\/","title":{"rendered":"\u00c9szakon \u00e1r-, d\u00e9len belv\u00edzvesz\u00e9llyel fenyeget a Tisza"},"content":{"rendered":"<p><strong>A Tisza fels\u0151 szakasz\u00e1n m\u00e1sodfok\u00fa \u00e1r-, m\u00edg a d\u00e9lkeleti megy\u00e9kben ugyanilyen fokozat\u00fa belv\u00edzv\u00e9delmi k\u00e9sz\u00fclts\u00e9g l\u00e9p \u00e9rv\u00e9nybe &#8211; \u00edrja az <a href=\"https:\/\/www.idokep.hu\/hirek\/a-tiszan-arviz-delkeleten-belviz-fenyeget\" target=\"_blank\" rel=\"noopener noreferrer\">Id\u0151k\u00e9p<\/a>.<\/strong><\/p>\n<p>Mint \u00edrj\u00e1k, rengeteg csapad\u00e9k hullott az elm\u00falt napokban mind a keleti, d\u00e9lkeleti orsz\u00e1gr\u00e9szben, mind pedig a Tisza v\u00edzgy\u0171jt\u0151 ter\u00fclet\u00e9n. Ezeken a t\u00e1jakon a 14 csapad\u00e9k\u00f6sszeg helyenk\u00e9nt a 150 mm-t is meghaladta.<\/p>\n<p>A sok es\u0151 k\u00f6vetkezt\u00e9ben az Alf\u00f6ld d\u00e9lkeleti r\u00e9sz\u00e9n egyre t\u00f6bb helyen jelent meg belv\u00edz, t\u00f6bb mint 10 szakaszon els\u0151-, 7 szakaszon pedig\u00a0m\u00e1sodfok\u00fa belv\u00edzv\u00e9delmi k\u00e9sz\u00fclts\u00e9g\u00a0van \u00e9rv\u00e9nyben.<\/p>\n<figure style=\"width: 800px\" class=\"wp-caption aligncenter\"><img decoding=\"async\" loading=\"lazy\" src=\"https:\/\/live.staticflickr.com\/65535\/50037008481_0783072dd9_o.jpg\" alt=\"\" width=\"800\" height=\"520\" \/><figcaption class=\"wp-caption-text\">Fot\u00f3: Bel\u00fcgyminiszt\u00e9rium V\u00edz\u00fcgyi F\u0151igazgat\u00f3s\u00e1g (z\u00f6ld: els\u0151-, s\u00e1rga: m\u00e1sodfok\u00fa belv\u00edzv\u00e9delmi k\u00e9sz\u00fclts\u00e9g).<\/figcaption><\/figure>\n<p>Az\u00a0<a href=\"http:\/\/hydroinfo.hu\/\" target=\"_blank\" rel=\"noopener noreferrer\">Orsz\u00e1gos V\u00edzjelz\u0151 Szolg\u00e1lat<\/a>\u00a0kedd reggeli jelent\u00e9se szerint a Tisza v\u00e9gig \u00e1rad, legintenz\u00edvebben a foly\u00f3 fels\u0151 szakasza. A h\u00e9t m\u00e1sodik fel\u00e9ben t\u00f6bbfel\u00e9 els\u0151-, illetve m\u00e1sodfok\u00fa \u00e1rv\u00edzv\u00e9delmi k\u00e9sz\u00fclts\u00e9get indokl\u00f3 v\u00edz\u00e1ll\u00e1sok lehetnek.<\/p>","protected":false},"excerpt":{"rendered":"<p>A Tisza fels\u0151 szakasz\u00e1n m\u00e1sodfok\u00fa \u00e1r-, m\u00edg a d\u00e9lkeleti megy\u00e9kben ugyanilyen fokozat\u00fa belv\u00edzv\u00e9delmi k\u00e9sz\u00fclts\u00e9g l\u00e9p \u00e9rv\u00e9nybe.<\/p>","protected":false},"author":1,"featured_media":0,"comment_status":"closed","ping_status":"closed","sticky":false,"template":"","format":"standard","meta":{"_seopress_robots_primary_cat":"none"},"categories":[977],"tags":[496,457,88,4068],"acf":[],"amp_enabled":true,"_links":{"self":[{"href":"https:\/\/szegederarchivum.hu\/en\/wp-json\/wp\/v2\/posts\/39078"}],"collection":[{"href":"https:\/\/szegederarchivum.hu\/en\/wp-json\/wp\/v2\/posts"}],"about":[{"href":"https:\/\/szegederarchivum.hu\/en\/wp-json\/wp\/v2\/types\/post"}],"author":[{"embeddable":true,"href":"https:\/\/szegederarchivum.hu\/en\/wp-json\/wp\/v2\/users\/1"}],"replies":[{"embeddable":true,"href":"https:\/\/szegederarchivum.hu\/en\/wp-json\/wp\/v2\/comments?post=39078"}],"version-history":[{"count":1,"href":"https:\/\/szegederarchivum.hu\/en\/wp-json\/wp\/v2\/posts\/39078\/revisions"}],"predecessor-version":[{"id":39081,"href":"https:\/\/szegederarchivum.hu\/en\/wp-json\/wp\/v2\/posts\/39078\/revisions\/39081"}],"wp:attachment":[{"href":"https:\/\/szegederarchivum.hu\/en\/wp-json\/wp\/v2\/media?parent=39078"}],"wp:term":[{"taxonomy":"category","embeddable":true,"href":"https:\/\/szegederarchivum.hu\/en\/wp-json\/wp\/v2\/categories?post=39078"},{"taxonomy":"post_tag","embeddable":true,"href":"https:\/\/szegederarchivum.hu\/en\/wp-json\/wp\/v2\/tags?post=39078"}],"curies":[{"name":"wp","href":"https:\/\/api.w.org\/{rel}","templated":true}]}}