{"id":39248,"date":"2020-06-29T15:53:05","date_gmt":"2020-06-29T13:53:05","guid":{"rendered":"https:\/\/szegederarchivum.hu\/?p=39248"},"modified":"2020-06-29T18:23:21","modified_gmt":"2020-06-29T16:23:21","slug":"tanchazzal-indult-ujra-a-neptancos-elet-az-ih-ban","status":"publish","type":"post","link":"https:\/\/szegederarchivum.hu\/en\/tanchazzal-indult-ujra-a-neptancos-elet-az-ih-ban\/","title":{"rendered":"T\u00e1nch\u00e1zzal indult \u00fajra a n\u00e9pt\u00e1ncos \u00e9let az IH-ban"},"content":{"rendered":"<p>Fergeteges t\u00e1nch\u00e1zzal indult \u00fajra a n\u00e9pt\u00e1ncos \u00e9let Szegeden, az IH Rendezv\u00e9nyk\u00f6zpontban. A t\u00e1nch\u00e1zmozgalom kezdete \u00f3ta nem volt p\u00e9lda akkora kihagy\u00e1sra, mint amit a nemr\u00e9g feloldott korl\u00e1toz\u00e1sok okoztak, \u00edgy nem meglep\u0151, hogy ekkora sikert aratott a szombati esem\u00e9ny. A Cuh\u00e1r\u00e9 T\u00e1ncm\u0171hely \u00e1ltal szervezett, reggelig tart\u00f3 rendezv\u00e9nyen k\u00f6zel 350-en fordultak meg.<\/p>\n<p>A k\u00e9t teremben zajl\u00f3 nyolc \u00f3r\u00e1s rendezv\u00e9nyen \u00f6t zenekar szolg\u00e1ltatta a talpal\u00e1val\u00f3t. Az este folyam\u00e1n sz\u00ednes volt a reperto\u00e1r. Rophattuk a helyi kuri\u00f3zumnak sz\u00e1m\u00edt\u00f3 d\u00e9l-alf\u00f6ldi muzsik\u00e1ra, a k\u00f6rt\u00e1ncok kedvel\u0151i pedig be\u00e1llhattak a moldvaiba is. Persze a k\u00f6zkedvelt kalotaszegi \u00e9s mez\u0151s\u00e9gi t\u00e1ncrendek sem maradhattak ki a sorb\u00f3l.A t\u00e1nch\u00e1zban a talpal\u00e1val\u00f3r\u00f3l az al\u00e1bbi zenekarok gondoskodtak:<\/p>\n<ul>\n<li>Cserg\u0151 Banda<\/li>\n<li>Kender Zenekar<\/li>\n<li>Nyenyere Egylet<\/li>\n<li>R\u00e1ntotth\u00fas Zenekar<\/li>\n<li>Sz\u00e9lm\u0171ves Zenekar<\/li>\n<\/ul>\n<figure style=\"width: 1599px\" class=\"wp-caption alignnone\"><img decoding=\"async\" loading=\"lazy\" src=\"https:\/\/live.staticflickr.com\/65535\/50057324693_9548bb9240_h.jpg\" alt=\"\" width=\"1599\" height=\"1066\" \/><figcaption class=\"wp-caption-text\">Fot\u00f3: Ol\u00e1h Tam\u00e1s<\/figcaption><\/figure>\n<figure style=\"width: 1599px\" class=\"wp-caption alignnone\"><img decoding=\"async\" loading=\"lazy\" src=\"https:\/\/live.staticflickr.com\/65535\/50057324513_b6ad8f3d72_h.jpg\" alt=\"\" width=\"1599\" height=\"1066\" \/><figcaption class=\"wp-caption-text\">Fot\u00f3: Ol\u00e1h Tam\u00e1s<\/figcaption><\/figure>\n<figure style=\"width: 1599px\" class=\"wp-caption alignnone\"><img decoding=\"async\" loading=\"lazy\" src=\"https:\/\/live.staticflickr.com\/65535\/50057894181_2326a95d7f_h.jpg\" alt=\"\" width=\"1599\" height=\"1066\" \/><figcaption class=\"wp-caption-text\">Fot\u00f3: Ol\u00e1h Tam\u00e1s<\/figcaption><\/figure>\n<figure style=\"width: 1599px\" class=\"wp-caption alignnone\"><img decoding=\"async\" loading=\"lazy\" src=\"https:\/\/live.staticflickr.com\/65535\/50057324453_bff384a9d6_h.jpg\" alt=\"\" width=\"1599\" height=\"1066\" \/><figcaption class=\"wp-caption-text\">Fot\u00f3: Ol\u00e1h Tam\u00e1s<\/figcaption><\/figure>\n<figure style=\"width: 1599px\" class=\"wp-caption alignnone\"><img decoding=\"async\" loading=\"lazy\" src=\"https:\/\/live.staticflickr.com\/65535\/50058138472_27c9011f16_h.jpg\" alt=\"\" width=\"1599\" height=\"1066\" \/><figcaption class=\"wp-caption-text\">Fot\u00f3: Ol\u00e1h Tam\u00e1s<\/figcaption><\/figure>\n<figure style=\"width: 1599px\" class=\"wp-caption alignnone\"><img decoding=\"async\" loading=\"lazy\" src=\"https:\/\/live.staticflickr.com\/65535\/50057894291_0c27fb70b1_h.jpg\" alt=\"\" width=\"1599\" height=\"1066\" \/><figcaption class=\"wp-caption-text\">Fot\u00f3: Ol\u00e1h Tam\u00e1s<\/figcaption><\/figure>\n<figure style=\"width: 1599px\" class=\"wp-caption alignnone\"><img decoding=\"async\" loading=\"lazy\" src=\"https:\/\/live.staticflickr.com\/65535\/50058138532_d29a253130_h.jpg\" alt=\"\" width=\"1599\" height=\"1066\" \/><figcaption class=\"wp-caption-text\">Fot\u00f3: Ol\u00e1h Tam\u00e1s<\/figcaption><\/figure>\n<figure style=\"width: 1599px\" class=\"wp-caption alignnone\"><img decoding=\"async\" loading=\"lazy\" src=\"https:\/\/live.staticflickr.com\/65535\/50058138502_d5d8579650_h.jpg\" alt=\"\" width=\"1599\" height=\"1066\" \/><figcaption class=\"wp-caption-text\">Fot\u00f3: Ol\u00e1h Tam\u00e1s<\/figcaption><\/figure>\n<figure style=\"width: 1599px\" class=\"wp-caption alignnone\"><img decoding=\"async\" loading=\"lazy\" src=\"https:\/\/live.staticflickr.com\/65535\/50057324618_d086dc2c52_h.jpg\" alt=\"\" width=\"1599\" height=\"1066\" \/><figcaption class=\"wp-caption-text\">Fot\u00f3: Ol\u00e1h Tam\u00e1s<\/figcaption><\/figure>\n<figure style=\"width: 1599px\" class=\"wp-caption alignnone\"><img decoding=\"async\" loading=\"lazy\" src=\"https:\/\/live.staticflickr.com\/65535\/50057324713_7a1e77a4a5_h.jpg\" alt=\"\" width=\"1599\" height=\"1066\" \/><figcaption class=\"wp-caption-text\">Fot\u00f3: Ol\u00e1h Tam\u00e1s<\/figcaption><\/figure>\n<figure style=\"width: 1599px\" class=\"wp-caption alignnone\"><img decoding=\"async\" loading=\"lazy\" src=\"https:\/\/live.staticflickr.com\/65535\/50058138682_6e5dbfc5ca_h.jpg\" alt=\"\" width=\"1599\" height=\"1066\" \/><figcaption class=\"wp-caption-text\">Fot\u00f3: Ol\u00e1h Tam\u00e1s<\/figcaption><\/figure>\n<p>&nbsp;<\/p>\n<p><em>Nyit\u00f3k\u00e9p \u00e9s sz\u00f6veg: Ol\u00e1h Tam\u00e1s<\/em><\/p>","protected":false},"excerpt":{"rendered":"<p>Fergeteges t\u00e1nch\u00e1zzal indult \u00fajra a n\u00e9pt\u00e1ncos \u00e9let Szegeden, az IH Rendezv\u00e9nyk\u00f6zpontban. A t\u00e1nch\u00e1zmozgalom kezdete \u00f3ta nem volt p\u00e9lda akkora kihagy\u00e1sra, mint amit a nemr\u00e9g feloldott korl\u00e1toz\u00e1sok okoztak, \u00edgy nem meglep\u0151, hogy ekkora sikert aratott a szombati esem\u00e9ny.<\/p>","protected":false},"author":7,"featured_media":39267,"comment_status":"closed","ping_status":"closed","sticky":false,"template":"","format":"standard","meta":{"_seopress_robots_primary_cat":"none"},"categories":[981],"tags":[2381,4090],"acf":[],"amp_enabled":true,"_links":{"self":[{"href":"https:\/\/szegederarchivum.hu\/en\/wp-json\/wp\/v2\/posts\/39248"}],"collection":[{"href":"https:\/\/szegederarchivum.hu\/en\/wp-json\/wp\/v2\/posts"}],"about":[{"href":"https:\/\/szegederarchivum.hu\/en\/wp-json\/wp\/v2\/types\/post"}],"author":[{"embeddable":true,"href":"https:\/\/szegederarchivum.hu\/en\/wp-json\/wp\/v2\/users\/7"}],"replies":[{"embeddable":true,"href":"https:\/\/szegederarchivum.hu\/en\/wp-json\/wp\/v2\/comments?post=39248"}],"version-history":[{"count":5,"href":"https:\/\/szegederarchivum.hu\/en\/wp-json\/wp\/v2\/posts\/39248\/revisions"}],"predecessor-version":[{"id":39307,"href":"https:\/\/szegederarchivum.hu\/en\/wp-json\/wp\/v2\/posts\/39248\/revisions\/39307"}],"wp:featuredmedia":[{"embeddable":true,"href":"https:\/\/szegederarchivum.hu\/en\/wp-json\/wp\/v2\/media\/39267"}],"wp:attachment":[{"href":"https:\/\/szegederarchivum.hu\/en\/wp-json\/wp\/v2\/media?parent=39248"}],"wp:term":[{"taxonomy":"category","embeddable":true,"href":"https:\/\/szegederarchivum.hu\/en\/wp-json\/wp\/v2\/categories?post=39248"},{"taxonomy":"post_tag","embeddable":true,"href":"https:\/\/szegederarchivum.hu\/en\/wp-json\/wp\/v2\/tags?post=39248"}],"curies":[{"name":"wp","href":"https:\/\/api.w.org\/{rel}","templated":true}]}}