{"id":39460,"date":"2020-07-02T12:06:13","date_gmt":"2020-07-02T10:06:13","guid":{"rendered":"https:\/\/szegederarchivum.hu\/?p=39460"},"modified":"2020-07-02T12:24:00","modified_gmt":"2020-07-02T10:24:00","slug":"minden-nyari-hetvegen-ingyenes-programokkal-varjak-a-szegedieket-a-rakparton","status":"publish","type":"post","link":"https:\/\/szegederarchivum.hu\/en\/minden-nyari-hetvegen-ingyenes-programokkal-varjak-a-szegedieket-a-rakparton\/","title":{"rendered":"Minden ny\u00e1ri h\u00e9tv\u00e9g\u00e9n ingyenes programokkal v\u00e1rj\u00e1k a szegedieket a rakparton"},"content":{"rendered":"<p><strong>Augusztus v\u00e9g\u00e9ig minden h\u00e9tv\u00e9g\u00e9n ingyenes programok v\u00e1rj\u00e1k a szegedieket a Husz\u00e1r M\u00e1ty\u00e1s rakparton &#8211; k\u00f6z\u00f6lte Mih\u00e1lik Edvin Z\u00f6ld v\u00e1ros program\u00e9rt felel\u0151s tan\u00e1csnok cs\u00fct\u00f6rt\u00f6k\u00f6n.<\/strong><\/p>\n<p><span style=\"font-weight: 400;\">Mih\u00e1lik Edvin a programsorozatr\u00f3l tartott sajt\u00f3t\u00e1j\u00e9koztat\u00f3n elmondta, az \u00f6nkorm\u00e1nyzat c\u00e9lja, hogy nyugat-eur\u00f3pai p\u00e9ld\u00e1k alapj\u00e1n jobban bevonj\u00e1k a Tisza-partot a v\u00e1ros \u00e9let\u00e9be. Ez\u00e9rt d\u00f6nt\u00f6ttek \u00fagy, hogy j\u00falius 1-j\u00e9t\u0151l a ny\u00e1ri h\u00e9tv\u00e9g\u00e9kre lez\u00e1rj\u00e1k a rakpartot a g\u00e9pkocsiforgalom el\u0151l.<\/span><\/p>\n<p><span style=\"font-weight: 400;\">Az \u00f6nkorm\u00e1nyzat c\u00e9lja, hogy a rakpart kultur\u00e1lis, k\u00f6z\u00f6ss\u00e9gi \u00e9s sportsz\u00ednt\u00e9rr\u00e9 v\u00e1ljon, az \u00e9p\u00edtett k\u00f6rnyezet \u00e1talak\u00edt\u00e1sa el\u0151tt azonban szeretn\u00e9k kipr\u00f3b\u00e1lni, milyen elk\u00e9pzel\u00e9sekre nyitottak a szegediek. Ez\u00e9rt j\u00falius 11-t\u0151l a v\u00e1rosi c\u00e9gek \u00e9s int\u00e9zm\u00e9nyek \u00f6sszefog\u00e1s\u00e1val v\u00e1ltozatos programsorozatot szerveznek minden szombaton \u00e9s vas\u00e1rnap 17 \u00e9s 22 \u00f3ra k\u00f6z\u00f6tt a Husz\u00e1r M\u00e1ty\u00e1s rakparton &#8211; tette hozz\u00e1 a tan\u00e1csnok. Ezen fel\u00fcl a szegediek javaslatait is v\u00e1rj\u00e1k, a v\u00e1roslak\u00f3k \u00f6tleteit az IH gy\u0171jti.<\/span><\/p>\n<p><span style=\"font-weight: 400;\">J\u00e1vorszky Iv\u00e1n, az IH Rendezv\u00e9nyk\u00f6zpont \u00fcgyvezet\u0151 igazgat\u00f3ja k\u00f6z\u00f6lte, a programsorozat nyit\u00f3 h\u00e9tv\u00e9g\u00e9j\u00e9n a t\u00e1nc\u00e9 lesz a f\u0151szerep: salsa-, rock and roll- \u00e9s n\u00e9pt\u00e1ncbemutat\u00f3kat l\u00e1that a k\u00f6z\u00f6ns\u00e9g, de a t\u00e1nctan\u00edt\u00e1s sem marad el. S\u00f6t\u00e9ted\u00e9s ut\u00e1n pedig a Belv\u00e1rosi mozi tart filmvet\u00edt\u00e9seket a rakparton, a Sose halunk meg \u00e9s a Macskafog\u00f3 ker\u00fcl majd ter\u00edt\u00e9kre.<\/span><\/p>\n<p><span style=\"font-weight: 400;\">A k\u00f6vetkez\u0151 h\u00e9tv\u00e9g\u00e9n a Szegedi Sport \u00e9s F\u00fcrd\u0151k a k\u00fcl\u00f6nb\u00f6z\u0151 sport\u00e1gakat bemutat\u00f3 rendezv\u00e9ny\u00e9nek ad helyet a rakpart, j\u00falius v\u00e9g\u00e9n a Szent-Gy\u00f6rgyi Albert Ag\u00f3ra, a Somogyi-k\u00f6nyvt\u00e1r, a M\u00f3ra Ferenc M\u00fazeum \u00e9s a K\u00f6v\u00e9r B\u00e9la B\u00e1bsz\u00ednh\u00e1z lesz az ifj\u00fas\u00e1gi \u00e9s kultur\u00e1lis programok h\u00e1zigazd\u00e1ja.<\/span><\/p>\n<p><span style=\"font-weight: 400;\">Augusztus els\u0151 h\u00e9tv\u00e9g\u00e9j\u00e9n a Szegedi Szabadt\u00e9ri J\u00e1t\u00e9kok \u00e9s a Szegedi Szimfonikus Zenekar m\u0171sorain vehetnek r\u00e9szt az \u00e9rdekl\u0151d\u0151k, majd z\u00f6ld szeml\u00e9letform\u00e1l\u00f3 rendezv\u00e9nnyel v\u00e1rj\u00e1k a l\u00e1togat\u00f3kat, a fesztiv\u00e1l z\u00e1r\u00e1sak\u00e9nt pedig a Szegedi Nemzeti Sz\u00ednh\u00e1z m\u0171v\u00e9szei sz\u00f3rakoztatj\u00e1k a k\u00f6z\u00f6ns\u00e9get.<\/span><\/p>\n<ul>\n<li><span style=\"font-weight: 400;\">J\u00falius 11-12: Belv\u00e1rosi Mozi \u00e9s az IH programjai<\/span><\/li>\n<li><span style=\"font-weight: 400;\">J\u00falius 18-19: Szegedi Sport \u00e9s F\u00fcrd\u0151k Kft. programjai<\/span><\/li>\n<li><span style=\"font-weight: 400;\">J\u00falius 25-26: Ifj\u00fas\u00e1gi \u00e9s kultur\u00e1lis programok az Ag\u00f3ra, a Somogyi-k\u00f6nyvt\u00e1r, a M\u00f3ra Ferenc M\u00fazeum \u00e9s a K\u00f6v\u00e9r B\u00e9la B\u00e1bsz\u00ednh\u00e1z gondoz\u00e1s\u00e1ban<\/span><\/li>\n<li><span style=\"font-weight: 400;\">Augusztus 1-2: Szegedi Szimfonikus Zenekar \u00e9s a Szegedi Szabadt\u00e9ri J\u00e1t\u00e9kok szervezi<\/span><\/li>\n<li><span style=\"font-weight: 400;\">Augusztus 8-9: Szegedi K\u00f6rnyezetgazd\u00e1lkod\u00e1si Nonprofit Kft., a Szegedi T\u00e1vf\u0171t\u0151 Kft. \u00e9s a Szegedi Hullad\u00e9kgazd\u00e1lkod\u00e1si Nonprofit Kft. k\u00f6rnyezettudatos programjai<\/span><\/li>\n<li><span style=\"font-weight: 400;\">Augusztus 15-16:Szegedi Nemzeti Sz\u00ednh\u00e1z programjai<\/span><\/li>\n<\/ul>\n<p>(via MTI)<\/p>","protected":false},"excerpt":{"rendered":"<p>Augusztus v\u00e9g\u00e9ig minden h\u00e9tv\u00e9g\u00e9n ingyenes programok v\u00e1rj\u00e1k a szegedieket a Husz\u00e1r M\u00e1ty\u00e1s rakparton &#8211; k\u00f6z\u00f6lte Mih\u00e1lik Edvin Z\u00f6ld v\u00e1ros program\u00e9rt felel\u0151s tan\u00e1csnok cs\u00fct\u00f6rt\u00f6k\u00f6n.<\/p>","protected":false},"author":7,"featured_media":0,"comment_status":"closed","ping_status":"closed","sticky":false,"template":"","format":"standard","meta":{"_seopress_robots_primary_cat":"none"},"categories":[4],"tags":[2961,648,231],"acf":[],"amp_enabled":true,"_links":{"self":[{"href":"https:\/\/szegederarchivum.hu\/en\/wp-json\/wp\/v2\/posts\/39460"}],"collection":[{"href":"https:\/\/szegederarchivum.hu\/en\/wp-json\/wp\/v2\/posts"}],"about":[{"href":"https:\/\/szegederarchivum.hu\/en\/wp-json\/wp\/v2\/types\/post"}],"author":[{"embeddable":true,"href":"https:\/\/szegederarchivum.hu\/en\/wp-json\/wp\/v2\/users\/7"}],"replies":[{"embeddable":true,"href":"https:\/\/szegederarchivum.hu\/en\/wp-json\/wp\/v2\/comments?post=39460"}],"version-history":[{"count":5,"href":"https:\/\/szegederarchivum.hu\/en\/wp-json\/wp\/v2\/posts\/39460\/revisions"}],"predecessor-version":[{"id":39467,"href":"https:\/\/szegederarchivum.hu\/en\/wp-json\/wp\/v2\/posts\/39460\/revisions\/39467"}],"wp:attachment":[{"href":"https:\/\/szegederarchivum.hu\/en\/wp-json\/wp\/v2\/media?parent=39460"}],"wp:term":[{"taxonomy":"category","embeddable":true,"href":"https:\/\/szegederarchivum.hu\/en\/wp-json\/wp\/v2\/categories?post=39460"},{"taxonomy":"post_tag","embeddable":true,"href":"https:\/\/szegederarchivum.hu\/en\/wp-json\/wp\/v2\/tags?post=39460"}],"curies":[{"name":"wp","href":"https:\/\/api.w.org\/{rel}","templated":true}]}}