{"id":40485,"date":"2020-07-29T16:13:34","date_gmt":"2020-07-29T14:13:34","guid":{"rendered":"https:\/\/szegederarchivum.hu\/?p=40485"},"modified":"2020-07-29T16:14:13","modified_gmt":"2020-07-29T14:14:13","slug":"a-szegedi-fidesz-is-dobbent-egyet","status":"publish","type":"post","link":"https:\/\/szegederarchivum.hu\/en\/a-szegedi-fidesz-is-dobbent-egyet\/","title":{"rendered":"A szegedi Fidesz is d\u00f6bbent egyet"},"content":{"rendered":"<p><strong>Az \u00f6nkorm\u00e1nyzat tegnap este \u00edrta, hogy megd\u00f6bbentek, ami\u00e9rt \u00e1ll\u00edt\u00f3lag<a href=\"https:\/\/szegederarchivum.hu\/origo-orizetbe-vettek-joob-martont\/\" target=\"_blank\" rel=\"noopener noreferrer\"> Jo\u00f3b M\u00e1rtont letart\u00f3ztatta a NAV<\/a>. Most a szegedi Fidesz is megd\u00f6bbent. K\u00f6zlem\u00e9ny\u00fck al\u00e1bb olvashat\u00f3.<\/strong><\/p>\n<p>\u201eA Szegedi Fidesz d\u00f6bbenten \u00e9rtes\u00fclt arr\u00f3l, hogy tegnap \u00c1FA-csal\u00e1s gyan\u00faj\u00e1val \u0151rizetbe vette a Nemzeti Ad\u00f3- \u00e9s V\u00e1mhivatal (NAV) Jo\u00f3b M\u00e1rtont, Botka L\u00e1szl\u00f3 bizalmas\u00e1t, a szegedi \u00f6nkorm\u00e1nyzat csal\u00e1d-, szoci\u00e1lpolitikai \u00e9s sport\u00e9rt felel\u0151s tan\u00e1csnok\u00e1t, MSZP-s \u00f6nkorm\u00e1nyzati k\u00e9pvisel\u0151t.<\/p>\n<p>Sajt\u00f3\u00e9rtes\u00fcl\u00e9sek szerint hosszabb nyomoz\u00e1s eredm\u00e9nyek\u00e9nt t\u00f6bb sz\u00e1zmilli\u00f3s \u00c1FA-csal\u00e1s gyan\u00faj\u00e1val \u0151rizetbe vette a NAV Jo\u00f3b M\u00e1rton MSZP-s \u00f6nkorm\u00e1nyzati k\u00e9pvisel\u0151t. Ha a hat\u00f3s\u00e1g \u00e1ltal megfogalmazott v\u00e1dak beigazol\u00f3dnak, \u00fagy Botka L\u00e1szl\u00f3 bizalmas\u00e1nak nincs keresnival\u00f3ja a szegedi k\u00f6z\u00e9letben.\u201d<\/p>\n<p>Ha \u00d6n is megd\u00f6bbent, \u00edrja meg nek\u00fcnk a hello@szegederarchivum.hu-ra!<\/p>","protected":false},"excerpt":{"rendered":"<p>Az \u00f6nkorm\u00e1nyzat tegnap este \u00edrta, hogy megd\u00f6bbentek, ami\u00e9rt \u00e1ll\u00edt\u00f3lag Jo\u00f3b M\u00e1rtont letart\u00f3ztatta a NAV. Most a szegedi Fidesz is megd\u00f6bbent.<\/p>","protected":false},"author":1,"featured_media":0,"comment_status":"closed","ping_status":"closed","sticky":false,"template":"","format":"standard","meta":{"_seopress_robots_primary_cat":"none"},"categories":[4],"tags":[819,2275,4196],"acf":[],"amp_enabled":true,"_links":{"self":[{"href":"https:\/\/szegederarchivum.hu\/en\/wp-json\/wp\/v2\/posts\/40485"}],"collection":[{"href":"https:\/\/szegederarchivum.hu\/en\/wp-json\/wp\/v2\/posts"}],"about":[{"href":"https:\/\/szegederarchivum.hu\/en\/wp-json\/wp\/v2\/types\/post"}],"author":[{"embeddable":true,"href":"https:\/\/szegederarchivum.hu\/en\/wp-json\/wp\/v2\/users\/1"}],"replies":[{"embeddable":true,"href":"https:\/\/szegederarchivum.hu\/en\/wp-json\/wp\/v2\/comments?post=40485"}],"version-history":[{"count":2,"href":"https:\/\/szegederarchivum.hu\/en\/wp-json\/wp\/v2\/posts\/40485\/revisions"}],"predecessor-version":[{"id":40489,"href":"https:\/\/szegederarchivum.hu\/en\/wp-json\/wp\/v2\/posts\/40485\/revisions\/40489"}],"wp:attachment":[{"href":"https:\/\/szegederarchivum.hu\/en\/wp-json\/wp\/v2\/media?parent=40485"}],"wp:term":[{"taxonomy":"category","embeddable":true,"href":"https:\/\/szegederarchivum.hu\/en\/wp-json\/wp\/v2\/categories?post=40485"},{"taxonomy":"post_tag","embeddable":true,"href":"https:\/\/szegederarchivum.hu\/en\/wp-json\/wp\/v2\/tags?post=40485"}],"curies":[{"name":"wp","href":"https:\/\/api.w.org\/{rel}","templated":true}]}}