{"id":4090,"date":"2019-01-13T21:43:37","date_gmt":"2019-01-13T20:43:37","guid":{"rendered":"https:\/\/szegederarchivum.hu\/?p=4090"},"modified":"2019-08-26T10:51:41","modified_gmt":"2019-08-26T08:51:41","slug":"ez-nem-az-a-szeged-amit-mi-ismerunk","status":"publish","type":"post","link":"https:\/\/szegederarchivum.hu\/en\/ez-nem-az-a-szeged-amit-mi-ismerunk\/","title":{"rendered":"Ez nem az a Szeged, amit mi ismer\u00fcnk"},"content":{"rendered":"<!-- Error, Advert is not available at this time due to schedule\/geolocation restrictions! -->\n<p>Szeged, 1940-es \u00e9vek m\u00e1sodik fele. A h\u00e1bor\u00fa m\u00e9g \u00e9rezteti hat\u00e1s\u00e1t, a k\u00f6zhangulat fesz\u00fclt, az emberek f\u00e9lnek. Ak\u00e1r ez is lehetne az oka annak, hogy a most k\u00f6vetkez\u0151 felv\u00e9teleken szinte az \u00f6sszes forgalmas helysz\u00edn \u00fagy kong az \u00fcress\u00e9gt\u0151l f\u00e9nyes nappal, mintha \u00e9ppen a l\u00e9g\u00f3 szir\u00e9na sz\u00f3lna. De a val\u00f3di ok az, hogy a\u00a0V\u00e1ros\u00e9p\u00edt\u00e9si Tudom\u00e1nyos \u00e9s Tervez\u0151 Int\u00e9zet munkat\u00e1rsa sz\u00e1nd\u00e9kosan v\u00e1rta meg, hogy ki\u00fcr\u00fclj\u00f6n a f\u00e9nyk\u00e9pez\u0151g\u00e9p l\u00e1t\u00f3tere, \u00e9s \u00edgy tiszt\u00e1bb k\u00e9pet kaphassunk a v\u00e1ros \u00e1llapot\u00e1r\u00f3l. De nem a h\u00e1bor\u00fas k\u00e1rokat m\u00e9rt\u00e9k fel &#8211; azon m\u00e1r t\u00fal voltak ekkorra -, hanem egy esetleges k\u00e9s\u0151bbi v\u00e1rosrehabilit\u00e1ci\u00f3hoz k\u00e9sz\u00fcltek dokument\u00e1ci\u00f3s jelleg\u0171 felv\u00e9telek.<\/p>\n<p><!--more--><\/p>\n<p>A Szegeder \u00faj, hetente jelentkez\u0151 virtu\u00e1lis t\u00e1rlat\u00e1t, a\u00a0F\u00e9nyk\u00e9pek megs\u00e1rgult pap\u00edrdobozokb\u00f3l m\u00e1sodik r\u00e9sz\u00e9t olvass\u00e1tok. Ma tesz\u00fcnk egy nagy s\u00e9t\u00e1t a Belv\u00e1rosban (\u00e9rdemes figyelni mif\u00e9le-fajta boltok voltak ekkoriban), \u00e9s ell\u00e1togatunk a r\u00e9gi zsinag\u00f3ga fel\u00e9 is.<\/p>\n<!-- Error, Advert is not available at this time due to schedule\/geolocation restrictions! -->\n<p>&nbsp;<\/p>\n<figure style=\"width: 2741px\" class=\"wp-caption alignnone\"><img decoding=\"async\" loading=\"lazy\" src=\"http:\/\/fototar.lechnerkozpont.hu\/sites\/default\/files\/kepek\/ltk_vati_mv_75_70.jpg\" alt=\"\" width=\"2741\" height=\"2067\" \/><figcaption class=\"wp-caption-text\">A Klauz\u00e1l t\u00e9ren nem sok minden v\u00e1ltozott az\u00f3ta sem, egyed\u00fcl a baloldali Lengyel h\u00e1z lett szeg\u00e9nyebb k\u00e9t kupol\u00e1val, illetve az \u00fczletek t\u0171ntek el teljesen. Vagyis m\u00e9gsem: b\u00e1r a D\u00e9lmagyarorsz\u00e1g, r\u00e1di\u00f3, valamint cs\u0151 \u00e9s szerelv\u00e9ny \u00fczlet m\u00e1r nincs a t\u00e9ren, f\u00e9nyk\u00e9p\u00e9sz m\u00e9g mindig m\u0171k\u00f6dik a Wagner udvarban. Fot\u00f3: V\u00c1TI \/ Lechner Fot\u00f3t\u00e1r<\/figcaption><\/figure>\n<p>&nbsp;<\/p>\n<figure style=\"width: 2659px\" class=\"wp-caption alignnone\"><img decoding=\"async\" loading=\"lazy\" src=\"http:\/\/fototar.lechnerkozpont.hu\/sites\/default\/files\/kepek\/ltk_vati_mv_75_66.jpg\" alt=\"A szegedi Kelemen utca 2. lak\u00c3\u00b3h\u00c3\u00a1za\" width=\"2659\" height=\"1770\" \/><figcaption class=\"wp-caption-text\">G\u0151zmosoda, omladoz\u00f3 Fekete h\u00e1z \u00e9s k\u00e9t sejtelmes alak az \u00fat t\u00faloldal\u00e1n. Fot\u00f3: V\u00c1TI \/ Lechner Fot\u00f3t\u00e1r<\/figcaption><\/figure>\n<p>&nbsp;<\/p>\n<figure style=\"width: 2692px\" class=\"wp-caption alignnone\"><img decoding=\"async\" loading=\"lazy\" src=\"http:\/\/fototar.lechnerkozpont.hu\/sites\/default\/files\/kepek\/ltk_vati_mv_75_67.jpg\" alt=\"A szegedi Kelemen utca 7. lak\u00c3\u00b3h\u00c3\u00a1za\" width=\"2692\" height=\"1980\" \/><figcaption class=\"wp-caption-text\">Nem sokkal m\u00e1r, de m\u00e9g az \u00e1llamos\u00edt\u00e1s el\u0151tt vagyunk. A maihoz k\u00e9pest elk\u00e9peszt\u0151en sok kis bolt \u00e9s \u00fczlet m\u0171k\u00f6d\u00f6tt m\u00e9g ekkoriban Szegeden. Csak ezen a fot\u00f3n \u00f6ssze lehet sz\u00e1molni legal\u00e1bb egy tucat c\u00e9g\u00e9rt. Fot\u00f3: V\u00c1TI \/ Lechner Fot\u00f3t\u00e1r<\/figcaption><\/figure>\n<p>&nbsp;<\/p>\n<figure style=\"width: 2704px\" class=\"wp-caption alignnone\"><img decoding=\"async\" loading=\"lazy\" src=\"http:\/\/fototar.lechnerkozpont.hu\/sites\/default\/files\/kepek\/ltk_vati_mv_75_59.jpg\" alt=\"A szegedi Horv\u00c3\u00a1th Mih\u00c3\u00a1ly utca 7. lak\u00c3\u00b3h\u00c3\u00a1za\" width=\"2704\" height=\"2028\" \/><figcaption class=\"wp-caption-text\">A Horv\u00e1th Mih\u00e1ly utc\u00e1ban sem volt hi\u00e1ny mesters\u00e9gekb\u0151l, de itt m\u0171k\u00f6d\u00f6tt a Pet\u0151fi Nyomda is. Itt m\u0171k\u00f6d\u00f6tt 1936-t\u00f3l a Szegedi Iparosok Temetkez\u00e9si Egyes\u00fclete is, akik fiatalon elhunytak csal\u00e1djainak ny\u00fajtottak seg\u00edts\u00e9get. Fot\u00f3: V\u00c1TI \/ Lechner Fot\u00f3t\u00e1r<\/figcaption><\/figure>\n<p>&nbsp;<\/p>\n<figure style=\"width: 2702px\" class=\"wp-caption alignnone\"><img decoding=\"async\" loading=\"lazy\" src=\"http:\/\/fototar.lechnerkozpont.hu\/sites\/default\/files\/kepek\/ltk_vati_mv_75_58.jpg\" alt=\"A szegedi R\u00c3\u00a9gi zsinag\u00c3\u00b3ga\" width=\"2702\" height=\"2029\" \/><figcaption class=\"wp-caption-text\">A r\u00e9gi zsinag\u00f3ga ekkor m\u00e1r 104 \u00e9ve \u00e1llt a v\u00e1rosban, \u00e9s az \u00faj is m\u00e1r 45 \u00e9ve fel\u00e9p\u00fclt. A szegedi zsid\u00f3s\u00e1g azokban a h\u00f3napokban, amikor a felv\u00e9tel is k\u00e9sz\u00fclt, m\u00e9g \u00e9pphogy l\u00e1badozott a m\u00e1sodik vil\u00e1gh\u00e1bor\u00fab\u00f3l. 1946-ban k\u00f6zel 1 500-an t\u00e9rtek vissza a v\u00e1rosba, b\u00e1r t\u00edz \u00e9vvel k\u00e9s\u0151bb m\u00e1r csak 800-an voltak. Fot\u00f3: V\u00c1TI \/ Lechner Fot\u00f3t\u00e1r<\/figcaption><\/figure>\n<p>&nbsp;<\/p>\n<figure style=\"width: 2665px\" class=\"wp-caption alignnone\"><img decoding=\"async\" loading=\"lazy\" src=\"http:\/\/fototar.lechnerkozpont.hu\/sites\/default\/files\/kepek\/ltk_vati_mv_75_48.jpg\" alt=\"A szegedi D\u00c3\u00b3zsa utca 2-10. \u00c3\u00a9p\u00c3\u00bcletei\" width=\"2665\" height=\"2059\" \/><figcaption class=\"wp-caption-text\">K\u00e9zen fogva s\u00e9t\u00e1l k\u00e9t l\u00e1ny Gr\u00fcnwald Herman k\u00f6nyvkeresked\u00e9se fel\u00e9 a k\u00f6vezett Stef\u00e1ni\u00e1n. Fot\u00f3: V\u00c1TI \/ Lechner Fot\u00f3t\u00e1r<\/figcaption><\/figure>\n<p>&nbsp;<\/p>\n<figure style=\"width: 2754px\" class=\"wp-caption alignnone\"><img decoding=\"async\" loading=\"lazy\" src=\"http:\/\/fototar.lechnerkozpont.hu\/sites\/default\/files\/kepek\/ltk_vati_mv_75_38.jpg\" alt=\"A szegedi D\u00c3\u00a1ni-h\u00c3\u00a1z\" width=\"2754\" height=\"2017\" \/><figcaption class=\"wp-caption-text\">A D\u00e1ni utca \u00e9s a K\u00e1lv\u00e1ria sug\u00e1r\u00fat sarka, el\u0151l a 3-as villamos v\u00e1g\u00e1nyaival. P\u00e1r \u00e9vvel k\u00e9s\u0151bb m\u00e1r Dorozsm\u00e1ra is j\u00e1rt villamos itt. Fot\u00f3: V\u00c1TI \/ Lechner Fot\u00f3t\u00e1r<\/figcaption><\/figure>\n<p>&nbsp;<\/p>\n<figure style=\"width: 2798px\" class=\"wp-caption alignnone\"><img decoding=\"async\" loading=\"lazy\" src=\"http:\/\/fototar.lechnerkozpont.hu\/sites\/default\/files\/kepek\/ltk_vati_mv_75_37.jpg\" alt=\"A szegedi \u00c3\u0081rp\u00c3\u00a1d t\u00c3\u00a9r 3. \u00c3\u00a9s 4-5. sz\u00c3\u00a1m\u00c3\u00ba lak\u00c3\u00b3h\u00c3\u00a1zak\" width=\"2798\" height=\"2041\" \/><figcaption class=\"wp-caption-text\">Ez a k\u00e9p nem csak hangulata, de megism\u00e9telhetetlens\u00e9ge miatt is k\u00fcl\u00f6nleges, ugyanis p\u00e1r \u00e9vtizeddel k\u00e9s\u0151bb itt \u00e9p\u00fclt fel a nagy\u00e1ruh\u00e1z. Ma ezen a fot\u00f3n k\u00f6r\u00fclbel\u00fcl az \u00c1rp\u00e1d t\u00e9ri nagy l\u00e9pcs\u0151sort l\u00e1tn\u00e1nk. Fot\u00f3: V\u00c1TI \/ Lechner Fot\u00f3t\u00e1r<\/figcaption><\/figure>\n<p>&nbsp;<\/p>\n<figure style=\"width: 2704px\" class=\"wp-caption alignnone\"><img decoding=\"async\" loading=\"lazy\" src=\"http:\/\/fototar.lechnerkozpont.hu\/sites\/default\/files\/kepek\/ltk_vati_mv_75_34.jpg\" alt=\"A szegedi Aradi utca \u00c3\u00a9szaki oldala\" width=\"2704\" height=\"2014\" \/><figcaption class=\"wp-caption-text\">A Victor Hugo utca, el\u0151t\u00e9rben pedig az ekkor m\u00e9g j\u00f3csk\u00e1n a v\u00e1ros \u00fatjainak nagy r\u00e9sz\u00e9t fed\u0151 kockak\u0151. Fot\u00f3: V\u00c1TI \/ Lechner Fot\u00f3t\u00e1r<\/figcaption><\/figure>\n<p>&nbsp;<\/p>\n<p>A sorozat kor\u00e1bbi r\u00e9szei:<\/p>\n<ul>\n<li>\n<p class=\"entry-title\"><strong><a href=\"https:\/\/szegederarchivum.hu\/fenykepek-megsargult-papirdobozokbol\/\" target=\"_blank\" rel=\"noopener noreferrer\">F\u00e9nyk\u00e9pek megs\u00e1rgult pap\u00edrdobozokb\u00f3l<\/a><\/strong><\/p>\n<\/li>\n<\/ul>","protected":false},"excerpt":{"rendered":"<p>Szeged, 1940-es \u00e9vek m\u00e1sodik fele. A h\u00e1bor\u00fa m\u00e9g \u00e9rezteti hat\u00e1s\u00e1t, a k\u00f6zhangulat fesz\u00fclt, az emberek f\u00e9lnek. Ak\u00e1r ez is lehetne az oka annak, hogy a most k\u00f6vetkez\u0151 felv\u00e9teleken szinte az \u00f6sszes forgalmas helysz\u00edn \u00fagy kong az \u00fcress\u00e9gt\u0151l f\u00e9nyes nappal, mintha \u00e9ppen a l\u00e9g\u00f3 szir\u00e9na sz\u00f3lna. De a val\u00f3di ok az, hogy a\u00a0V\u00e1ros\u00e9p\u00edt\u00e9si Tudom\u00e1nyos \u00e9s Tervez\u0151 [&hellip;]<\/p>","protected":false},"author":1,"featured_media":0,"comment_status":"closed","ping_status":"closed","sticky":false,"template":"","format":"standard","meta":{"_seopress_robots_primary_cat":"none"},"categories":[981],"tags":[183,2265,15],"acf":[],"amp_enabled":true,"_links":{"self":[{"href":"https:\/\/szegederarchivum.hu\/en\/wp-json\/wp\/v2\/posts\/4090"}],"collection":[{"href":"https:\/\/szegederarchivum.hu\/en\/wp-json\/wp\/v2\/posts"}],"about":[{"href":"https:\/\/szegederarchivum.hu\/en\/wp-json\/wp\/v2\/types\/post"}],"author":[{"embeddable":true,"href":"https:\/\/szegederarchivum.hu\/en\/wp-json\/wp\/v2\/users\/1"}],"replies":[{"embeddable":true,"href":"https:\/\/szegederarchivum.hu\/en\/wp-json\/wp\/v2\/comments?post=4090"}],"version-history":[{"count":9,"href":"https:\/\/szegederarchivum.hu\/en\/wp-json\/wp\/v2\/posts\/4090\/revisions"}],"predecessor-version":[{"id":19618,"href":"https:\/\/szegederarchivum.hu\/en\/wp-json\/wp\/v2\/posts\/4090\/revisions\/19618"}],"wp:attachment":[{"href":"https:\/\/szegederarchivum.hu\/en\/wp-json\/wp\/v2\/media?parent=4090"}],"wp:term":[{"taxonomy":"category","embeddable":true,"href":"https:\/\/szegederarchivum.hu\/en\/wp-json\/wp\/v2\/categories?post=4090"},{"taxonomy":"post_tag","embeddable":true,"href":"https:\/\/szegederarchivum.hu\/en\/wp-json\/wp\/v2\/tags?post=4090"}],"curies":[{"name":"wp","href":"https:\/\/api.w.org\/{rel}","templated":true}]}}