{"id":41131,"date":"2020-08-13T09:43:37","date_gmt":"2020-08-13T07:43:37","guid":{"rendered":"https:\/\/szegederarchivum.hu\/?p=41131"},"modified":"2020-08-13T09:43:37","modified_gmt":"2020-08-13T07:43:37","slug":"bartok-csaba-elveszthetett-egy-belso-szavazast-aminek-megnyeresevel-mar-hetekkel-korabban-buszkelkedett","status":"publish","type":"post","link":"https:\/\/szegederarchivum.hu\/en\/bartok-csaba-elveszthetett-egy-belso-szavazast-aminek-megnyeresevel-mar-hetekkel-korabban-buszkelkedett\/","title":{"rendered":"Bart\u00f3k Csaba elveszthetett egy bels\u0151 szavaz\u00e1st, aminek megnyer\u00e9s\u00e9vel m\u00e1r hetekkel kor\u00e1bban b\u00fcszk\u00e9lkedett"},"content":{"rendered":"<p><strong>A politikus m\u00e9g h\u00e1rom h\u00e9ttel ezel\u0151tt mondta azt egy interj\u00faban, hogy megv\u00e1lasztott\u00e1k v\u00e1laszt\u00f3ker\u00fcleti eln\u00f6knek, holott inform\u00e1ci\u00f3ink szerint err\u0151l csak most kedden volt szavaz\u00e1s, amit \u00fagy tudunk, hogy elbukott. Bart\u00f3k megkeres\u00e9s\u00fcnkre azt mondta, nem szeretn\u00e9 komment\u00e1lni a dolgot.<\/strong><\/p>\n<p>J\u00falius 22-\u00e9n a Szegeder is <a href=\"https:\/\/szegederarchivum.hu\/botka-laszlo-becsukta-az-ablakokat-es-behuzta-a-sotetitot-is-hogy-ne-lehessen-latni-a-kulvilagot-o-meseli-el-a-szegedieknek-hogy-mi-van-odakint\/\" target=\"_blank\" rel=\"noopener noreferrer\">szeml\u00e9zte<\/a> azt az interj\u00fat, amit Bart\u00f3k Csaba helyi Fidesz-eln\u00f6k adott a <a href=\"https:\/\/szegedma.hu\/2020\/07\/bartok-csaba-aki-nem-latta-a-tengert-nem-is-vagyik-ra\" target=\"_blank\" rel=\"noopener noreferrer\">SzegedM\u00e1nak<\/a>. \u00c1tlagos besz\u00e9lget\u00e9s volt, Kapit\u00e1ny Gergely f\u0151szerkeszt\u0151 jegyezte. Sz\u00f3 volt benne a helyi v\u00e1rosvezet\u00e9sr\u0151l is, aminek kapcs\u00e1n Bart\u00f3k egyfajta mes\u00e9l\u0151k\u00e9nt besz\u00e9lt Botka L\u00e1szl\u00f3r\u00f3l, aki szerinte \u201ebecsukta az ablakokat \u00e9s beh\u00fazta a s\u00f6t\u00e9t\u00edt\u0151t is, hogy ne lehessen l\u00e1tni a k\u00fclvil\u00e1got\u201d, \u00e9s hogy \u0151 mes\u00e9li el a szegedieknek, hogy mi van odakint.<\/p>\n<p>Most \u00fagy t\u0171nik, hogy valami eg\u00e9szen hasonl\u00f3 m\u00f3dszerrel k\u00e9sz\u00fclt Bart\u00f3k interj\u00faja is. A kor\u00e1bbi sportol\u00f3r\u00f3l ugyanis azt \u00edrj\u00e1k benne, hogy \u0151t szem\u00e9lyesen Orb\u00e1n Viktor nevezte ki v\u00e1laszt\u00f3ker\u00fcleti eln\u00f6knek. Aki nem tudn\u00e1, hogy mi ez, az r\u00f6gt\u00f6n az els\u0151 k\u00e9rd\u00e9sre adott v\u00e1laszb\u00f3l okulhatott: \u201eAz iskolapadban a negyedik sorban \u00fcl a v\u00e1laszt\u00f3ker\u00fcleti eln\u00f6k. El\u0151tte \u00fcl a r\u00e9gi\u00f3s-, majd a p\u00e1rtigazgat\u00f3, \u00e9s legel\u00f6l term\u00e9szetesen az eln\u00f6k, vagyis Orb\u00e1n Viktor. A Fidesz egy nagyon j\u00f3l szervezett p\u00e1rt, mindenkinek megvan a pontos \u00e9s sz\u00e1mon k\u00e9rhet\u0151 feladata \u00e9s felel\u0151ss\u00e9ge. Ezt a rendszert azonban m\u0171k\u00f6dtetni is tudni kell, ebben seg\u00edtenek helyi szinteken a VK-eln\u00f6k\u00f6k a szervezet szempontj\u00e1b\u00f3l.\u201d<\/p>\n<p>A v\u00e1laszt\u00f3ker\u00fcleti eln\u00f6k \u00fcl a v\u00e1laszt\u00f3ker\u00fcleti tan\u00e1cs \u00e9l\u00e9n, mely a Fidesz <a href=\"http:\/\/static.fidesz.hu\/newsite\/documents-file\/lya\/1531209666-fidesz-magyar-polgari-szovetseg-alapszabalya.pdf\" target=\"_blank\" rel=\"noopener noreferrer\">szab\u00e1lyzata<\/a> szerint a v\u00e1laszt\u00f3ker\u00fcletben m\u0171k\u00f6d\u0151 helyi szervezetek eln\u00f6keib\u0151l, a sz\u00f6vets\u00e9g tagjai sor\u00e1b\u00f3l kiker\u00fcl\u0151 &#8211; a v\u00e1laszt\u00f3ker\u00fcletben megv\u00e1lasztott &#8211; polg\u00e1rmesterekb\u0151l, ezek hi\u00e1ny\u00e1ban alpolg\u00e1rmesterekb\u0151l, ezek hi\u00e1ny\u00e1ban a Sz\u00f6vets\u00e9g \u00f6nkorm\u00e1nyzati k\u00e9pvisel\u0151csoportj\u00e1nak vezet\u0151ib\u0151l, a v\u00e1laszt\u00f3ker\u00fcletekben mand\u00e1tumot szerzett, illetve itt tags\u00e1gi viszonyban l\u00e9v\u0151 orsz\u00e1ggy\u0171l\u00e9si k\u00e9pvisel\u0151kb\u0151l, a v\u00e1laszt\u00f3ker\u00fcletben helyi szervezettel rendelkez\u0151 t\u00e1rsszervezetek egy-egy k\u00fcld\u00f6ttj\u00e9b\u0151l, a v\u00e1rosr\u00e9szi csoportok vezet\u0151ib\u0151l, valamint a v\u00e1laszt\u00f3ker\u00fcleti eln\u00f6kb\u0151l \u00e1ll\u00f3 egyeztet\u0151 test\u00fclet. Eln\u00f6k\u00e9t a v\u00e1laszt\u00f3ker\u00fcleti tan\u00e1cs tagjainak javaslata alapj\u00e1n a Sz\u00f6vets\u00e9g Eln\u00f6ke, azaz Orb\u00e1n Viktor nevezi ki. Amennyiben az eln\u00f6k nem fogadja el a javaslatot, a tan\u00e1cs tagjai t\u00edz napon bel\u00fcl \u00faj javaslatot tehetnek. Ism\u00e9telt elutas\u00edt\u00e1s ut\u00e1n az Orsz\u00e1gos Eln\u00f6ks\u00e9g d\u00f6nt. A v\u00e1laszt\u00f3ker\u00fcleti eln\u00f6k megb\u00edzat\u00e1sa hat\u00e1rozott id\u0151tartamra, illetve kinevez\u00e9s\u00e9nek visszavon\u00e1s\u00e1ig tart.<\/p>\n<p>\u00c9s hogy mivel foglalkozik ennek eln\u00f6ke? A szab\u00e1lyzatban le\u00edrtak alapj\u00e1n \u0151 szervezi a v\u00e1laszt\u00f3ker\u00fcleti szervezet, illetve tan\u00e1cs munk\u00e1j\u00e1t; el\u0151k\u00e9sz\u00edti \u00e9s \u00f6sszeh\u00edvja a v\u00e1laszt\u00f3ker\u00fcleti szervezet k\u00f6zgy\u0171l\u00e9s\u00e9t, illetve a tan\u00e1cs \u00fcl\u00e9s\u00e9t, gondoskodik azok lebonyol\u00edt\u00e1s\u00e1r\u00f3l; gondoskodik a Sz\u00f6vets\u00e9g Eln\u00f6ke, az Orsz\u00e1gos Eln\u00f6ks\u00e9g, az Orsz\u00e1gos V\u00e1lasztm\u00e1ny, illetve annak Eln\u00f6ks\u00e9ge, valamint az orsz\u00e1gos kamp\u00e1nyf\u0151n\u00f6k helyi szervezetekre vonatkoz\u00f3 d\u00f6nt\u00e9seinek v\u00e9grehajt\u00e1s\u00e1r\u00f3l; gondoskodik a szervezet\u00e9p\u00edt\u00e9s feladatainak v\u00e9grehajt\u00e1s\u00e1r\u00f3l; felel a helyi szervezetek t\u00f6rv\u00e9nyes \u00e9s alapszab\u00e1lyszer\u0171 m\u0171k\u00f6d\u00e9s\u00e9\u00e9rt; gondoskodik a feloszlatott helyi szervezet \u00fajj\u00e1szervez\u00e9s\u00e9r\u0151l; tov\u00e1bb\u00e1 az alapszab\u00e1lyban meghat\u00e1rozott felt\u00e9telek mellett r\u00e9szt vesz az \u00f6nkorm\u00e1nyzati \u00e9s az orsz\u00e1ggy\u0171l\u00e9si v\u00e1laszt\u00e1sokon a sz\u00f6vets\u00e9g \u00e1ltal elind\u00edtand\u00f3 k\u00e9pvisel\u0151jel\u00f6ltek kiv\u00e1laszt\u00e1s\u00e1ban.<\/p>\n<p>A Szegeder inform\u00e1ci\u00f3i szerint ugyanakkor sz\u00f3 sem volt arr\u00f3l, hogy Orb\u00e1n Viktor kinevezte volna Bart\u00f3kot. Err\u0151l ugye el\u0151sz\u00f6r helyi szinten tartanak egy szavaz\u00e1st, aminek eredm\u00e9ny\u00e9t terjesztik fel a minisztereln\u00f6k el\u00e9 j\u00f3v\u00e1hagy\u00e1sra. Ez a szavaz\u00e1s \u00fagy tudjuk, hogy nem h\u00e1rom h\u00e9tn\u00e9l r\u00e9gebben, hanem konkr\u00e9tan most kedden volt megtartva, \u00e9s Bart\u00f3k Csaba 5-4-re el is vesz\u00edtette.<\/p>\n<p>A szavaz\u00e1son ha minden igaz, jelen volt az a Ker\u00e9nyi J\u00e1nos is, akinek c\u00e9gei k\u00f6r\u00fcl<a href=\"https:\/\/444.hu\/2016\/04\/15\/ciprusi-belize-i-es-seychelle-i-cegek-tunnek-fel-a-fideszes-kepviselo-es-kormanybiztos-kerenyi-janos-kornyezeteben\" target=\"_blank\" rel=\"noopener noreferrer\"> offshore-gyan\u00fas tev\u00e9kenys\u00e9g<\/a> mer\u00fclt fel m\u00e9g 2016-ban, \u00e9s aki ezzel kapcsolatban <a href=\"https:\/\/444.hu\/2016\/04\/18\/az-offshore-hoz-kotheto-fideszes-kepviselo-szerint-az-ujsagirok-is-a-koltsegvetesbol-kapjak-a-fizetesuket-ezert-tobb-tiszteletet-tanusithatnanak-az-offshore-gyanuba-sodort-vallalkozasok-fele\" target=\"_blank\" rel=\"noopener noreferrer\">meglehet\u0151sen \u00e9rdekes nyilatkozatokat<\/a> is tett. Ker\u00e9nyi orsz\u00e1ggy\u0171l\u00e9si k\u00e9pvisel\u0151, mindemellett pedig a Fidesz d\u00e9l-alf\u00f6ldi region\u00e1lis-p\u00e1rtigazgat\u00f3ja, teh\u00e1t \u0151 az, aki \u201eaz iskolapadban\u201d a harmadik sorban \u00fcl.<\/p>\n<p>\u00c9s hogy ki nyerte akkor a szavaz\u00e1st? \u00c9rtes\u00fcl\u00e9seink szerint az 1962-ben Szegeden sz\u00fcletett Bod\u00f3 Imre, aki 2007-t\u0151l 2014-ig orsz\u00e1ggy\u0171l\u00e9si k\u00e9pvisel\u0151, 1998-t\u00f3l 2014-ig pedig Tiszasziget polg\u00e1rmestere volt. Bod\u00f3 neve sokaknak csenghet ismer\u0151sen, a politikus ugyanis kor\u00e1bban m\u00e1r volt v\u00e1laszt\u00f3ker\u00fcleti eln\u00f6k is, amely posztj\u00e1t\u00f3l 2007 m\u00e1rcius\u00e1ban <a href=\"https:\/\/index.hu\/belfold\/ketvkelnok03\/\" target=\"_blank\" rel=\"noopener noreferrer\">t\u00e1vozott<\/a>, amikor \u00f6t KDNP-s, nemzeti f\u00f3rumos \u00e9s magoszos politikussal k\u00fcl\u00f6n frakci\u00f3t alap\u00edtott.<\/p>\n<figure style=\"width: 604px\" class=\"wp-caption aligncenter\"><img decoding=\"async\" loading=\"lazy\" src=\"https:\/\/live.staticflickr.com\/65535\/50220112522_1890bb1213_o.jpg\" alt=\"\" width=\"604\" height=\"453\" \/><figcaption class=\"wp-caption-text\">Bod\u00f3 Imre kamp\u00e1nyol 2010-ben. Fot\u00f3: Bod\u00f3 Imre \/ Facebook<\/figcaption><\/figure>\n<p>K\u00e9s\u0151bb, 2009-ben azzal ker\u00fclt neve <a href=\"https:\/\/index.hu\/belfold\/2009\/06\/24\/pucckiserlet_a_szegedi_fideszben\/\" target=\"_blank\" rel=\"noopener noreferrer\">az orsz\u00e1gos sajt\u00f3ba<\/a>, hogy az \u0151 csapat\u00e1val pr\u00f3b\u00e1lt\u00e1k megpuccsolni a helyi Fideszt. Az Index akkori inform\u00e1ci\u00f3i szerint p\u00e1r nappal a tiszt\u00faj\u00edt\u00e1s el\u0151tt 119 \u00faj tagot &#8211; els\u0151sorban egykori aktivist\u00e1kat &#8211; regisztr\u00e1ltak a szegedi Fideszbe. Ezek a lap helyi forr\u00e1sai szerint Bod\u00f3 csapat\u00e1b\u00f3l val\u00f3k voltak, amire utal az is, hogy a tiszt\u00faj\u00edt\u00e1son valamennyien Bod\u00f3t t\u00e1mogatt\u00e1k. Bod\u00f3 egy\u00e9bk\u00e9nt az\u00e9rt volt csak 2014-ig Tiszasziget vezet\u0151je, mert \u00f6sszef\u00e9rhetetlens\u00e9g miatt lemondott posztj\u00e1r\u00f3l, amikor a Szegedi J\u00e1r\u00e1si Hivatal \u00e9l\u00e9re nevezt\u00e9k ki. Err\u0151l a c\u00edmr\u0151l 2015-ben <a href=\"https:\/\/index.hu\/belfold\/2015\/06\/16\/lazar_kirugta_a_szegedi_jarasi_hivatal_vezetojet\/\" target=\"_blank\" rel=\"noopener noreferrer\">vonta vissza<\/a> L\u00e1z\u00e1r J\u00e1nos.<\/p>\n<p>A l\u00e9nyeg teh\u00e1t az, hogy amikor megjelent h\u00e1rom hete a fent eml\u00edtett interj\u00fa, m\u00e9g sz\u00f3 sem lehetett arr\u00f3l, hogy Bart\u00f3k v\u00e1laszt\u00f3ker\u00fcleti eln\u00f6k lett. J\u00f3 es\u00e9ly van arra, hogy ezzel a l\u00e9p\u00e9ssel akarta bebiztos\u00edtani, hogy \u0151t v\u00e1lassz\u00e1k meg, hiszen hogyan is n\u00e9zne m\u00e1r ki az, hogy megjelenik a sajt\u00f3ban, mint \u00faj eln\u00f6k, majd kider\u00fcl, hogy nemcsak, hogy nem lett m\u00e9g eln\u00f6k, de egy\u00e1ltal\u00e1n nem \u0151t v\u00e1lasztott\u00e1k.<\/p>\n<p>Telefonon besz\u00e9lt\u00fcnk Bart\u00f3k Csab\u00e1val, a politikus azonban nem szerette volna komment\u00e1lni felvet\u00e9seinket, \u00edgy azt sem er\u0151s\u00edtette meg, hogy val\u00f3ban ez t\u00f6rt\u00e9nt-e. Kerest\u00fck Bod\u00f3t is, \u0151 egyel\u0151re nem v\u00e1laszolt.<\/p>\n<p>&nbsp;<\/p>\n<p><em>Nyit\u00f3k\u00e9p: Bart\u00f3k Csaba 2018-ban. Fot\u00f3: Rosta Tibor \/ MTI<\/em><\/p>","protected":false},"excerpt":{"rendered":"<p>A politikus m\u00e9g h\u00e1rom h\u00e9ttel ezel\u0151tt mondta azt egy interj\u00faban, hogy megv\u00e1lasztott\u00e1k v\u00e1laszt\u00f3ker\u00fcleti eln\u00f6knek, holott inform\u00e1ci\u00f3ink szerint err\u0151l csak most kedden volt szavaz\u00e1s, amit \u00fagy tudunk, hogy elbukott. Bart\u00f3k megkeres\u00e9s\u00fcnkre azt mondta, nem szeretn\u00e9 komment\u00e1lni a dolgot.<\/p>","protected":false},"author":1,"featured_media":41141,"comment_status":"closed","ping_status":"closed","sticky":false,"template":"","format":"standard","meta":{"_seopress_robots_primary_cat":"none"},"categories":[4],"tags":[1822,4242,819,941],"acf":[],"amp_enabled":true,"_links":{"self":[{"href":"https:\/\/szegederarchivum.hu\/en\/wp-json\/wp\/v2\/posts\/41131"}],"collection":[{"href":"https:\/\/szegederarchivum.hu\/en\/wp-json\/wp\/v2\/posts"}],"about":[{"href":"https:\/\/szegederarchivum.hu\/en\/wp-json\/wp\/v2\/types\/post"}],"author":[{"embeddable":true,"href":"https:\/\/szegederarchivum.hu\/en\/wp-json\/wp\/v2\/users\/1"}],"replies":[{"embeddable":true,"href":"https:\/\/szegederarchivum.hu\/en\/wp-json\/wp\/v2\/comments?post=41131"}],"version-history":[{"count":14,"href":"https:\/\/szegederarchivum.hu\/en\/wp-json\/wp\/v2\/posts\/41131\/revisions"}],"predecessor-version":[{"id":41156,"href":"https:\/\/szegederarchivum.hu\/en\/wp-json\/wp\/v2\/posts\/41131\/revisions\/41156"}],"wp:featuredmedia":[{"embeddable":true,"href":"https:\/\/szegederarchivum.hu\/en\/wp-json\/wp\/v2\/media\/41141"}],"wp:attachment":[{"href":"https:\/\/szegederarchivum.hu\/en\/wp-json\/wp\/v2\/media?parent=41131"}],"wp:term":[{"taxonomy":"category","embeddable":true,"href":"https:\/\/szegederarchivum.hu\/en\/wp-json\/wp\/v2\/categories?post=41131"},{"taxonomy":"post_tag","embeddable":true,"href":"https:\/\/szegederarchivum.hu\/en\/wp-json\/wp\/v2\/tags?post=41131"}],"curies":[{"name":"wp","href":"https:\/\/api.w.org\/{rel}","templated":true}]}}