{"id":41196,"date":"2020-08-13T14:07:10","date_gmt":"2020-08-13T12:07:10","guid":{"rendered":"https:\/\/szegederarchivum.hu\/?p=41196"},"modified":"2020-08-13T14:09:40","modified_gmt":"2020-08-13T12:09:40","slug":"24-hu-heteken-belul-ismetlik-a-szavazast-a-szegedi-fideszben","status":"publish","type":"post","link":"https:\/\/szegederarchivum.hu\/en\/24-hu-heteken-belul-ismetlik-a-szavazast-a-szegedi-fideszben\/","title":{"rendered":"24.hu: heteken bel\u00fcl ism\u00e9tlik a szavaz\u00e1st a szegedi Fideszben"},"content":{"rendered":"<p>Cs\u00fct\u00f6rt\u00f6k\u00f6n reggel <a href=\"https:\/\/szegederarchivum.hu\/bartok-csaba-elveszthetett-egy-belso-szavazast-aminek-megnyeresevel-mar-hetekkel-korabban-buszkelkedett\/\" target=\"_blank\" rel=\"noopener noreferrer\">a Szegeder \u00edrta meg els\u0151k\u00e9nt<\/a>, hogy Bart\u00f3k Csaba 5-4-re elvesz\u00edthette azt a szavaz\u00e1st, amiben a Fidesz helyi szervezete v\u00e1laszt\u00f3ker\u00fcleti eln\u00f6k\u00f6t v\u00e1lasztott, akit j\u00f3v\u00e1hagy\u00e1sra Orb\u00e1n Viktorhoz terjesztenek majd fel. A szavaz\u00e1son inform\u00e1ci\u00f3ink szerint az a Bod\u00f3 Imre nyert, aki 2007 \u00e9s 2014 k\u00f6z\u00f6tt m\u00e1r volt orsz\u00e1ggy\u0171l\u00e9si k\u00e9pvisel\u0151 is.<\/p>\n<p>A h\u00edrt a 24.hu is <a href=\"https:\/\/24.hu\/belfold\/2020\/08\/13\/fidesz-szeged-valasztokerulet\/\" target=\"_blank\" rel=\"noopener noreferrer\">\u00e1tvette<\/a>, \u00e9s annyival eg\u00e9sz\u00edtett\u00e9k ki, hogy inform\u00e1ci\u00f3ik szerint &#8211; ahogyan az v\u00e1rhat\u00f3 is volt &#8211; a v\u00e1laszt\u00f3ker\u00fclet-eln\u00f6ks\u00e9gi gr\u00e9miumot a k\u00f6vetkez\u0151 hetekben \u00fajra \u00f6sszeh\u00edvj\u00e1k, hogy megism\u00e9telj\u00e9k a szavaz\u00e1st. J\u00f3 es\u00e9llyel az akkori eredm\u00e9nyt terjesztik majd fel Budapestre, a Fidesz orsz\u00e1gos eln\u00f6ks\u00e9ge el\u00e9, amit ak\u00e1r helyben is hagyhatnak, ha nem el\u00e9gedettek.<\/p>\n<p>Az \u00fcgy egy\u00e9bk\u00e9nt nem volna t\u00falzottan \u00e9rdekes, Bart\u00f3k Csaba is csak annyit mondott r\u00e1, hogy nem akarja komment\u00e1lni, azonban a sportol\u00f3b\u00f3l lett politikus m\u00e1r h\u00e1rom h\u00e9ttel ezel\u0151tt k\u00e9sz t\u00e9nyk\u00e9nt besz\u00e9lt arr\u00f3l egy szegedm\u00e1s <a href=\"https:\/\/szegedma.hu\/2020\/07\/bartok-csaba-aki-nem-latta-a-tengert-nem-is-vagyik-ra\" target=\"_blank\" rel=\"noopener noreferrer\">interj\u00faban<\/a>, hogy Orb\u00e1n Viktor \u0151t nevezte ki a posztra.<\/p>","protected":false},"excerpt":{"rendered":"<p>A v\u00e1laszt\u00f3ker\u00fclet-eln\u00f6ks\u00e9gi gr\u00e9miumot a k\u00f6vetkez\u0151 hetekben \u00fajra \u00f6sszeh\u00edvj\u00e1k, hogy megism\u00e9telj\u00e9k a szavaz\u00e1st. J\u00f3 es\u00e9llyel az akkori eredm\u00e9nyt terjesztik majd fel Budapestre, a Fidesz orsz\u00e1gos eln\u00f6ks\u00e9ge el\u00e9, amit ak\u00e1r helyben is hagyhatnak, ha nem el\u00e9gedettek.<\/p>","protected":false},"author":1,"featured_media":0,"comment_status":"closed","ping_status":"closed","sticky":false,"template":"","format":"standard","meta":{"_seopress_robots_primary_cat":"none"},"categories":[4],"tags":[1822,819,1202],"acf":[],"amp_enabled":true,"_links":{"self":[{"href":"https:\/\/szegederarchivum.hu\/en\/wp-json\/wp\/v2\/posts\/41196"}],"collection":[{"href":"https:\/\/szegederarchivum.hu\/en\/wp-json\/wp\/v2\/posts"}],"about":[{"href":"https:\/\/szegederarchivum.hu\/en\/wp-json\/wp\/v2\/types\/post"}],"author":[{"embeddable":true,"href":"https:\/\/szegederarchivum.hu\/en\/wp-json\/wp\/v2\/users\/1"}],"replies":[{"embeddable":true,"href":"https:\/\/szegederarchivum.hu\/en\/wp-json\/wp\/v2\/comments?post=41196"}],"version-history":[{"count":2,"href":"https:\/\/szegederarchivum.hu\/en\/wp-json\/wp\/v2\/posts\/41196\/revisions"}],"predecessor-version":[{"id":41201,"href":"https:\/\/szegederarchivum.hu\/en\/wp-json\/wp\/v2\/posts\/41196\/revisions\/41201"}],"wp:attachment":[{"href":"https:\/\/szegederarchivum.hu\/en\/wp-json\/wp\/v2\/media?parent=41196"}],"wp:term":[{"taxonomy":"category","embeddable":true,"href":"https:\/\/szegederarchivum.hu\/en\/wp-json\/wp\/v2\/categories?post=41196"},{"taxonomy":"post_tag","embeddable":true,"href":"https:\/\/szegederarchivum.hu\/en\/wp-json\/wp\/v2\/tags?post=41196"}],"curies":[{"name":"wp","href":"https:\/\/api.w.org\/{rel}","templated":true}]}}