{"id":4147,"date":"2019-01-06T23:50:12","date_gmt":"2019-01-06T22:50:12","guid":{"rendered":"https:\/\/szegederarchivum.hu\/?p=4147"},"modified":"2019-08-26T10:51:34","modified_gmt":"2019-08-26T08:51:34","slug":"fenykepek-megsargult-papirdobozokbol","status":"publish","type":"post","link":"https:\/\/szegederarchivum.hu\/en\/fenykepek-megsargult-papirdobozokbol\/","title":{"rendered":"F\u00e9nyk\u00e9pek megs\u00e1rgult pap\u00edrdobozokb\u00f3l"},"content":{"rendered":"<!-- Error, Advert is not available at this time due to schedule\/geolocation restrictions! -->\n<p>Sok-sok fot\u00f3 k\u00e9sz\u00fclt v\u00e1rosunkr\u00f3l a huszadik sz\u00e1zadban, de csak kev\u00e9snek van olyan er\u0151s hangulata, mint a most bemutat\u00e1sra ker\u00fcl\u0151 gy\u0171jtem\u00e9nynek. A k\u00f6vetkez\u0151 felv\u00e9teleket a\u00a0V\u00e1ros\u00e9p\u00edt\u00e9si Tudom\u00e1nyos \u00e9s Tervez\u0151 Int\u00e9zet munkat\u00e1rsai k\u00e9sz\u00edtett\u00e9k azzal a c\u00e9llal, hogy meg\u00f6r\u00f6k\u00edts\u00e9k Szegedet az adott korb\u00f3l egy 1951-es v\u00e1rosk\u00e9pi \u00e9s m\u0171eml\u00e9ki vizsg\u00e1lat\u00e1hoz. F\u0151 szempontjuk az utcak\u00e9p tiszta, l\u00e9nyegre t\u00f6r\u0151 \u00e1br\u00e1zol\u00e1sa volt arra az esetre, ha valamikor k\u00e9s\u0151bb szeretn\u00e9k vissza\u00e1ll\u00edtani az esetleg megs\u00e9r\u00fclt v\u00e1rosk\u00e9pet, vagy mag\u00e1t a fot\u00f3n szerepl\u0151 \u00e9p\u00fcletet. Ez a helyre\u00e1ll\u00edt\u00e1s persze akkoriban is csak opci\u00f3 volt, Szeged egys\u00e9gess\u00e9 t\u00e9tele, a huszadik sz\u00e1zad derek\u00e1n \u00e9l\u0151 \u00e9rt\u00e9kes v\u00e1rosk\u00e9p vissza\u00e1ll\u00edt\u00e1sa senkinek sem volt k\u00fcl\u00f6n\u00f6sen \u00e9rdek\u00e9ben. \u00dagy, ahogy ma sincs.<\/p>\n<p><!--more--><\/p>\n<div class=\"main-container container-fluid\">\n<div class=\"row\">\n<section class=\"col-sm-12\">\n<div class=\"region region-content\">\n<section id=\"block-system-main\" class=\"block block-system clearfix\">\n<div class=\"ds-3col-stacked-fluid node node-adatlap view-mode-full group-one-sidebar group-sidebar-left clearfix\">\n<div class=\"group-middle\">\n<div class=\"required-fields group-tabok field-group-bootstrap_fieldgroup_nav bootstrap-nav-wrapper\">\n<div class=\"tab-content required-fields group-tabok field-group-bootstrap_fieldgroup_nav\">\n<div id=\"bootstrap-fieldgroup-nav-item--lers\" class=\"tab-pane active\">\n<div class=\"field field-name-body field-type-text-with-summary field-label-hidden\">\n<div class=\"field-items\">\n<div class=\"field-item even\">\n<p>A gy\u0171jtem\u00e9nyt, melynek nagy r\u00e9sz\u00e9t megs\u00e1rgult pap\u00edrdobozokb\u00f3l mentett\u00e9k meg, a Lechner Tud\u00e1sk\u00f6zpont digitaliz\u00e1lja folyamatosan, \u00edgy azok szerencs\u00e9re megmaradnak az ut\u00f3kornak. M\u00e1s inform\u00e1ci\u00f3 azonban nincs a fot\u00f3kr\u00f3l \u00edrott dokument\u00e1ci\u00f3 \u00e9s eml\u00e9kez\u0151 szem\u00e9lyek h\u00edj\u00e1n.<\/p>\n<p>A Szegeder m\u00e1t\u00f3l fogva hetente, a\u00a0F\u00e9nyk\u00e9pek megs\u00e1rgult pap\u00edrdobozokb\u00f3l c. virtu\u00e1lis t\u00e1rlat keretein bel\u00fcl mutatja be a k\u00e9peket, tematikusan elosztva \u0151ket. N\u00e9zz\u00fck, mit rejteget az els\u0151 r\u00e9sz!<\/p>\n<!-- Error, Advert is not available at this time due to schedule\/geolocation restrictions! -->\n<p>&nbsp;<\/p>\n<\/div>\n<\/div>\n<\/div>\n<\/div>\n<\/div>\n<\/div>\n<\/div>\n<\/div>\n<\/section>\n<\/div>\n<\/section>\n<\/div>\n<\/div>\n<figure style=\"width: 2678px\" class=\"wp-caption alignnone\"><img decoding=\"async\" loading=\"lazy\" src=\"http:\/\/fototar.lechnerkozpont.hu\/sites\/default\/files\/kepek\/ltk_vati_mv_75_71.jpg\" alt=\"\" width=\"2678\" height=\"2017\" \/><figcaption class=\"wp-caption-text\">Mintha izzana a leveg\u0151 a Lechner t\u00e9ren. A fot\u00f3n meg\u00f6r\u00f6k\u00edtett Szent Roz\u00e1lia k\u00e1polna, melyet el\u0151bb a mai D\u00f3m t\u00e9ren \u00e9p\u00edtettek fel m\u00e9g a 18. sz\u00e1zadban a pestis eml\u00e9k\u00e9re. A D\u00f3m \u00e9p\u00edt\u00e9sekor elhat\u00e1rozt\u00e1k, hogy lebontj\u00e1k, de a v\u00e1ros lak\u00f3i tiltakoztak, ez\u00e9rt v\u00e9g\u00fcl az eredeti tervek szerint \u00fajb\u00f3l fel\u00e9p\u00fclhetett 1929-ben. Fot\u00f3: V\u00c1TI \/ Lechner Fot\u00f3t\u00e1r<\/figcaption><\/figure>\n<p>&nbsp;<\/p>\n<div>\n<figure style=\"width: 2748px\" class=\"wp-caption alignnone\"><img decoding=\"async\" loading=\"lazy\" src=\"http:\/\/fototar.lechnerkozpont.hu\/sites\/default\/files\/kepek\/ltk_vati_mv_75_26.jpg\" alt=\"Szeged, Tiszapart\" width=\"2748\" height=\"2007\" \/><figcaption class=\"wp-caption-text\">A Fels\u0151v\u00e1ros l\u00e1tk\u00e9pe a meg\u00e1radt Tisz\u00e1val \u00e9s azon feltehet\u0151en egy \u00fasz\u00f3 stranddal. Fot\u00f3: V\u00c1TI \/ Lechner Fot\u00f3t\u00e1r<\/figcaption><\/figure>\n<p>&nbsp;<\/p>\n<\/div>\n<div>\n<figure style=\"width: 2759px\" class=\"wp-caption alignnone\"><img decoding=\"async\" loading=\"lazy\" src=\"http:\/\/fototar.lechnerkozpont.hu\/sites\/default\/files\/kepek\/ltk_vati_mv_75_27.jpg\" alt=\"Tiszaparti r\u00c3\u00a9szlet Szegeden a klinik\u00c3\u00a1k \u00c3\u00a9p\u00c3\u00bcleteivel \u00c3\u00a9s a d\u00c3\u00b3m tornyaival\" width=\"2759\" height=\"2022\" \/><figcaption class=\"wp-caption-text\">Ism\u00e9t a Tisza, de ez\u00fattal nem a k\u00f6z\u00fati h\u00eddr\u00f3l, hanem a k\u00e9s\u0151bb fel\u00e9p\u00fclt Odessza v\u00e1rosr\u00e9sz magass\u00e1g\u00e1b\u00f3l. Ekkoriban j\u00f3val \u00e9l\u00e9nkebb volt a tiszai haj\u00f3z\u00e1s, itt \u00e9ppen k\u00e9t g\u0151z\u00f6s, a Fulton \u00e9s az \u00d6d\u00f6n v\u00e1rja, hogy tov\u00e1bb induljon. De nem csak a haj\u00f3z\u00e1s t\u0171nt el, a klinikai \u00e9p\u00fcletek l\u00e1tv\u00e1ny\u00e1ban sem lehet m\u00e1r gy\u00f6ny\u00f6rk\u00f6dni, hiszen azokat teljesen elfedik m\u00e1ra a f\u00e1k. Fot\u00f3: V\u00c1TI \/ Lechner Fot\u00f3t\u00e1r<\/figcaption><\/figure>\n<p>&nbsp;<\/p>\n<\/div>\n<div>\n<figure style=\"width: 2708px\" class=\"wp-caption alignnone\"><img decoding=\"async\" loading=\"lazy\" src=\"http:\/\/fototar.lechnerkozpont.hu\/sites\/default\/files\/kepek\/ltk_vati_mv_75_63.jpg\" alt=\"Az egykori szegedi K\u00c3\u00a1lv\u00c3\u00a1ria k\u00c3\u00a1polna\" width=\"2708\" height=\"1965\" \/><figcaption class=\"wp-caption-text\">K\u00fcl\u00f6n\u00f6sen \u00e9rt\u00e9kes ez a fot\u00f3, hiszen az egykoron a K\u00e1lv\u00e1ria t\u00e9r \u00e9kek\u00e9nt szolg\u00e1l\u00f3 k\u00e1poln\u00e1r\u00f3l kev\u00e9s fot\u00f3 maradt fenn. Ez a k\u00e1polna is egy pestisj\u00e1rv\u00e1ny eml\u00e9k\u00e9re \u00e9p\u00fclt fel 1714-ben. A nagy\u00e1rv\u00edz b\u00e1r elvitte, p\u00e1r \u00e9vvel k\u00e9s\u0151bb m\u00e9gis \u00fajj\u00e1 \u00e9p\u00edtett\u00e9k. A v\u00e9gzet 1968-ban \u00e9rte utol, amikor is tankokkal l\u0151tt\u00e9k sz\u00e9t, mert kellett a hely egy m\u00e1ra m\u00e1r szint\u00e9n nem l\u00e9tez\u0151 benzink\u00fat sz\u00e1m\u00e1ra. Fot\u00f3: V\u00c1TI \/ Lechner Fot\u00f3t\u00e1r<\/figcaption><\/figure>\n<p>&nbsp;<\/p>\n<\/div>\n<div>\n<figure style=\"width: 2018px\" class=\"wp-caption alignnone\"><img decoding=\"async\" loading=\"lazy\" src=\"http:\/\/fototar.lechnerkozpont.hu\/sites\/default\/files\/kepek\/ltk_vati_mv_75_18.jpg\" alt=\"A szegedi Klauz\u00c3\u00a1l t\u00c3\u00a9r\" width=\"2018\" height=\"1409\" \/><figcaption class=\"wp-caption-text\">Enyhe piaci ny\u00fczsg\u00e9s a Klauz\u00e1l t\u00e9ren, de m\u00e9g j\u00f3val a 20. sz\u00e1zad dereka el\u0151tt. A t\u00e9ren nem sok minden v\u00e1ltozott m\u00e1ra, de ha t\u00e1volabbra tekint\u00fcnk a K\u00edgy\u00f3 utca fel\u00e9, k\u00e9t \u00f3ri\u00e1si v\u00e1ltoz\u00e1s is szembe t\u0171nik: egyr\u00e9szt \u00faj h\u00e1z \u00e9p\u00fclt az utca elej\u00e9n \u00e1ll\u00f3 egyszintes hely\u00e9re, m\u00e1sr\u00e9szt pedig levert\u00e9k a Sch\u00e4ffer-palota gy\u00f6ny\u00f6r\u0171 szecesszi\u00f3s d\u00edszeit.\u00a0Fot\u00f3: V\u00c1TI \/ Lechner Fot\u00f3t\u00e1r<\/figcaption><\/figure>\n<p>&nbsp;<\/p>\n<\/div>\n<div>\n<figure style=\"width: 646px\" class=\"wp-caption aligncenter\"><img decoding=\"async\" loading=\"lazy\" src=\"https:\/\/szegeder.files.wordpress.com\/2019\/01\/ltk_vati_mv_75_65.jpg\" alt=\"\" width=\"646\" height=\"850\" \/><figcaption class=\"wp-caption-text\">Az egyik legszebb belv\u00e1rosi utca, a Kelemen L\u00e1szl\u00f3 \u00e9s felette a sz\u00e9p felh\u0151s \u00e9g. Itt is k\u00e9t nagyobb v\u00e1ltoz\u00e1s t\u0171nik fel: szint\u00e9n egy \u00e9p\u00fclet-csonk\u00edt\u00e1s a Lengyel h\u00e1zn\u00e1l (a t\u00e1volabbi \u00e9p\u00fclet kis kupol\u00e1ja m\u00e1r nincs meg), \u00e9s az \u00fczletsor, melynek m\u00e1ra nyoma sincs. Fot\u00f3: V\u00c1TI \/ Lechner Fot\u00f3t\u00e1r<\/figcaption><\/figure>\n<p>&nbsp;<\/p>\n<\/div>\n<div>\n<figure style=\"width: 635px\" class=\"wp-caption aligncenter\"><img decoding=\"async\" loading=\"lazy\" src=\"https:\/\/szegeder.files.wordpress.com\/2019\/01\/ltk_vati_mv_75_64.jpg\" alt=\"\" width=\"635\" height=\"850\" \/><figcaption class=\"wp-caption-text\">Ugyanaz a helysz\u00edn, m\u00e1s perspekt\u00edva. A jobboldali, ma EDF-sz\u00e9kh\u00e1z oldalai ekkor m\u00e9g egy szinttel alacsonyabbak voltak, de a Sz\u00e9chenyi t\u00e9ri f\u0151posta m\u00e1r \u00e1tesett ekkorra egy emeletr\u00e1\u00e9p\u00edt\u00e9sen. Fot\u00f3: V\u00c1TI \/ Lechner Fot\u00f3t\u00e1r<\/figcaption><\/figure>\n<p>&nbsp;<\/p>\n<figure style=\"width: 2724px\" class=\"wp-caption alignnone\"><img decoding=\"async\" loading=\"lazy\" src=\"http:\/\/fototar.lechnerkozpont.hu\/sites\/default\/files\/kepek\/ltk_vati_mv_75_55.jpg\" alt=\"\" width=\"2724\" height=\"1944\" \/><figcaption class=\"wp-caption-text\">\u00dczletek a Somogyi utc\u00e1ban. A k\u00e9p f\u00f3kusz\u00e1ban \u00e1ll\u00f3 Vajda h\u00e1z szinte alig v\u00e1ltozott valamit m\u00e1ra. Fot\u00f3: V\u00c1TI \/ Lechner Fot\u00f3t\u00e1r<\/figcaption><\/figure>\n<p>&nbsp;<\/p>\n<figure style=\"width: 2774px\" class=\"wp-caption alignnone\"><img decoding=\"async\" loading=\"lazy\" src=\"http:\/\/fototar.lechnerkozpont.hu\/sites\/default\/files\/kepek\/ltk_vati_mv_75_33.jpg\" alt=\"\" width=\"2774\" height=\"1871\" \/><figcaption class=\"wp-caption-text\">A D\u00f3m h\u00e1t m\u00f6g\u00f6tt lev\u0151 Hung\u00e1ria h\u00e1z, mely ma a Szegedi Akad\u00e9miai Bizotts\u00e1g otthonak\u00e9nt funkcion\u00e1l. Az \u00e9p\u00fcletbe j\u00e1rt k\u00e1v\u00e9zni G\u00e1rdonyi G\u00e9za is, amikor m\u00e9g az a h\u00edres Hung\u00e1ria k\u00e1v\u00e9h\u00e1zk\u00e9nt \u00fczemelt. Fot\u00f3: V\u00c1TI \/ Lechner Fot\u00f3t\u00e1r<\/figcaption><\/figure>\n<!-- Error, Advert is not available at this time due to schedule\/geolocation restrictions! -->\n<\/div>\n<div><\/div>","protected":false},"excerpt":{"rendered":"<p>Sok-sok fot\u00f3 k\u00e9sz\u00fclt v\u00e1rosunkr\u00f3l a huszadik sz\u00e1zadban, de csak kev\u00e9snek van olyan er\u0151s hangulata, mint a most bemutat\u00e1sra ker\u00fcl\u0151 gy\u0171jtem\u00e9nynek. A k\u00f6vetkez\u0151 felv\u00e9teleket a\u00a0V\u00e1ros\u00e9p\u00edt\u00e9si Tudom\u00e1nyos \u00e9s Tervez\u0151 Int\u00e9zet munkat\u00e1rsai k\u00e9sz\u00edtett\u00e9k azzal a c\u00e9llal, hogy meg\u00f6r\u00f6k\u00edts\u00e9k Szegedet az adott korb\u00f3l egy 1951-es v\u00e1rosk\u00e9pi \u00e9s m\u0171eml\u00e9ki vizsg\u00e1lat\u00e1hoz. F\u0151 szempontjuk az utcak\u00e9p tiszta, l\u00e9nyegre t\u00f6r\u0151 \u00e1br\u00e1zol\u00e1sa volt arra [&hellip;]<\/p>","protected":false},"author":1,"featured_media":0,"comment_status":"closed","ping_status":"closed","sticky":false,"template":"","format":"standard","meta":{"_seopress_robots_primary_cat":"none"},"categories":[981],"tags":[183,2265,15],"acf":[],"amp_enabled":true,"_links":{"self":[{"href":"https:\/\/szegederarchivum.hu\/en\/wp-json\/wp\/v2\/posts\/4147"}],"collection":[{"href":"https:\/\/szegederarchivum.hu\/en\/wp-json\/wp\/v2\/posts"}],"about":[{"href":"https:\/\/szegederarchivum.hu\/en\/wp-json\/wp\/v2\/types\/post"}],"author":[{"embeddable":true,"href":"https:\/\/szegederarchivum.hu\/en\/wp-json\/wp\/v2\/users\/1"}],"replies":[{"embeddable":true,"href":"https:\/\/szegederarchivum.hu\/en\/wp-json\/wp\/v2\/comments?post=4147"}],"version-history":[{"count":15,"href":"https:\/\/szegederarchivum.hu\/en\/wp-json\/wp\/v2\/posts\/4147\/revisions"}],"predecessor-version":[{"id":4274,"href":"https:\/\/szegederarchivum.hu\/en\/wp-json\/wp\/v2\/posts\/4147\/revisions\/4274"}],"wp:attachment":[{"href":"https:\/\/szegederarchivum.hu\/en\/wp-json\/wp\/v2\/media?parent=4147"}],"wp:term":[{"taxonomy":"category","embeddable":true,"href":"https:\/\/szegederarchivum.hu\/en\/wp-json\/wp\/v2\/categories?post=4147"},{"taxonomy":"post_tag","embeddable":true,"href":"https:\/\/szegederarchivum.hu\/en\/wp-json\/wp\/v2\/tags?post=4147"}],"curies":[{"name":"wp","href":"https:\/\/api.w.org\/{rel}","templated":true}]}}