{"id":4149,"date":"2019-01-20T22:24:32","date_gmt":"2019-01-20T21:24:32","guid":{"rendered":"https:\/\/szegederarchivum.hu\/?p=4149"},"modified":"2019-08-26T10:51:41","modified_gmt":"2019-08-26T08:51:41","slug":"egy-szep-nap-a-tornyok-alatt","status":"publish","type":"post","link":"https:\/\/szegederarchivum.hu\/en\/egy-szep-nap-a-tornyok-alatt\/","title":{"rendered":"Egy sz\u00e9p nap a tornyok alatt"},"content":{"rendered":"<!-- Error, Advert is not available at this time due to schedule\/geolocation restrictions! -->\n<p>Harmadik epiz\u00f3dj\u00e1hoz \u00e9rkezett a\u00a0V\u00e1ros\u00e9p\u00edt\u00e9si Tudom\u00e1nyos \u00e9s Tervez\u0151 Int\u00e9zet f\u00e9nyk\u00e9p\u00e9szei \u00e1ltal az 1940-es \u00e9vekben dokument\u00e1lt Szeged bemutat\u00e1sa. Az el\u0151z\u0151 k\u00e9t r\u00e9sz melankolikus hat\u00e1sa ut\u00e1n ma egy vid\u00e1mabb, naps\u00fct\u00e9sesebb napra \u00e9bredt\u00fcnk. Ezeken a fot\u00f3kon m\u00e1r az embereket sem ker\u00fcli annyira a V\u00c1TI munkat\u00e1rsa, p\u00e1r j\u00e1r\u00f3kel\u0151 b\u00e1tran s\u00e9t\u00e1l bele egy-egy kompoz\u00edci\u00f3ba, de ezzel nincs is semmi baj.<\/p>\n<p><!--more--><\/p>\n<p>A D\u00f3m ekkor m\u00e9g szinte ragyogott \u00fajs\u00e1g\u00e1t\u00f3l, a most k\u00f6vetkez\u0151 fot\u00f3kon m\u00e9g szinte tin\u00e9dzsernek sz\u00e1m\u00edt. \u00c9s b\u00e1r azt hihetj\u00fck, hogy a t\u00e9ren semmi sem v\u00e1ltozott az elm\u00falt 89 \u00e9vben, nagyot t\u00e9ved\u00fcnk, ugyanis a legjobban szembet\u0171n\u0151 v\u00e1ltoz\u00e1sok tal\u00e1n pont itt fognak el\u0151j\u00f6nni. Tal\u00e1n pont a k\u00f6rnyezet viszonylagos sterilit\u00e1sa \u00e9s v\u00e1ltozatlans\u00e1ga v\u00e9gett. Ebben a r\u00e9szben teh\u00e1t jobban koncentr\u00e1lunk arra, hogy kisz\u00farjunk b\u00e1rmit, ami m\u00e1ra megv\u00e1ltozott a t\u00e9ren. Miel\u0151tt a k\u00e9pek le\u00edr\u00e1s\u00e1ban megtudn\u00e1tok a pontos v\u00e1ltoz\u00e1sokat, el\u0151bb vizsg\u00e1lj\u00e1tok meg Ti is a fot\u00f3kat.<\/p>\n<!-- Error, Advert is not available at this time due to schedule\/geolocation restrictions! -->\n<p>&nbsp;<\/p>\n<figure style=\"width: 2817px\" class=\"wp-caption alignnone\"><img decoding=\"async\" loading=\"lazy\" src=\"http:\/\/fototar.lechnerkozpont.hu\/sites\/default\/files\/kepek\/ltk_vati_mv_75_41.jpg\" alt=\"A szegedi D\u00c3\u00b3m t\u00c3\u00a9r a D\u00c3\u00b6m\u00c3\u00b6t\u00c3\u00b6r-toronnyal\" width=\"2817\" height=\"2067\" \/><figcaption class=\"wp-caption-text\">\u00c9rezni a nap ragyog\u00e1s\u00e1t ezen a nagyszer\u0171en kompon\u00e1lt felv\u00e9telen. Az oroszl\u00e1nok ma is ugyan\u00fagy k\u00e9mlelik a teret, de azok a nagyj\u00e1b\u00f3l m\u00e1sf\u00e9l m\u00e9ter magas k\u0151oszlopok m\u00e1ra elt\u0171ntek, nemde? Szinten szembe t\u0171nhet, hogy itt m\u00e9g nincs l\u00e9pcs\u0151 a D\u00f6m\u00f6t\u00f6r torony oldal\u00e1n. Fot\u00f3: V\u00c1TI \/ Lechner Fot\u00f3t\u00e1r<\/figcaption><\/figure>\n<p>&nbsp;<\/p>\n<figure style=\"width: 602px\" class=\"wp-caption aligncenter\"><img decoding=\"async\" loading=\"lazy\" src=\"http:\/\/fototar.lechnerkozpont.hu\/sites\/default\/files\/kepek\/ltk_vati_mv_75_43.jpg\" alt=\"A szegedi D\u00c3\u00b6m\u00c3\u00b6t\u00c3\u00b6r-torony\" width=\"602\" height=\"849\" \/><figcaption class=\"wp-caption-text\">Az oszlopok nem csavarodtak norm\u00e1lisra az elm\u00falt k\u00f6zel egy \u00e9vsz\u00e1zadban, de ez nem a legmeglep\u0151bb dolog a k\u00e9pen. K\u00e9t nagy dolog is v\u00e1ltozott: egyr\u00e9szt a D\u00f6m\u00f6t\u00f6r torony oldal\u00e1ban m\u00e9g ott van a Horthy Mikl\u00f3s-domborm\u0171, m\u00e1sr\u00e9szt mivel m\u00e9g nem \u00e9p\u00fclt k\u00f6rbe teljesen a t\u00e9r, l\u00e1tszik az egyik klinikai \u00e9p\u00fclet is. Fot\u00f3: V\u00c1TI \/ Lechner Fot\u00f3t\u00e1r<\/figcaption><\/figure>\n<p>&nbsp;<\/p>\n<figure style=\"width: 608px\" class=\"wp-caption aligncenter\"><img decoding=\"async\" loading=\"lazy\" src=\"http:\/\/fototar.lechnerkozpont.hu\/sites\/default\/files\/kepek\/ltk_vati_mv_75_42.jpg\" alt=\"A szegedi D\u00c3\u00b6m\u00c3\u00b6t\u00c3\u00b6r-torony\" width=\"608\" height=\"851\" \/><figcaption class=\"wp-caption-text\">Itt pedig a burj\u00e1nz\u00f3 borosty\u00e1n \u00e9s a Somogyi k\u00f6nyvt\u00e1r hi\u00e1nya az egy\u00e9rtelm\u0171 gy\u0151ztes, de a k\u00e9p egy\u00e9rtelm\u0171en fele ennyire sem lenne \u00e9rdekes a galambokkal j\u00e1tszadoz\u00f3 kisl\u00e1ny n\u00e9lk\u00fcl. Fot\u00f3: V\u00c1TI \/ Lechner Fot\u00f3t\u00e1r<\/figcaption><\/figure>\n<p>&nbsp;<\/p>\n<p>A sorozat kor\u00e1bbi r\u00e9szei:<\/p>\n<ul>\n<li>\n<p class=\"entry-title\"><strong><a href=\"https:\/\/szegederarchivum.hu\/fenykepek-megsargult-papirdobozokbol\/\" target=\"_blank\" rel=\"noopener noreferrer\">F\u00e9nyk\u00e9pek megs\u00e1rgult pap\u00edrdobozokb\u00f3l<\/a><\/strong><\/p>\n<\/li>\n<li>\n<p class=\"entry-title\"><strong><a href=\"https:\/\/szegederarchivum.hu\/ez-nem-az-a-szeged-amit-mi-ismerunk\/\" target=\"_blank\" rel=\"noopener noreferrer\">Ez nem az a Szeged, amit mi ismer\u00fcnk<\/a><\/strong><\/p>\n<\/li>\n<\/ul>","protected":false},"excerpt":{"rendered":"<p>Harmadik epiz\u00f3dj\u00e1hoz \u00e9rkezett a\u00a0V\u00e1ros\u00e9p\u00edt\u00e9si Tudom\u00e1nyos \u00e9s Tervez\u0151 Int\u00e9zet f\u00e9nyk\u00e9p\u00e9szei \u00e1ltal az 1940-es \u00e9vekben dokument\u00e1lt Szeged bemutat\u00e1sa. Az el\u0151z\u0151 k\u00e9t r\u00e9sz melankolikus hat\u00e1sa ut\u00e1n ma egy vid\u00e1mabb, naps\u00fct\u00e9sesebb napra \u00e9bredt\u00fcnk. Ezeken a fot\u00f3kon m\u00e1r az embereket sem ker\u00fcli annyira a V\u00c1TI munkat\u00e1rsa, p\u00e1r j\u00e1r\u00f3kel\u0151 b\u00e1tran s\u00e9t\u00e1l bele egy-egy kompoz\u00edci\u00f3ba, de ezzel nincs is semmi baj.<\/p>","protected":false},"author":1,"featured_media":0,"comment_status":"closed","ping_status":"closed","sticky":false,"template":"","format":"standard","meta":{"_seopress_robots_primary_cat":"none"},"categories":[981],"tags":[105,172,183,2265,15],"acf":[],"amp_enabled":true,"_links":{"self":[{"href":"https:\/\/szegederarchivum.hu\/en\/wp-json\/wp\/v2\/posts\/4149"}],"collection":[{"href":"https:\/\/szegederarchivum.hu\/en\/wp-json\/wp\/v2\/posts"}],"about":[{"href":"https:\/\/szegederarchivum.hu\/en\/wp-json\/wp\/v2\/types\/post"}],"author":[{"embeddable":true,"href":"https:\/\/szegederarchivum.hu\/en\/wp-json\/wp\/v2\/users\/1"}],"replies":[{"embeddable":true,"href":"https:\/\/szegederarchivum.hu\/en\/wp-json\/wp\/v2\/comments?post=4149"}],"version-history":[{"count":7,"href":"https:\/\/szegederarchivum.hu\/en\/wp-json\/wp\/v2\/posts\/4149\/revisions"}],"predecessor-version":[{"id":19617,"href":"https:\/\/szegederarchivum.hu\/en\/wp-json\/wp\/v2\/posts\/4149\/revisions\/19617"}],"wp:attachment":[{"href":"https:\/\/szegederarchivum.hu\/en\/wp-json\/wp\/v2\/media?parent=4149"}],"wp:term":[{"taxonomy":"category","embeddable":true,"href":"https:\/\/szegederarchivum.hu\/en\/wp-json\/wp\/v2\/categories?post=4149"},{"taxonomy":"post_tag","embeddable":true,"href":"https:\/\/szegederarchivum.hu\/en\/wp-json\/wp\/v2\/tags?post=4149"}],"curies":[{"name":"wp","href":"https:\/\/api.w.org\/{rel}","templated":true}]}}