{"id":4188,"date":"2019-01-28T04:10:06","date_gmt":"2019-01-28T03:10:06","guid":{"rendered":"https:\/\/szegederarchivum.hu\/?p=4188"},"modified":"2019-08-26T10:51:32","modified_gmt":"2019-08-26T08:51:32","slug":"vati-4","status":"publish","type":"post","link":"https:\/\/szegederarchivum.hu\/en\/vati-4\/","title":{"rendered":"Ilyen volt Szegeden s\u00e9t\u00e1lni 70 \u00e9vvel ezel\u0151tt"},"content":{"rendered":"<!-- Error, Advert is not available at this time due to schedule\/geolocation restrictions! -->\n<p><!--more--><\/p>\n<p>H\u00e9tf\u0151 van, teh\u00e1t \u00fajabb r\u00e9sszel folytat\u00f3dik a\u00a0V\u00e1ros\u00e9p\u00edt\u00e9si Tudom\u00e1nyos \u00e9s Tervez\u0151 Int\u00e9zet munkat\u00e1rsai \u00e1ltal dokument\u00e1lt Szeged bemutat\u00e1sa. A V\u00c1TI emberei az\u00e9rt j\u00e1rt\u00e1k a v\u00e1rost az 1940-es \u00e9vekben \u00e9s k\u00e9sz\u00edtettek felv\u00e9teleket h\u00e1zakr\u00f3l \u00e9s utcak\u00e9pekr\u0151l, mert egy esetleges utcak\u00e9p-vissza\u00e1ll\u00edt\u00e1s sor\u00e1n ezeket az anyagokat haszn\u00e1lt\u00e1k volna fel. Ez\u00fattal elhagyjuk a Belv\u00e1rost, \u00e9s olyan helyekre l\u00e1togatunk, ahonnan csak nagyon ritk\u00e1n l\u00e1thatunk r\u00e9gi f\u00e9nyk\u00e9peket.<\/p>\n<p>Ennek a r\u00e9sznek a k\u00f6z\u00e9ppontj\u00e1ban f\u0151k\u00e9nt a 20. sz\u00e1zadi szegedi v\u00e1rosk\u00e9pet olyannyira meghat\u00e1roz\u00f3 egyszintes, hossz\u00fak\u00e1s utcafront\u00fa h\u00e1zak \u00e1llnak. \u00c9s b\u00e1r m\u00e9g j\u00f3csk\u00e1n akad ilyen \u00e9p\u00fclet a v\u00e1rosban ma is, a legt\u00f6bbj\u00fck a 60-as \u00e9vekt\u0151l sz\u00e9pen fokozatosan a f\u00f6ldd\u00e9 v\u00e1lt egyenl\u0151v\u00e9, hogy a hely\u00fckre 3-4 emeletes t\u00e1rsash\u00e1zak \u00e9p\u00fcljenek, ahol &#8211; ugyanakkora telken &#8211; egy helyett m\u00e1r ak\u00e1r egy tucat csal\u00e1d is \u00e9lhet.<\/p>\n<p>Tal\u00e1n ezek a k\u00e9pek is j\u00f3l bemutatj\u00e1k azt, milyen \u00e9rt\u00e9kes r\u00e9szei lenn\u00e9nek m\u00e9g a v\u00e1rosnak, ha legal\u00e1bb p\u00e1r h\u00e1zt\u00f6mb\u00f6t meghagytak volna ebb\u0151l a jellegzetes \u00e9p\u00fclett\u00edpusb\u00f3l, ezzel l\u00e9trehozva p\u00e1r mikroskanzent Szegeden, amik a belv\u00e1rosi attrakci\u00f3k mellett turisztikailag ugyan\u00fagy kedveltek lenn\u00e9nek ma.<\/p>\n<p>Lehet, hogy csak v\u00e9letlen, de a k\u00f6vetkez\u0151 t\u00edz h\u00e1zb\u00f3l mind\u00f6ssze egy t\u0171nt el az\u00f3ta, a t\u00f6bbi kilenc &#8211; l\u00e9nyegi \u00e1talak\u00edt\u00e1sok n\u00e9lk\u00fcl &#8211; \u00e1ll m\u00e9g ma is.<\/p>\n<p>Ha a h\u00e1zak c\u00edm\u00e9re kattintotok, l\u00e1thatj\u00e1tok azt is, hogyan n\u00e9znek ki napjainkban.<\/p>\n<p>&nbsp;<\/p>\n<figure style=\"width: 2714px\" class=\"wp-caption alignnone\"><img decoding=\"async\" loading=\"lazy\" src=\"http:\/\/fototar.lechnerkozpont.hu\/sites\/default\/files\/kepek\/ltk_vati_mv_75_74.jpg\" alt=\"A szegedi Maros utca 27. lak\u00c3\u00b3h\u00c3\u00a1za\" width=\"2714\" height=\"2065\" \/><figcaption class=\"wp-caption-text\">Kockak\u00f6ves utc\u00e1k, bel\u00f3g\u00f3 utcal\u00e1mpa \u00e9s a <a href=\"https:\/\/www.google.com\/maps\/place\/Szeged,+Maros+u.+27,+6721\/@46.257401,20.1600783,3a,49.4y,93.12h,93.77t\/data=!3m6!1e1!3m4!1sF2ynrJs70pSqmMnFek7kJg!2e0!7i13312!8i6656!4m5!3m4!1s0x4744881384213551:0x30d121f1cb9ef3ee!8m2!3d46.2574801!4d20.1608055\" target=\"_blank\" rel=\"noopener noreferrer\">Maros utca 27.<\/a> alatti h\u00e1z. Sokat v\u00e1ltozott az\u00f3ta a k\u00f6rny\u00e9k: m\u00e1ra itt a PICK-gy\u00e1ra \u00e1ll, a jobboldali utca pedig teljesen elt\u0171nt. Fot\u00f3: V\u00c1TI \/ Lechner Fot\u00f3t\u00e1r<\/figcaption><\/figure>\n<p>&nbsp;<\/p>\n<figure style=\"width: 2714px\" class=\"wp-caption alignnone\"><img decoding=\"async\" loading=\"lazy\" src=\"http:\/\/fototar.lechnerkozpont.hu\/sites\/default\/files\/kepek\/ltk_vati_mv_75_69.jpg\" alt=\"\" width=\"2714\" height=\"2060\" \/><figcaption class=\"wp-caption-text\">A <a href=\"https:\/\/www.google.com\/maps\/place\/Szeged,+Kis-Tisza+u.+8,+6723\/@46.2587706,20.1658026,3a,26.1y,278.13h,90.99t\/data=!3m6!1e1!3m4!1sB6X8Hxe-HCoEH9GvEsFyEA!2e0!7i13312!8i6656!4m5!3m4!1s0x4744881681a2fc43:0x637fc293156392b3!8m2!3d46.258815!4d20.1656039\" target=\"_blank\" rel=\"noopener noreferrer\">Kis-Tisza utca 8<\/a>-as sz\u00e1m\u00fa h\u00e1za szint\u00e9n \u00e1ll m\u00e9g ma, b\u00e1r a k\u00f6rnyezete kiss\u00e9 moderniz\u00e1l\u00f3dott az \u00e9vtizedek alatt. Fot\u00f3: V\u00c1TI \/ Lechner Fot\u00f3t\u00e1r<\/figcaption><\/figure>\n<p>&nbsp;<\/p>\n<figure style=\"width: 2737px\" class=\"wp-caption alignnone\"><img decoding=\"async\" loading=\"lazy\" src=\"http:\/\/fototar.lechnerkozpont.hu\/sites\/default\/files\/kepek\/ltk_vati_mv_75_62.jpg\" alt=\"A szegedi K\u00c3\u00a1lv\u00c3\u00a1ria utca 8. lak\u00c3\u00b3h\u00c3\u00a1za\" width=\"2737\" height=\"2011\" \/><figcaption class=\"wp-caption-text\">Egy pillanatra k\u00f6zelebb ugrunk a Belv\u00e1roshoz. A k\u00e9pen a <a href=\"https:\/\/www.google.com\/maps\/place\/Szeged,+K%C3%A1lv%C3%A1ria+sug%C3%A1r%C3%BAt+8,+6722\/@46.2513272,20.1420737,3a,75y,241.54h,100.1t\/data=!3m6!1e1!3m4!1sxXMM-fo88N1uKcOjbpcWzw!2e0!7i13312!8i6656!4m5!3m4!1s0x47448871320cdc85:0x68829af4055f2881!8m2!3d46.2511575!4d20.142344\" target=\"_blank\" rel=\"noopener noreferrer\">K\u00e1lv\u00e1ria sug\u00e1r\u00fat 8.<\/a> l\u00e1that\u00f3, ami szint\u00e9n l\u00e9tezik a mai napig. Fur\u00e1n j\u00f6n ki, de a h\u00e1z el\u0151tti f\u00e1k ma m\u00e9g fiatalabbak, mintha visszafel\u00e9 fejl\u0151dtek volna. Fot\u00f3: V\u00c1TI \/ Lechner Fot\u00f3t\u00e1r<\/figcaption><\/figure>\n<p>&nbsp;<\/p>\n<figure style=\"width: 2756px\" class=\"wp-caption alignnone\"><img decoding=\"async\" loading=\"lazy\" src=\"http:\/\/fototar.lechnerkozpont.hu\/sites\/default\/files\/kepek\/ltk_vati_mv_75_61.jpg\" alt=\"A szegedi K\u00c3\u00a1lv\u00c3\u00a1ria utca 4. lak\u00c3\u00b3h\u00c3\u00a1za\" width=\"2756\" height=\"2062\" \/><figcaption class=\"wp-caption-text\">Mind\u00f6ssze k\u00e9t h\u00e1zzal vagyunk arr\u00e9bb, ez <a href=\"https:\/\/www.google.com\/maps\/place\/Szeged,+K%C3%A1lv%C3%A1ria+sug%C3%A1r%C3%BAt+8,+6722\/@46.2512416,20.1426013,3a,75y,232.35h,91.47t\/data=!3m6!1e1!3m4!1sMDMfUMLyc5DKBTxS1j2xtQ!2e0!7i13312!8i6656!4m5!3m4!1s0x47448871320cdc85:0x68829af4055f2881!8m2!3d46.2511575!4d20.142344\" target=\"_blank\" rel=\"noopener noreferrer\">a sug\u00e1r\u00fat negyedik h\u00e1za<\/a>. Fot\u00f3: V\u00c1TI \/ Lechner Fot\u00f3t\u00e1r<\/figcaption><\/figure>\n<p>&nbsp;<\/p>\n<figure style=\"width: 2708px\" class=\"wp-caption alignnone\"><img decoding=\"async\" loading=\"lazy\" src=\"http:\/\/fototar.lechnerkozpont.hu\/sites\/default\/files\/kepek\/ltk_vati_mv_75_57.jpg\" alt=\"A szegedi Hajn\u00c3\u00b3czy utca 1.\" width=\"2708\" height=\"2028\" \/><figcaption class=\"wp-caption-text\">P\u00e1r sarokkal arr\u00e9bb a Hajn\u00f3czy utca elej\u00e9n l\u00e1that\u00f3 a mai Tiszavir\u00e1g \u00e9tterem \u00e9p\u00fclete. Ma m\u00e1r az \u00e9p\u00fclet jobbj\u00e1n, a f\u00f6ldszinten is \u00fczlet van. Fot\u00f3: V\u00c1TI \/ Lechner Fot\u00f3t\u00e1r<\/figcaption><\/figure>\n<p>&nbsp;<\/p>\n<!-- Error, Advert is not available at this time due to schedule\/geolocation restrictions! -->\n<p>&nbsp;<\/p>\n<figure style=\"width: 2742px\" class=\"wp-caption alignnone\"><img decoding=\"async\" loading=\"lazy\" src=\"http:\/\/fototar.lechnerkozpont.hu\/sites\/default\/files\/kepek\/ltk_vati_mv_75_56.jpg\" alt=\"A szegedi Gutenberg utca 8. lak\u00c3\u00b3h\u00c3\u00a1za\" width=\"2742\" height=\"2069\" \/><figcaption class=\"wp-caption-text\">A <a href=\"https:\/\/www.google.com\/maps\/place\/Szeged,+Gutenberg+u.+8,+6722\/@46.2528774,20.1441974,3a,75y,263.09h,93.35t\/data=!3m6!1e1!3m4!1szBNUrMGkH5cDH5K573wYYg!2e0!7i13312!8i6656!4m5!3m4!1s0x47448873fdbbbdb1:0xca6197ceb8b00928!8m2!3d46.2528346!4d20.1439395\" target=\"_blank\" rel=\"noopener noreferrer\">Gutenberg utca 8.<\/a> is sz\u00e9pen t\u00fal\u00e9lte az elm\u00falt t\u00f6bb, mint f\u00e9l \u00e9vsz\u00e1zadot a k\u00e9p k\u00e9sz\u00fclte \u00f3ta. Fot\u00f3: V\u00c1TI \/ Lechner Fot\u00f3t\u00e1r<\/figcaption><\/figure>\n<p>&nbsp;<\/p>\n<figure style=\"width: 2710px\" class=\"wp-caption alignnone\"><img decoding=\"async\" loading=\"lazy\" src=\"http:\/\/fototar.lechnerkozpont.hu\/sites\/default\/files\/kepek\/ltk_vati_mv_75_53.jpg\" alt=\"A szegedi Dugonics utca 26. lak\u00c3\u00b3h\u00c3\u00a1za\" width=\"2710\" height=\"2039\" \/><figcaption class=\"wp-caption-text\">Ezt a k\u00e9pet m\u00e1r nehezebb lenne reproduk\u00e1lni, hiszen itt, a <a href=\"https:\/\/www.google.com\/maps\/place\/Szeged,+Dugonics+u.+26,+6721\/@46.2594989,20.1561925,3a,90y,319.95h,102.87t\/data=!3m6!1e1!3m4!1s1oh7CCLnFWztUyGfCR9fJA!2e0!7i13312!8i6656!4m5!3m4!1s0x474488120eb448f7:0x7677f4e91058828a!8m2!3d46.2595839!4d20.1559959\" target=\"_blank\" rel=\"noopener noreferrer\">Dugonics utc\u00e1ban<\/a> m\u00e1r hatalmas f\u00e1k takarj\u00e1k a h\u00e1zakat. Fot\u00f3: V\u00c1TI \/ Lechner Fot\u00f3t\u00e1r<\/figcaption><\/figure>\n<p>&nbsp;<\/p>\n<figure style=\"width: 2713px\" class=\"wp-caption alignnone\"><img decoding=\"async\" loading=\"lazy\" src=\"http:\/\/fototar.lechnerkozpont.hu\/sites\/default\/files\/kepek\/ltk_vati_mv_75_52.jpg\" alt=\"A szegedi Dugonics utca 19. lak\u00c3\u00b3h\u00c3\u00a1za\" width=\"2713\" height=\"2035\" \/><figcaption class=\"wp-caption-text\">P\u00e1r h\u00e1zzal j\u00e1runk arr\u00e9bb, a <a href=\"https:\/\/www.google.com\/maps\/place\/Szeged,+Dugonics+u.+19,+6721\/@46.2583287,20.1557555,3a,90y,92.02h,111.11t\/data=!3m6!1e1!3m4!1sAJPlnzbyGuuocpWfQ5V_8w!2e0!7i13312!8i6656!4m5!3m4!1s0x4744881263fd3c33:0x5615184918cfbd09!8m2!3d46.2582377!4d20.1558996\" target=\"_blank\" rel=\"noopener noreferrer\">Dugonics utca 19.<\/a> sem l\u00e1tszik m\u00e1ra m\u00e1r ennyire. Fot\u00f3: V\u00c1TI \/ Lechner Fot\u00f3t\u00e1r<\/figcaption><\/figure>\n<p>&nbsp;<\/p>\n<figure style=\"width: 2723px\" class=\"wp-caption alignnone\"><img decoding=\"async\" loading=\"lazy\" src=\"http:\/\/fototar.lechnerkozpont.hu\/sites\/default\/files\/kepek\/ltk_vati_mv_75_50.jpg\" alt=\"A szegedi Dugonics utca 9. lak\u00c3\u00b3h\u00c3\u00a1za\" width=\"2723\" height=\"2014\" \/><figcaption class=\"wp-caption-text\">Az utca <a href=\"https:\/\/www.google.com\/maps\/place\/Szeged,+Dugonics+u.+9,+6721\/@46.2575325,20.1553704,3a,90y,124.31h,110.43t\/data=!3m6!1e1!3m4!1s9YhU_qyzF4xBWYL6rInCNw!2e0!7i13312!8i6656!4m5!3m4!1s0x474488128da497db:0x852e41caecb25de1!8m2!3d46.2574878!4d20.1555435\" target=\"_blank\" rel=\"noopener noreferrer\">9-es sz\u00e1m\u00e1t<\/a> nem v\u00e9letlen\u00fcl nem ismered fel, itt ugyanis az\u00f3ta egy feh\u00e9r t\u00e1rsash\u00e1z \u00e1ll. Fot\u00f3: V\u00c1TI \/ Lechner Fot\u00f3t\u00e1r<\/figcaption><\/figure>\n<p>&nbsp;<\/p>\n<figure style=\"width: 2757px\" class=\"wp-caption alignnone\"><img decoding=\"async\" loading=\"lazy\" src=\"http:\/\/fototar.lechnerkozpont.hu\/sites\/default\/files\/kepek\/ltk_vati_mv_75_51.jpg\" alt=\"A szegedi Dugonics utca 12. lak\u00c3\u00b3h\u00c3\u00a1za\" width=\"2757\" height=\"1985\" \/><figcaption class=\"wp-caption-text\">A <a href=\"https:\/\/www.google.com\/maps\/place\/Szeged,+Dugonics+u.+12,+6721\/@46.2579401,20.1555314,3a,75y,353.03h,97.4t\/data=!3m6!1e1!3m4!1sO3fPXzPotToPY0b33YcZWA!2e0!7i13312!8i6656!4m5!3m4!1s0x4744881288190cbf:0x58ebf9cdbfa5f828!8m2!3d46.2580208!4d20.155388\" target=\"_blank\" rel=\"noopener noreferrer\">Dugonics utca 12.<\/a> is szerencs\u00e9s t\u00fal\u00e9l\u0151, a mellette balra lev\u0151 \u00e9p\u00fclet m\u00e1r nem \u00e1ll. Fot\u00f3: V\u00c1TI \/ Lechner Fot\u00f3t\u00e1r<\/figcaption><\/figure>\n<p>&nbsp;<\/p>\n<p>A sorozat kor\u00e1bbi r\u00e9szei:<\/p>\n<ul>\n<li>\n<p class=\"entry-title\"><strong><a href=\"https:\/\/szegederarchivum.hu\/fenykepek-megsargult-papirdobozokbol\/\" target=\"_blank\" rel=\"noopener noreferrer\">F\u00e9nyk\u00e9pek megs\u00e1rgult pap\u00edrdobozokb\u00f3l<\/a><\/strong><\/p>\n<\/li>\n<li>\n<p class=\"entry-title\"><strong><a href=\"https:\/\/szegederarchivum.hu\/ez-nem-az-a-szeged-amit-mi-ismerunk\/\" target=\"_blank\" rel=\"noopener noreferrer\">Ez nem az a Szeged, amit mi ismer\u00fcnk<\/a><\/strong><\/p>\n<\/li>\n<li>\n<p class=\"entry-title\"><strong><a href=\"https:\/\/szegederarchivum.hu\/egy-szep-nap-a-tornyok-alatt\/\" target=\"_blank\" rel=\"noopener noreferrer\">Egy sz\u00e9p nap a tornyok alatt<\/a><\/strong><\/p>\n<\/li>\n<\/ul>","protected":false},"excerpt":{"rendered":"","protected":false},"author":1,"featured_media":0,"comment_status":"closed","ping_status":"closed","sticky":false,"template":"","format":"standard","meta":{"_seopress_robots_primary_cat":"none"},"categories":[981],"tags":[183,2265,15],"acf":[],"amp_enabled":true,"_links":{"self":[{"href":"https:\/\/szegederarchivum.hu\/en\/wp-json\/wp\/v2\/posts\/4188"}],"collection":[{"href":"https:\/\/szegederarchivum.hu\/en\/wp-json\/wp\/v2\/posts"}],"about":[{"href":"https:\/\/szegederarchivum.hu\/en\/wp-json\/wp\/v2\/types\/post"}],"author":[{"embeddable":true,"href":"https:\/\/szegederarchivum.hu\/en\/wp-json\/wp\/v2\/users\/1"}],"replies":[{"embeddable":true,"href":"https:\/\/szegederarchivum.hu\/en\/wp-json\/wp\/v2\/comments?post=4188"}],"version-history":[{"count":7,"href":"https:\/\/szegederarchivum.hu\/en\/wp-json\/wp\/v2\/posts\/4188\/revisions"}],"predecessor-version":[{"id":19615,"href":"https:\/\/szegederarchivum.hu\/en\/wp-json\/wp\/v2\/posts\/4188\/revisions\/19615"}],"wp:attachment":[{"href":"https:\/\/szegederarchivum.hu\/en\/wp-json\/wp\/v2\/media?parent=4188"}],"wp:term":[{"taxonomy":"category","embeddable":true,"href":"https:\/\/szegederarchivum.hu\/en\/wp-json\/wp\/v2\/categories?post=4188"},{"taxonomy":"post_tag","embeddable":true,"href":"https:\/\/szegederarchivum.hu\/en\/wp-json\/wp\/v2\/tags?post=4188"}],"curies":[{"name":"wp","href":"https:\/\/api.w.org\/{rel}","templated":true}]}}