{"id":4189,"date":"2019-02-04T13:48:42","date_gmt":"2019-02-04T12:48:42","guid":{"rendered":"https:\/\/szegederarchivum.hu\/?p=4189"},"modified":"2019-09-23T18:50:50","modified_gmt":"2019-09-23T16:50:50","slug":"vati-5","status":"publish","type":"post","link":"https:\/\/szegederarchivum.hu\/en\/vati-5\/","title":{"rendered":"Mit l\u00e1tott, aki len\u00e9zett a D\u00f3mb\u00f3l 80 \u00e9ve?"},"content":{"rendered":"<p><!--more--><\/p>\n<p>Folytat\u00f3dik sorozatunk, melyben bemutatjuk a V\u00e1ros\u00e9p\u00edt\u00e9si Tudom\u00e1nyos \u00e9s Tervez\u0151 Int\u00e9zet f\u00e9nyk\u00e9preperto\u00e1rj\u00e1t. B\u00e1r a V\u00c1TI-felv\u00e9telek \u00e1ltal\u00e1ban kordokument\u00e1ci\u00f3s c\u00e9llal k\u00e9sz\u00fcltek egy esetleges k\u00e9s\u0151bbi utcak\u00e9pe-helyre\u00e1ll\u00edt\u00e1shoz, n\u00e9ha m\u00e9gis \u00fcde sz\u00ednfoltk\u00e9nt tal\u00e1lunk olyan k\u00e9peket, mint a maiak.<\/p>\n<p>A c\u00edmben felvetett k\u00e9rd\u00e9sre 100%-kos v\u00e1laszt kapunk a most k\u00f6vetkez\u0151 n\u00e9gy f\u00e9nyk\u00e9pnek k\u00f6sz\u00f6nhet\u0151en, amik a fogadalmi templom torny\u00e1b\u00f3l k\u00e9sz\u00fcltek.<\/p>\n<p>De tegy\u00fck \u00e9rdekess\u00e9 a mai napot, tal\u00e1ljuk ki, vajon mikor k\u00e9sz\u00fclhettek a felv\u00e9telek. Egy biztos: 1951. el\u0151tt, hiszen ebben az \u00e9vben ker\u00fcltek nyomtat\u00e1sba a\u00a0M\u00fazeumok \u00e9s M\u0171eml\u00e9kek Orsz\u00e1gos K\u00f6zpontja \u00e1ltal Szegedr\u0151l k\u00e9sz\u00edtett v\u00e1rosk\u00e9pi \u00e9s m\u0171eml\u00e9ki vizsg\u00e1lat\u00e1nak k\u00e9zirat\u00e1ban.<\/p>\n<p>&nbsp;<\/p>\n<figure style=\"width: 2715px\" class=\"wp-caption alignnone\"><img decoding=\"async\" loading=\"lazy\" src=\"http:\/\/fototar.lechnerkozpont.hu\/sites\/default\/files\/kepek\/ltk_vati_mv_75_23.jpg\" alt=\"Szeged l\u00c3\u00a1tk\u00c3\u00a9pe a Szent Mikl\u00c3\u00b3s szerb templommal, az egykori Fels\u00c5\u0091bb Le\u00c3\u00a1nyiskol\u00c3\u00a1val \u00c3\u00a9s a Tisz\u00c3\u00a1val\" width=\"2715\" height=\"2056\" \/><figcaption class=\"wp-caption-text\">Szinte lehetetlen felsorolni mennyi minden v\u00e1ltozott a k\u00e9p k\u00e9sz\u00edt\u00e9se \u00f3ta: m\u00e9g \u00f6n\u00e1ll\u00f3 kertje van a szerb templomnak, \u00e1ll a r\u00e9gi r\u00e9gi h\u00edd, a mai M\u00f3ra Ferenc M\u00fazeum is kisebb (pontosabban keskenyebb), \u00e9s persze nem \u00e1ll m\u00e9g a v\u00e1ros perem\u00e9n a paneltenger. De ha m\u00e1r v\u00edz, \u00e9rdekes egy hosszasabb pillant\u00e1st vetni \u00dajszeged fel\u00e9, ahol a Tisza egyszer\u0171en hatalmas, a main\u00e1l vagy k\u00e9tszer sz\u00e9lesebb. \u00c9s persze az \u00e9vsz\u00e1m, nos, a h\u00edd m\u00e9g \u00e1ll, teh\u00e1t egyel\u0151re l\u0151j\u00fck be magunkat 1944. el\u0151ttre. Fot\u00f3: V\u00c1TI \/ Lechner Fot\u00f3t\u00e1r<\/figcaption><\/figure>\n<p>&nbsp;<\/p>\n<figure style=\"width: 2774px\" class=\"wp-caption alignnone\"><img decoding=\"async\" loading=\"lazy\" src=\"http:\/\/fototar.lechnerkozpont.hu\/sites\/default\/files\/kepek\/ltk_vati_mv_75_45.jpg\" alt=\"Szeged l\u00c3\u00a1tk\u00c3\u00a9pe a Szent Mikl\u00c3\u00b3s szerb ortodox templommal\" width=\"2774\" height=\"2132\" \/><figcaption class=\"wp-caption-text\">Ez a fot\u00f3 nem csak abban k\u00fcl\u00f6nb\u00f6zik, hogy kiss\u00e9 m\u00e1s sz\u00f6gb\u0151l l\u00e1thatjuk azt, amit az el\u0151bb, hanem abban is, hogy m\u00e1skor k\u00e9sz\u00fclt. Err\u0151l a Tisza v\u00edz\u00e1ll\u00e1sa \u00e1rulkodik, de a hangulatb\u00f3l \u00e9s a f\u00e9nyekb\u0151l \u00edt\u00e9lve a k\u00fcl\u00f6nbs\u00e9g legfeljebb p\u00e1r nap, esetleg h\u00e9t lehet, az \u00e9vsz\u00e1m val\u00f3sz\u00edn\u0171leg egyezik az el\u0151z\u0151 k\u00e9p\u00e9vel, b\u00e1rmi is legyen az. Fot\u00f3: V\u00c1TI \/ Lechner Fot\u00f3t\u00e1r<\/figcaption><\/figure>\n<p>&nbsp;<\/p>\n<!-- Error, Advert is not available at this time due to schedule\/geolocation restrictions! -->\n<p>&nbsp;<\/p>\n<figure style=\"width: 2711px\" class=\"wp-caption alignnone\"><img decoding=\"async\" loading=\"lazy\" src=\"http:\/\/fototar.lechnerkozpont.hu\/sites\/default\/files\/kepek\/ltk_vati_mv_75_24.jpg\" alt=\"Szeged l\u00c3\u00a1tk\u00c3\u00a9pe\" width=\"2711\" height=\"2064\" \/><figcaption class=\"wp-caption-text\">A Belv\u00e1ros l\u00e1tk\u00e9pe, h\u00e1tt\u00e9rben tem\u00e9rdek gy\u00e1rk\u00e9m\u00e9nnyel, melyeket m\u00e1ra szinte egyt\u0151l egyig lebontottak. Nem sok jel \u00e1rulkodik, de a f\u00e9nyk\u00e9pez\u0151 szem\u00e9ly helyzet\u00e9t vehetj\u00fck most kiindul\u00f3pontnak. Vajon mi\u00e9rt \u00e1llt ilyen alacsonyan, mi\u00e9rt nem ment magasabbra a toronyban? Lehet, hogy a torony m\u00e9g el sem k\u00e9sz\u00fclt, hiszen a D\u00f3mot csak 1930-ban szentelt\u00e9k fel, a h\u00faszas \u00e9vekben m\u00e9g b\u0151szen folytak a munk\u00e1latai. Fot\u00f3: V\u00c1TI \/ Lechner Fot\u00f3t\u00e1r<\/figcaption><\/figure>\n<p>&nbsp;<\/p>\n<figure style=\"width: 2840px\" class=\"wp-caption alignnone\"><img decoding=\"async\" loading=\"lazy\" src=\"http:\/\/fototar.lechnerkozpont.hu\/sites\/default\/files\/kepek\/ltk_vati_mv_75_28.jpg\" alt=\"Tiszaparti r\u00c3\u00a9szlet Szegeden a klinik\u00c3\u00a1k \u00c3\u00a9p\u00c3\u00bcleteivel\" width=\"2840\" height=\"2094\" \/><figcaption class=\"wp-caption-text\">\u00dajszegedi l\u00e1tk\u00e9p, el\u0151t\u00e9rben az \u00faj Klinik\u00e1k v\u00e1rosr\u00e9sszel. Hogy micsoda? \u00daj? N\u00e9zz\u00fck csak meg jobban! J\u00f3l l\u00e1tszik, hogy b\u00e1r az \u00e9p\u00fcletek m\u00e1r elk\u00e9sz\u00fcltek, a terepmunka m\u00e9g zajlik. A klinikai t\u00f6mb\u00f6ket nagyj\u00e1b\u00f3l a D\u00f3mmal p\u00e1rhuzamosan fejezt\u00e9k be, \u00edgy a legval\u00f3sz\u00edn\u0171bb, hogy a sz\u00f3ban forg\u00f3 nap, amikor a V\u00c1TI munkat\u00e1rsa felm\u00e1szott a templomba f\u00e9nyk\u00e9pezni, 1928 k\u00f6z\u00fcl lehetett. Fot\u00f3: V\u00c1TI \/ Lechner Fot\u00f3t\u00e1r<\/figcaption><\/figure>\n<p>&nbsp;<\/p>\n<p>A sorozat kor\u00e1bbi r\u00e9szei:<\/p>\n<ul>\n<li>\n<p class=\"entry-title\"><strong><a href=\"https:\/\/szegederarchivum.hu\/fenykepek-megsargult-papirdobozokbol\/\" target=\"_blank\" rel=\"noopener noreferrer\">F\u00e9nyk\u00e9pek megs\u00e1rgult pap\u00edrdobozokb\u00f3l<\/a><\/strong><\/p>\n<\/li>\n<li>\n<p class=\"entry-title\"><strong><a href=\"https:\/\/szegederarchivum.hu\/ez-nem-az-a-szeged-amit-mi-ismerunk\/\" target=\"_blank\" rel=\"noopener noreferrer\">Ez nem az a Szeged, amit mi ismer\u00fcnk<\/a><\/strong><\/p>\n<\/li>\n<li>\n<p class=\"entry-title\"><strong><a href=\"https:\/\/szegederarchivum.hu\/egy-szep-nap-a-tornyok-alatt\/\" target=\"_blank\" rel=\"noopener noreferrer\">Egy sz\u00e9p nap a tornyok alatt<\/a><\/strong><\/p>\n<\/li>\n<li>\n<p class=\"entry-title\"><strong><a href=\"https:\/\/szegederarchivum.hu\/vati-4\/\" target=\"_blank\" rel=\"noopener noreferrer\">Ilyen volt Szegeden s\u00e9t\u00e1lni 70 \u00e9vvel ezel\u0151tt<\/a><\/strong><\/p>\n<\/li>\n<\/ul>","protected":false},"excerpt":{"rendered":"","protected":false},"author":1,"featured_media":0,"comment_status":"closed","ping_status":"closed","sticky":false,"template":"","format":"standard","meta":{"_seopress_robots_primary_cat":"none"},"categories":[981],"tags":[183,15],"acf":[],"amp_enabled":true,"_links":{"self":[{"href":"https:\/\/szegederarchivum.hu\/en\/wp-json\/wp\/v2\/posts\/4189"}],"collection":[{"href":"https:\/\/szegederarchivum.hu\/en\/wp-json\/wp\/v2\/posts"}],"about":[{"href":"https:\/\/szegederarchivum.hu\/en\/wp-json\/wp\/v2\/types\/post"}],"author":[{"embeddable":true,"href":"https:\/\/szegederarchivum.hu\/en\/wp-json\/wp\/v2\/users\/1"}],"replies":[{"embeddable":true,"href":"https:\/\/szegederarchivum.hu\/en\/wp-json\/wp\/v2\/comments?post=4189"}],"version-history":[{"count":10,"href":"https:\/\/szegederarchivum.hu\/en\/wp-json\/wp\/v2\/posts\/4189\/revisions"}],"predecessor-version":[{"id":22383,"href":"https:\/\/szegederarchivum.hu\/en\/wp-json\/wp\/v2\/posts\/4189\/revisions\/22383"}],"wp:attachment":[{"href":"https:\/\/szegederarchivum.hu\/en\/wp-json\/wp\/v2\/media?parent=4189"}],"wp:term":[{"taxonomy":"category","embeddable":true,"href":"https:\/\/szegederarchivum.hu\/en\/wp-json\/wp\/v2\/categories?post=4189"},{"taxonomy":"post_tag","embeddable":true,"href":"https:\/\/szegederarchivum.hu\/en\/wp-json\/wp\/v2\/tags?post=4189"}],"curies":[{"name":"wp","href":"https:\/\/api.w.org\/{rel}","templated":true}]}}